{"id":18441,"date":"2020-03-19T23:31:56","date_gmt":"2020-03-19T23:31:56","guid":{"rendered":"https:\/\/redsemlac.com\/semmexico\/?p=18441"},"modified":"2023-07-21T15:23:04","modified_gmt":"2023-07-21T20:23:04","slug":"mascarilla-19-la-clave-para-las-victimas-de-violencia-de-genero","status":"publish","type":"post","link":"https:\/\/redsemlac.com\/semmexico\/mascarilla-19-la-clave-para-las-victimas-de-violencia-de-genero\/","title":{"rendered":"\u201cMascarilla 19\u201d, la clave para las v\u00edctimas de violencia de g\u00e9nero"},"content":{"rendered":"\n<p class=\"wp-block-paragraph\"><strong>* Riesgo en la casa por vivir con los\nagresores o en las calles que est\u00e1n vac\u00edas<\/strong><\/p>\n\n\n\n<p class=\"wp-block-paragraph\"><strong>* Ahora m\u00e1s que nunca, colaboraci\u00f3n\nciudadana<\/strong><\/p>\n\n\n\n<p class=\"wp-block-paragraph\"><strong>Raquel Zapata Gonz\u00e1lez<\/strong><\/p>\n\n\n\n<p class=\"wp-block-paragraph\">SemM\u00e9xico\/AmecoPress,\nMadrid, 19 de marzo 2020.-&nbsp;La cuarentena que se puso en marcha en Espa\u00f1a\nel pasado d\u00eda 14 es, sin duda, una medida necesaria para acabar con la\npropagaci\u00f3n entre personas de Covid-19. Sin embargo,&nbsp;la reclusi\u00f3n en los\ndomicilios y la limitaci\u00f3n de la libre circulaci\u00f3n aumenta exponencialmente el\npeligro para las mujeres que sufren violencia machista. Con el lema \u201cContra la\nviolencia de g\u00e9nero, Mascarilla 19\u201d, el Instituto Canario de Igualdad (ICI) y\ndos colegios farmac\u00e9uticos provinciales, han desarrollado una iniciativa para\nque las mujeres que se encuentran en peligro puedan dar aviso de su situaci\u00f3n\npidiendo la \u201cMascarilla 19\u201d en las farmacias.<\/p>\n\n\n\n<p class=\"wp-block-paragraph\">La\ncampa\u00f1a, que ha sido difundida este martes, tiene como objetivo ayudar a\naquellas mujeres que se encuentren en una situaci\u00f3n de riesgo donde su\nintegridad f\u00edsica, psicol\u00f3gica o sexual corre peligro. Kika Fumero, directora\ndel ICI, resalta la gran preocupaci\u00f3n que se ha generado entre las y los\nprofesionales en estudios de g\u00e9nero ya que \u201cel confinamiento en sus respectivos\nhogares supone, bien la convivencia 24 horas con sus agresores o bien la\noportunidad de ser agredidas sexualmente en las calles con mayor facilidad al\nencontrarse estas pr\u00e1cticamente vac\u00edas\u201d.<\/p>\n\n\n\n<p class=\"wp-block-paragraph\">\u201cMascarilla\n19\u201d&nbsp;es la clave que pueden utilizar en las farmacias de Canarias aquellas\nmujeres que se encuentren en peligro, que son tanto las que est\u00e1n en situaci\u00f3n\nde riesgo en su entorno familiar como aquellas que se encuentran en la calle y\nhan tenido alg\u00fan problema en la v\u00eda p\u00fablica. Tras la petici\u00f3n clave,&nbsp;el\npersonal farmac\u00e9utico sabe que debe realizar una llamada por violencia de\ng\u00e9nero al 112&nbsp;para alertar de la situaci\u00f3n, con lo que se activar\u00e1 el\nprotocolo de atenci\u00f3n que se requiera en cada caso. Desde el tel\u00e9fono de\nemergencias se guiar\u00e1 debidamente al personal farmac\u00e9utico de los pasos que\ndebe seguir en cada momento.<\/p>\n\n\n\n<p class=\"wp-block-paragraph\">Ante\nesta situaci\u00f3n originada a causa del Coronavirus, por la que ya ha pasado China\ny actualmente est\u00e1 pasando Italia junto a Espa\u00f1a, se han registrado datos de\nque existe un&nbsp;aumento de los niveles de violencia sobre las mujeres.\nFumero, presenta la iniciativa desarrollada por el Instituto Canario de\nIgualdad y los colegios farmac\u00e9uticos oficiales de Las Palmas y Santa Cruz de\nTenerife, como \u201cun reto colectivo para contener la curva del coronavirus sin\ndisparar la violencia de g\u00e9nero\u201d.<\/p>\n\n\n\n<p class=\"wp-block-paragraph\">Aunque\nesta medida puede echar una mano a muchas mujeres, hay otras a las que no se va\na poder ayudar, aquellas que est\u00e1n recluidas totalmente debido, por un lado, a\nque su maltratador no las deja salir de casa y, por otro lado, a que no cuentan\ncon ninguna red o n\u00famero de tel\u00e9fono seguro, ya que est\u00e1n constantemente\nvigiladas.<\/p>\n\n\n\n<p class=\"wp-block-paragraph\">Desde\nel Ministerio de Igualdad tambi\u00e9n han mostrado su preocupaci\u00f3n ante esta\nsituaci\u00f3n y, viendo que el confinamiento durante la cuarentena a\u00edsla a v\u00edctimas\ncon agresores, han aprobado un&nbsp;Plan de Contingencia contra la violencia\nmachista&nbsp;con el objetivo de proteger a las mujeres, ni\u00f1as y ni\u00f1os que la\nsufren.<\/p>\n\n\n\n<p class=\"wp-block-paragraph\">Esta\niniciativa ha sido alabada a trav\u00e9s de las redes sociales, en las que se pod\u00edan\nleer comentarios donde se ped\u00eda que se implantara en toda Espa\u00f1a ya que\nactualmente solo est\u00e1 disponible en las Islas Canarias.<\/p>\n\n\n\n<p class=\"wp-block-paragraph\"><strong>Ahora m\u00e1s que nunca, colaboraci\u00f3n\nciudadana<\/strong><\/p>\n\n\n\n<p class=\"wp-block-paragraph\">\u201cSomos\nmuy conscientes de que aquello que es positivo y efectivo para frenar la curva\ndel Coronavirus, puede ser contraproducente para muchas mujeres y menores\u201d,\nescrib\u00eda Fumero en la carta que ha enviado a ambos colegios farmac\u00e9uticos. De\nla misma forma que la reclusi\u00f3n puede llegar a ser contraproducente para\nalgunas mujeres, difundir de forma masiva en qu\u00e9 consiste la iniciativa\n\u201cMascarilla 19\u201d puede alertar a los agresores y maltratadores de que las\nmujeres disponen de esta v\u00eda para denunciarlos, lo cual anular\u00eda la seguridad\nde la que disponen las v\u00edctimas al recurrir a este medio durante la cuarentena.<\/p>\n\n\n\n<p class=\"wp-block-paragraph\">Tal\nvez,&nbsp;compartirlo por las redes sociales no es lo m\u00e1s efectivo&nbsp;ya que\npuede ocasionar que los agresores impidan que las mujeres salgan a la calle\npara pedir ayuda. Ahora m\u00e1s que nunca se necesita la colaboraci\u00f3n ciudadana\npara vencer a la violencia de g\u00e9nero, por ello, es importante que si alg\u00fan\nvecino o vecina escucha algo que le hace sospechar de que en una unidad\nfamiliar se est\u00e1 dando una situaci\u00f3n de maltrato, se implique y llame a las\nautoridades competentes para ofrecer la ayuda necesaria.&nbsp;El 016 sigue\natendiendo llamadas.<\/p>\n\n\n\n<p class=\"wp-block-paragraph\">Para\nque esta ayuda no pierda eficacia puedes colaborar con la difusi\u00f3n de esta\niniciativa comparti\u00e9ndola a trav\u00e9s de mensajes privados a las mujeres que\nconozcas, pidi\u00e9ndoles que ellas la difundan a sus amigas y conocidas. Adem\u00e1s,\npara dar a conocer esta medida lo justo y necesario, las farmacias instalar\u00e1n\nvarios carteles informativos en lugares visibles y estrat\u00e9gicos de las islas.<\/p>\n\n\n\n<p class=\"wp-block-paragraph\">SEM-AmecoPress\/rzg<\/p>\n","protected":false},"excerpt":{"rendered":"<p>Ahora m\u00e1s que nunca, colaboraci\u00f3n ciudadana<\/p>\n","protected":false},"author":3,"featured_media":18439,"comment_status":"open","ping_status":"open","sticky":false,"template":"","format":"standard","meta":{"_monsterinsights_skip_tracking":false,"footnotes":""},"categories":[691,135],"tags":[],"class_list":["post-18441","post","type-post","status-publish","format-standard","has-post-thumbnail","category-691","category-emergencia-sanitaria-covid-19"],"_links":{"self":[{"href":"https:\/\/redsemlac.com\/semmexico\/wp-json\/wp\/v2\/posts\/18441","targetHints":{"allow":["GET"]}}],"collection":[{"href":"https:\/\/redsemlac.com\/semmexico\/wp-json\/wp\/v2\/posts"}],"about":[{"href":"https:\/\/redsemlac.com\/semmexico\/wp-json\/wp\/v2\/types\/post"}],"author":[{"embeddable":true,"href":"https:\/\/redsemlac.com\/semmexico\/wp-json\/wp\/v2\/users\/3"}],"replies":[{"embeddable":true,"href":"https:\/\/redsemlac.com\/semmexico\/wp-json\/wp\/v2\/comments?post=18441"}],"version-history":[{"count":0,"href":"https:\/\/redsemlac.com\/semmexico\/wp-json\/wp\/v2\/posts\/18441\/revisions"}],"wp:featuredmedia":[{"embeddable":true,"href":"https:\/\/redsemlac.com\/semmexico\/wp-json\/wp\/v2\/media\/18439"}],"wp:attachment":[{"href":"https:\/\/redsemlac.com\/semmexico\/wp-json\/wp\/v2\/media?parent=18441"}],"wp:term":[{"taxonomy":"category","embeddable":true,"href":"https:\/\/redsemlac.com\/semmexico\/wp-json\/wp\/v2\/categories?post=18441"},{"taxonomy":"post_tag","embeddable":true,"href":"https:\/\/redsemlac.com\/semmexico\/wp-json\/wp\/v2\/tags?post=18441"}],"curies":[{"name":"wp","href":"https:\/\/api.w.org\/{rel}","templated":true}]}}