{"id":18354,"date":"2020-03-18T21:12:36","date_gmt":"2020-03-18T21:12:36","guid":{"rendered":"https:\/\/redsemlac.com\/semmexico\/?p=18354"},"modified":"2023-07-21T15:23:06","modified_gmt":"2023-07-21T20:23:06","slug":"guerrero-139","status":"publish","type":"post","link":"https:\/\/redsemlac.com\/semmexico\/guerrero-139\/","title":{"rendered":"Buscan aumentar penas por violencia dom\u00e9stica en Guerrero"},"content":{"rendered":"\n<p class=\"wp-block-paragraph\"><strong>Josefina Aguilar Pastor\u00a0<\/strong><\/p>\n\n\n\n<p class=\"wp-block-paragraph\">SemM\u00e9xico. Chilpancingo, Guerrero, 18 de marzo de 2020.- Propone la diputada de Morena, Itallitzin Garc\u00eda Guill\u00e9n, incrementar las penas de tres a siete a\u00f1os de c\u00e1rcel a quien ejerza violencia familiar en el estado de Guerrero, actualmente se establece de 1 a 5 a\u00f1os.<\/p>\n\n\n\n<p class=\"wp-block-paragraph\">En la sesi\u00f3n de este martes, la diputada de Morena, present\u00f3 una propuesta para reformar art\u00edculo 198 del C\u00f3digo Penal para el Estado de Guerrero, para aumentar la penalidad para el delito de violencia familiar, refiri\u00f3 que&nbsp;el 3 de marzo del a\u00f1o en curso, el Congreso de la Uni\u00f3n reform\u00f3 tanto el C\u00f3digo Penal Federal como C\u00f3digo Nacional de Procedimientos Penales, tipific\u00e1ndolo como delito grave, por lo que la legislaci\u00f3n local, tiene que armonizarse&nbsp;<\/p>\n\n\n\n<p class=\"wp-block-paragraph\">\u201cDe tal manera que podamos contribuir desde nuestra trinchera para la erradicaci\u00f3n de la violencia familiar y el fomento de nuevas relaciones de convivencia familiar fundadas en la equidad, la justicia, la tolerancia y el respeto\u201d, esgrimi\u00f3 la legisladora.<\/p>\n\n\n\n<p class=\"wp-block-paragraph\">Garc\u00eda Guill\u00e9n destac\u00f3 la necesidad de implementar acciones como la elaboraci\u00f3n de pol\u00edticas p\u00fablicas que favorezcan una vida libre de violencia para todas y todos los guerrerenses, y no seguir permitiendo que una mujer o un menor reciban golpes o lesiones que los deje al borde de la muerte, \u201cpor ello, se debe dar un primer paso endureciendo el marco legal, mismo que deber\u00e1 proteger y ofrecer todas las garant\u00edas para las personas que sufren de violencia familiar en el estado de Guerrero\u201d, recalc\u00f3.<\/p>\n\n\n\n<p class=\"wp-block-paragraph\">Refiri\u00f3 que tan solo en Guerrero, se tiene registrado que en el a\u00f1o 2017 hubo un total de mil 041 v\u00edctimas de delito de violencia familiar, y va a la alza.&nbsp;<\/p>\n\n\n\n<p class=\"wp-block-paragraph\">Defini\u00f3 que la violencia intrafamiliar o violencia dom\u00e9stica, es una situaci\u00f3n de abuso de poder o maltrato f\u00edsico o psicol\u00f3gico, de un miembro de la familia sobre todo. Puede manifestarse a trav\u00e9s de golpes e incidentes graves, como tambi\u00e9n insultos, manejo econ\u00f3mico, amenazas, chantajes, control&nbsp;de las actividades, abuso sexual, aislamiento de familiares y amistades, prohibici\u00f3n a trabajar fuera de la casa, abandono afectivo, humillaciones o no respetar las opiniones.<\/p>\n\n\n\n<p class=\"wp-block-paragraph\">Se da b\u00e1sicamente por tres factores;&nbsp;&nbsp;la falta de control de impulsos, la carencia afectiva y la incapacidad para resolver problemas adecuadamente; adem\u00e1s de que en algunas personas podr\u00edan aparecer situaciones&nbsp;de abuso de alcohol y drogas. En M\u00e9xico, remarc\u00f3 Garc\u00eda Guill\u00e9n,&nbsp;la violencia familiar est\u00e1 muy marcada por el hecho de que se da el machismo en muchos lugares, principalmente rurales y pobres.<\/p>\n\n\n\n<p class=\"wp-block-paragraph\">La propuesta establece que, quien teniendo la calidad de c\u00f3nyuge, concubina o concubinario, pariente consangu\u00edneo en l\u00ednea recta ascendente o descendente sin limitaci\u00f3n de grado, pariente colateral consangu\u00edneo o af\u00edn hasta el cuarto grado, adoptante o adoptado, maltrate f\u00edsica o psicoemocionalmente a un miembro de la familia, o cuando exista alienaci\u00f3n parental, se le impondr\u00e1n de tres a siete a\u00f1os de prisi\u00f3n, p\u00e9rdida de los derechos que tenga respecto de la v\u00edctima por el doble del t\u00e9rmino de la pena de prisi\u00f3n impuesta, incluidos los de car\u00e1cter sucesorio y prohibici\u00f3n de ir a un lugar determinado o residir en \u00e9l. Fue turnada a la Comisi\u00f3n de Estudios Constitucionales y Jur\u00eddicos, para su an\u00e1lisis y dictaminaci\u00f3n.<\/p>\n","protected":false},"excerpt":{"rendered":"<p>Incrementar las penas de tres a siete a\u00f1os de c\u00e1rcel a quien ejerza violencia familiar en el estado de Guerrero, actualmente se establece de 1 a 5 a\u00f1os.<\/p>\n","protected":false},"author":3,"featured_media":18355,"comment_status":"open","ping_status":"open","sticky":false,"template":"","format":"standard","meta":{"_monsterinsights_skip_tracking":false,"footnotes":""},"categories":[691,50],"tags":[],"class_list":["post-18354","post","type-post","status-publish","format-standard","has-post-thumbnail","category-691","category-congreso"],"_links":{"self":[{"href":"https:\/\/redsemlac.com\/semmexico\/wp-json\/wp\/v2\/posts\/18354","targetHints":{"allow":["GET"]}}],"collection":[{"href":"https:\/\/redsemlac.com\/semmexico\/wp-json\/wp\/v2\/posts"}],"about":[{"href":"https:\/\/redsemlac.com\/semmexico\/wp-json\/wp\/v2\/types\/post"}],"author":[{"embeddable":true,"href":"https:\/\/redsemlac.com\/semmexico\/wp-json\/wp\/v2\/users\/3"}],"replies":[{"embeddable":true,"href":"https:\/\/redsemlac.com\/semmexico\/wp-json\/wp\/v2\/comments?post=18354"}],"version-history":[{"count":0,"href":"https:\/\/redsemlac.com\/semmexico\/wp-json\/wp\/v2\/posts\/18354\/revisions"}],"wp:featuredmedia":[{"embeddable":true,"href":"https:\/\/redsemlac.com\/semmexico\/wp-json\/wp\/v2\/media\/18355"}],"wp:attachment":[{"href":"https:\/\/redsemlac.com\/semmexico\/wp-json\/wp\/v2\/media?parent=18354"}],"wp:term":[{"taxonomy":"category","embeddable":true,"href":"https:\/\/redsemlac.com\/semmexico\/wp-json\/wp\/v2\/categories?post=18354"},{"taxonomy":"post_tag","embeddable":true,"href":"https:\/\/redsemlac.com\/semmexico\/wp-json\/wp\/v2\/tags?post=18354"}],"curies":[{"name":"wp","href":"https:\/\/api.w.org\/{rel}","templated":true}]}}