{"id":18269,"date":"2020-03-14T19:18:35","date_gmt":"2020-03-14T19:18:35","guid":{"rendered":"https:\/\/redsemlac.com\/semmexico\/?p=18269"},"modified":"2023-07-21T15:21:28","modified_gmt":"2023-07-21T20:21:28","slug":"aprueban-resolucion-sobre-paridad-al-interior-de-la-oea","status":"publish","type":"post","link":"https:\/\/redsemlac.com\/semmexico\/aprueban-resolucion-sobre-paridad-al-interior-de-la-oea\/","title":{"rendered":"Aprueban resoluci\u00f3n sobre paridad al interior de la OEA"},"content":{"rendered":"\n<p class=\"wp-block-paragraph\"><strong>Redacci\u00f3n<\/strong><\/p>\n\n\n\n<p class=\"wp-block-paragraph\">SemM\u00e9xico. Washington DC. 14 de marzo de 2020. \u2013 En el marco\nde una sesi\u00f3n extraordinaria para conmemorar el D\u00eda Internacional de la Mujer,\nel Consejo Permanente de la Organizaci\u00f3n de los Estados Americanos (OEA) aprob\u00f3\npor unanimidad y aclamaci\u00f3n la resoluci\u00f3n Representaci\u00f3n y Participaci\u00f3n de las\nMujeres en la OEA, que exige la paridad en los puestos de decisi\u00f3n, paneles,\nmisiones y comisiones al interior de la OEA, as\u00ed como el fortalecimiento de la\nComisi\u00f3n Interamericana de Mujeres (CIM) para el avance de la agenda de la\nigualdad y el seguimiento a las recomendaciones a los Estados Miembros\nformuladas por las Misiones de Observaci\u00f3n Electoral de la OEA.<\/p>\n\n\n\n<p class=\"wp-block-paragraph\">La elaboraci\u00f3n de la resoluci\u00f3n cont\u00f3 con la asesor\u00eda de la\nCIM, encabezada por su Secretaria Ejecutiva, Alejandra Mora Mora, quien destac\u00f3\nla relevancia de una diplomacia activa y aceleradora de la igualdad se\u00f1alando\nque \u201ceste Consejo cuenta con una presencia mayoritaria de Embajadores capaces\nde sentirse parte de la igualdad y con el liderazgo colectivo de las\nEmbajadoras que propusieron esta resoluci\u00f3n\u201d. Asimismo, la Secretaria aprovech\u00f3\nde reconocer los avances y el impacto del movimiento feminista en la regi\u00f3n,\nas\u00ed como destacar las luchas cotidianas de mujeres, tanto en el espacio p\u00fablico\ncomo en el privado.<\/p>\n\n\n\n<p class=\"wp-block-paragraph\">La resoluci\u00f3n fue liderada por la Representante Permanente\nde Panam\u00e1 ante la OEA, Embajadora Mar\u00eda Roquebert Le\u00f3n, con el apoyo de la\nRepresentante Permanente de Costa Rica, Embajadora Montserrat Solano Carboni y\nla Representante Permanente de M\u00e9xico, Embajadora Luz Elena Ba\u00f1os Rivas. La\nEmbajadora Roquebert resalt\u00f3 la importancia de tomar acci\u00f3n inmediata para\ngarantizar la participaci\u00f3n y representaci\u00f3n de las mujeres como condici\u00f3n\nindispensable para el fortalecimiento de la democracia. \u201cLas mujeres\nrepresentan el 50% de la poblaci\u00f3n mundial, por lo que deben estar\nrepresentadas en todos los \u00e1mbitos, incluyendo el pol\u00edtico\u201d, concluy\u00f3 la Embajadora.<\/p>\n\n\n\n<p class=\"wp-block-paragraph\">Por su parte, el Secretario General de la OEA, Luis Almagro,\nexpres\u00f3 su compromiso pleno con los derechos de las mujeres.&nbsp; \u201cLograr la paridad en la OEA, que es lo que\nplantea la resoluci\u00f3n de hoy, tiene un valor en s\u00ed mismo, pero tambi\u00e9n es\ninstrumental: debemos predicar con el ejemplo y para ello apostaremos por la\nparidad en el hemisferio desde una OEA paritaria\u201d, dijo el Secretario General\nde la OEA.<\/p>\n\n\n\n<p class=\"wp-block-paragraph\">La aprobaci\u00f3n de esta resoluci\u00f3n se suma a las acciones que\nha realizado la CIM en la identificaci\u00f3n de aceleradores para la igualdad, que\nuna vez aprobadas por las Ministras de la Mujer y altas autoridades de g\u00e9nero\nde la regi\u00f3n, ser\u00e1 el documento de posicionamiento de cara al Foro de\nEvaluaci\u00f3n de los 25 a\u00f1os Plataforma de Acci\u00f3n de Beijing. Este documento\nrecoge y destaca los tres ejes estrat\u00e9gicos de la CIM: la prevenci\u00f3n de la\nviolencia feminicida; el reconocimiento del trabajo no remunerado y cuidado\npara el empoderamiento econ\u00f3mico de las mujeres; y la paridad en todos los\nespacios de toma de decisi\u00f3n y como un requisito para garantizar democracias\nsostenibles.<\/p>\n\n\n\n<p class=\"wp-block-paragraph\">La CIM\/OEA es el principal foro pol\u00edtico de la regi\u00f3n para\nel reconocimiento de los derechos humanos de las mujeres y la igualdad de\ng\u00e9nero. Desde su creaci\u00f3n en 1928, la CIM ha jugado un rol predominante y\nestrat\u00e9gico en la promoci\u00f3n de los derechos de las mujeres en el\nhemisferio.&nbsp; <\/p>\n","protected":false},"excerpt":{"rendered":"<p>Reconocer los avances y el impacto del movimiento feminista en la regi\u00f3n, as\u00ed como destacar las luchas cotidianas de mujeres, tanto en el espacio p\u00fablico como en el privado.<\/p>\n","protected":false},"author":3,"featured_media":18270,"comment_status":"open","ping_status":"open","sticky":false,"template":"","format":"standard","meta":{"_monsterinsights_skip_tracking":false,"footnotes":""},"categories":[691,53],"tags":[],"class_list":["post-18269","post","type-post","status-publish","format-standard","has-post-thumbnail","category-691","category-internacional"],"_links":{"self":[{"href":"https:\/\/redsemlac.com\/semmexico\/wp-json\/wp\/v2\/posts\/18269","targetHints":{"allow":["GET"]}}],"collection":[{"href":"https:\/\/redsemlac.com\/semmexico\/wp-json\/wp\/v2\/posts"}],"about":[{"href":"https:\/\/redsemlac.com\/semmexico\/wp-json\/wp\/v2\/types\/post"}],"author":[{"embeddable":true,"href":"https:\/\/redsemlac.com\/semmexico\/wp-json\/wp\/v2\/users\/3"}],"replies":[{"embeddable":true,"href":"https:\/\/redsemlac.com\/semmexico\/wp-json\/wp\/v2\/comments?post=18269"}],"version-history":[{"count":0,"href":"https:\/\/redsemlac.com\/semmexico\/wp-json\/wp\/v2\/posts\/18269\/revisions"}],"wp:featuredmedia":[{"embeddable":true,"href":"https:\/\/redsemlac.com\/semmexico\/wp-json\/wp\/v2\/media\/18270"}],"wp:attachment":[{"href":"https:\/\/redsemlac.com\/semmexico\/wp-json\/wp\/v2\/media?parent=18269"}],"wp:term":[{"taxonomy":"category","embeddable":true,"href":"https:\/\/redsemlac.com\/semmexico\/wp-json\/wp\/v2\/categories?post=18269"},{"taxonomy":"post_tag","embeddable":true,"href":"https:\/\/redsemlac.com\/semmexico\/wp-json\/wp\/v2\/tags?post=18269"}],"curies":[{"name":"wp","href":"https:\/\/api.w.org\/{rel}","templated":true}]}}