{"id":18245,"date":"2020-03-11T22:22:00","date_gmt":"2020-03-11T22:22:00","guid":{"rendered":"https:\/\/redsemlac.com\/semmexico\/?p=18245"},"modified":"2023-07-21T15:21:29","modified_gmt":"2023-07-21T20:21:29","slug":"michoacan-19","status":"publish","type":"post","link":"https:\/\/redsemlac.com\/semmexico\/michoacan-19\/","title":{"rendered":"Reconocen activismo social de mujeres ind\u00edgenas michoacanas en la defensa de sus derechos"},"content":{"rendered":"\n<ul class=\"wp-block-list\"><li><strong>La CEDPI\nmantiene activas las acciones en favor de la atenci\u00f3n y el desarrollo de las\nmujeres a trav\u00e9s de gesti\u00f3n, capacitaci\u00f3n y atenci\u00f3n de las violencias de\nG\u00e9nero<\/strong><\/li><\/ul>\n\n\n\n<p class=\"wp-block-paragraph\"><strong>Redacci\u00f3n<\/strong><\/p>\n\n\n\n<p class=\"wp-block-paragraph\">Morelia, Michoac\u00e1n, a 11 de marzo de 2020.- Las acciones a\nfavor de la eliminaci\u00f3n de la violencia en las comunidades Ind\u00edgenas,\npromovidas por el Gobierno de Silvano Aureoles, generan apertura para que las\nl\u00edderes comunitarias marquen un precedente hist\u00f3rico en la protecci\u00f3n de los\nderechos de la mujer ind\u00edgena.<\/p>\n\n\n\n<p class=\"wp-block-paragraph\">Lo anterior fue informado por Domingo Santiago Gregorio,\ntitular de la Comisi\u00f3n Estatal para el Desarrollo de los Pueblos Ind\u00edgenas\n(CEDPI), quien explic\u00f3 que a partir de los casos de violencia de g\u00e9nero que han\nido al alza en los \u00faltimos a\u00f1os, se han desarrollado acciones preventivas desde\nla instituci\u00f3n, como la impartici\u00f3n de talleres a mujeres y j\u00f3venes para\nvisibilizar las violencias de g\u00e9nero y romper los patrones que a trav\u00e9s de los\na\u00f1os fueron adoptados en la din\u00e1mica social de los pueblos originarios<\/p>\n\n\n\n<p class=\"wp-block-paragraph\">El funcionario destac\u00f3 la gran labor de las l\u00edderes\ncomunitarias, quienes luchan por ejercer sus derechos, como es el caso de\nMarianela Baltazar T\u00e9llez, abogada ind\u00edgena de la comunidad de Tarejero, a\nquien extendi\u00f3 su reconocimiento por recibir la presea Er\u00e9ndira 2020 a la\nperseverancia, y quien ha sido colaboradora en acciones de capacitaci\u00f3n desde\nla CEDPI. Asimismo, reconoci\u00f3 al Colectivo las Baltazar, de la comunidad de\nZopoco, un grupo de mujeres que, tras enfrentar el feminicidio de su madre a\nmanos de su padre se posicionaron en una lucha colectiva en contra de la\nviolencia, discriminaci\u00f3n e injusticia social contra las mujeres.<\/p>\n\n\n\n<p class=\"wp-block-paragraph\">Desde la CEDPI se reconocen y mantienen acciones activas a\nfavor de la protecci\u00f3n jur\u00eddica y buen desarrollo de las mujeres, reforzando el\norgullo que es ser una mujer ind\u00edgena, y en contra de cualquier discriminaci\u00f3n,\nadem\u00e1s de realizarse un trabajo transversal con otras dependencias\nespecializadas en los temas de g\u00e9nero, para la atenci\u00f3n de cualquier\ncontingencia, puntualiz\u00f3 Domingo Santiago Gregorio.<\/p>\n\n\n\n<p class=\"wp-block-paragraph\">SEM\/IL<\/p>\n","protected":false},"excerpt":{"rendered":"<p>La CEDPI mantiene activas las acciones en favor de la atenci\u00f3n y el desarrollo de las mujeres a trav\u00e9s de gesti\u00f3n, capacitaci\u00f3n y atenci\u00f3n de las violencias de G\u00e9nero<\/p>\n","protected":false},"author":3,"featured_media":18246,"comment_status":"open","ping_status":"open","sticky":false,"template":"","format":"standard","meta":{"_monsterinsights_skip_tracking":false,"footnotes":""},"categories":[691,51],"tags":[],"class_list":["post-18245","post","type-post","status-publish","format-standard","has-post-thumbnail","category-691","category-ejecutivo"],"_links":{"self":[{"href":"https:\/\/redsemlac.com\/semmexico\/wp-json\/wp\/v2\/posts\/18245","targetHints":{"allow":["GET"]}}],"collection":[{"href":"https:\/\/redsemlac.com\/semmexico\/wp-json\/wp\/v2\/posts"}],"about":[{"href":"https:\/\/redsemlac.com\/semmexico\/wp-json\/wp\/v2\/types\/post"}],"author":[{"embeddable":true,"href":"https:\/\/redsemlac.com\/semmexico\/wp-json\/wp\/v2\/users\/3"}],"replies":[{"embeddable":true,"href":"https:\/\/redsemlac.com\/semmexico\/wp-json\/wp\/v2\/comments?post=18245"}],"version-history":[{"count":0,"href":"https:\/\/redsemlac.com\/semmexico\/wp-json\/wp\/v2\/posts\/18245\/revisions"}],"wp:featuredmedia":[{"embeddable":true,"href":"https:\/\/redsemlac.com\/semmexico\/wp-json\/wp\/v2\/media\/18246"}],"wp:attachment":[{"href":"https:\/\/redsemlac.com\/semmexico\/wp-json\/wp\/v2\/media?parent=18245"}],"wp:term":[{"taxonomy":"category","embeddable":true,"href":"https:\/\/redsemlac.com\/semmexico\/wp-json\/wp\/v2\/categories?post=18245"},{"taxonomy":"post_tag","embeddable":true,"href":"https:\/\/redsemlac.com\/semmexico\/wp-json\/wp\/v2\/tags?post=18245"}],"curies":[{"name":"wp","href":"https:\/\/api.w.org\/{rel}","templated":true}]}}