{"id":18239,"date":"2020-03-10T18:16:00","date_gmt":"2020-03-10T18:16:00","guid":{"rendered":"https:\/\/redsemlac.com\/semmexico\/?p=18239"},"modified":"2023-07-21T15:21:32","modified_gmt":"2023-07-21T20:21:32","slug":"entregan-presea-erendira-a-mujeres-activistas-y-defensoras-de-los-derechos-de-la-mujer","status":"publish","type":"post","link":"https:\/\/redsemlac.com\/semmexico\/entregan-presea-erendira-a-mujeres-activistas-y-defensoras-de-los-derechos-de-la-mujer\/","title":{"rendered":"Entregan presea \u201cEr\u00e9ndira\u201d a mujeres activistas y defensoras de los derechos de la mujer"},"content":{"rendered":"\n<ul class=\"wp-block-list\"><li><strong>Destacan apoyo de Michoac\u00e1n a lucha de las mujeres\u00a0 <\/strong><\/li><li><strong>Galardonadas con la Presea Er\u00e9ndira, reconocieron contribuci\u00f3n del Gobernador en acciones como la implementaci\u00f3n de la Ley Olimpia<\/strong><\/li><\/ul>\n\n\n\n<p class=\"wp-block-paragraph\"><strong>Redacci\u00f3n<\/strong><\/p>\n\n\n\n<p class=\"wp-block-paragraph\">SemM\u00e9xico. Morelia, Michoac\u00e1n. &nbsp;10 de marzo de 2020.- Michoac\u00e1n destaca por\nenarbolar la causa de quienes luchan para alcanzar el anhelado cambio de\nigualdad y respeto a la vida y derechos de las mujeres, reconoci\u00f3 Olimpia\nCoral, una de las galardonadas hoy con la Presea Er\u00e9ndira, junto a sus\ncompa\u00f1eras del Colectivo Defensoras Digitales.<\/p>\n\n\n\n<p class=\"wp-block-paragraph\">&nbsp;\u201cReconocemos el\nmomento en el que Silvano Aureoles vino a luchar por la Ley Olimpia, nos lo\ncumpliste gobernador y a partir de ese momento dimos pasos importantes, que\npodemos ver hoy materializados en Michoac\u00e1n\u201d, puntualiz\u00f3 la activista tras\nrecibir la condecoraci\u00f3n.<\/p>\n\n\n\n<p class=\"wp-block-paragraph\">Destac\u00f3 el apoyo del Gobierno del Estado para impulsar y\npromulgar una Ley que castiga la violencia que parece invisible, como lo es el\nciber acoso y la difusi\u00f3n de im\u00e1genes, audios o video por internet.<\/p>\n\n\n\n<p class=\"wp-block-paragraph\">&nbsp;\u201cYo no tengo la\nfortuna de haber nacido aqu\u00ed, pero tengo la gran fortuna de sentirme m\u00e1s\nmichoacana que nunca, cuando he conocido la gran valent\u00eda y la gran fuerza con\nque las michoacanas luchan a diario\u201d, exclam\u00f3 Olimpia Coral Melo.<\/p>\n\n\n\n<p class=\"wp-block-paragraph\">Con un discurso en lengua Pur\u00e9pecha, Alma Miriam Baltazar,\nintegrante del Colectivo \u201cLas Baltazar\u201d, recibi\u00f3 la Presea Er\u00e9ndira en la\ncategor\u00eda de Defensa a los Derechos Humanos, tema al que le ha dedicado gran\nparte de su vida, tras haber sufrido el feminicidio de su madre, a manos de su\npadre, lo que gener\u00f3 en ella el \u00edmpetu que desencaden\u00f3 en la b\u00fasqueda de\njusticia, que todav\u00eda es de dif\u00edcil acceso cuando el lenguaje se\ninterpone.&nbsp; <\/p>\n\n\n\n<figure class=\"wp-block-gallery columns-2 is-cropped wp-block-gallery-1 is-layout-flex wp-block-gallery-is-layout-flex\"><ul class=\"blocks-gallery-grid\"><li class=\"blocks-gallery-item\"><figure><img decoding=\"async\" src=\"https:\/\/redsemlac.com\/semmexico\/wp-content\/uploads\/2020\/03\/PRESEA-3-1024x682.jpg\" alt=\"\" data-id=\"18242\" data-full-url=\"https:\/\/redsemlac.com\/semmexico\/wp-content\/uploads\/2020\/03\/PRESEA-3.jpg\" data-link=\"https:\/\/redsemlac.com\/semmexico\/?attachment_id=18242\" class=\"wp-image-18242\"\/><\/figure><\/li><li class=\"blocks-gallery-item\"><figure><img decoding=\"async\" src=\"https:\/\/redsemlac.com\/semmexico\/wp-content\/uploads\/2020\/03\/PRESEA-2-1024x682.jpg\" alt=\"\" data-id=\"18241\" data-full-url=\"https:\/\/redsemlac.com\/semmexico\/wp-content\/uploads\/2020\/03\/PRESEA-2.jpg\" data-link=\"https:\/\/redsemlac.com\/semmexico\/?attachment_id=18241\" class=\"wp-image-18241\"\/><\/figure><\/li><li class=\"blocks-gallery-item\"><figure><img decoding=\"async\" src=\"https:\/\/redsemlac.com\/semmexico\/wp-content\/uploads\/2020\/03\/PRESEA-1-1024x682.jpg\" alt=\"\" data-id=\"18240\" data-full-url=\"https:\/\/redsemlac.com\/semmexico\/wp-content\/uploads\/2020\/03\/PRESEA-1.jpg\" data-link=\"https:\/\/redsemlac.com\/semmexico\/?attachment_id=18240\" class=\"wp-image-18240\"\/><\/figure><\/li><\/ul><\/figure>\n\n\n\n<p class=\"wp-block-paragraph\">\u00abEstoy segura que esta Presea Er\u00e9ndira, reconoce nuestras\nvalent\u00edas y nos da la fuerza para seguir y exigir todos los derechos para las\nmujeres pur\u00e9pechas de mi pueblo, gracias\u00bb, se\u00f1al\u00f3 la galardonada. <\/p>\n\n\n\n<p class=\"wp-block-paragraph\">Las Baltazar decidieron posicionarse como defensoras, para\nhacer de la justicia una herramienta para compartirla con mujeres pur\u00e9pecha que\nlo necesiten; se han convertido en icono de lucha para el no maltrato a la\nmujer, postulando la idea de defender los derechos de las otras mujeres, como\nsi fuera la suya.&nbsp; <\/p>\n\n\n\n<p class=\"wp-block-paragraph\">&nbsp;\u201cA nombre de las\nmujeres llamadas, Mar\u00edas, y las mujeres ind\u00edgenas que no pudieron ir a la\nUniversidad y se le neg\u00f3 el acceso a la justicia, recibo esta Presea\u201d, se\u00f1al\u00f3\npor su parte Marianela Baltazar T\u00e9llez, en la modalidad de Perseverancia.<\/p>\n\n\n\n<p class=\"wp-block-paragraph\">Originaria de Tejero y abogada de profesi\u00f3n, dio voz a las mujeres\nind\u00edgenas, a su historia de opresi\u00f3n que las ha silenciado y la demanda que\nahora hace que ellas se hagan escuchar para pedir respeto a su cosmovisi\u00f3n.<\/p>\n\n\n\n<p class=\"wp-block-paragraph\">\u201cNo permitiremos m\u00e1s un M\u00e9xico sin nosotras, las mujeres\nind\u00edgenas. En estos momentos las mujeres nos estamos levantando y nuestras\nvoces no pueden ser silenciadas. Soy mujer y soy ind\u00edgena\u201d, dijo Marianela\nBaltazar.<\/p>\n\n\n\n<p class=\"wp-block-paragraph\">La secretaria de Igualdad Sustantiva y Desarrollo de las\nMujeres (Seimujer), Nuria Gabriela Hern\u00e1ndez Abarca, destac\u00f3 que la entrega de\nesta condecoraci\u00f3n impulsa con m\u00e1s fuerza el trabajo que d\u00eda con d\u00eda realizan\nmujeres valientes. <\/p>\n\n\n\n<p class=\"wp-block-paragraph\">\u201cLa violencia que vivimos es cultural y las acciones para\nque esto se modifique es para lo que trabajamos, por eso la Presea Er\u00e9ndira\nreconoce a mujeres que trabajan en pro de una sociedad igualitaria, mujeres\nj\u00f3venes, valientes y guerreras que han emprendido su lucha para hacer valer la\nigualdad en todos los \u00e1mbitos de la sociedad\u201d, puntualiz\u00f3.<\/p>\n\n\n\n<p class=\"wp-block-paragraph\">SEM\/IL<\/p>\n","protected":false},"excerpt":{"rendered":"<p>Galardonadas con la Presea Er\u00e9ndira, reconocieron contribuci\u00f3n del Gobernador en acciones como la implementaci\u00f3n de la Ley Olimpia<\/p>\n","protected":false},"author":3,"featured_media":18243,"comment_status":"open","ping_status":"open","sticky":false,"template":"","format":"standard","meta":{"_monsterinsights_skip_tracking":false,"footnotes":""},"categories":[691,51],"tags":[],"class_list":["post-18239","post","type-post","status-publish","format-standard","has-post-thumbnail","category-691","category-ejecutivo"],"_links":{"self":[{"href":"https:\/\/redsemlac.com\/semmexico\/wp-json\/wp\/v2\/posts\/18239","targetHints":{"allow":["GET"]}}],"collection":[{"href":"https:\/\/redsemlac.com\/semmexico\/wp-json\/wp\/v2\/posts"}],"about":[{"href":"https:\/\/redsemlac.com\/semmexico\/wp-json\/wp\/v2\/types\/post"}],"author":[{"embeddable":true,"href":"https:\/\/redsemlac.com\/semmexico\/wp-json\/wp\/v2\/users\/3"}],"replies":[{"embeddable":true,"href":"https:\/\/redsemlac.com\/semmexico\/wp-json\/wp\/v2\/comments?post=18239"}],"version-history":[{"count":0,"href":"https:\/\/redsemlac.com\/semmexico\/wp-json\/wp\/v2\/posts\/18239\/revisions"}],"wp:featuredmedia":[{"embeddable":true,"href":"https:\/\/redsemlac.com\/semmexico\/wp-json\/wp\/v2\/media\/18243"}],"wp:attachment":[{"href":"https:\/\/redsemlac.com\/semmexico\/wp-json\/wp\/v2\/media?parent=18239"}],"wp:term":[{"taxonomy":"category","embeddable":true,"href":"https:\/\/redsemlac.com\/semmexico\/wp-json\/wp\/v2\/categories?post=18239"},{"taxonomy":"post_tag","embeddable":true,"href":"https:\/\/redsemlac.com\/semmexico\/wp-json\/wp\/v2\/tags?post=18239"}],"curies":[{"name":"wp","href":"https:\/\/api.w.org\/{rel}","templated":true}]}}