{"id":18193,"date":"2020-03-12T22:04:57","date_gmt":"2020-03-12T22:04:57","guid":{"rendered":"https:\/\/redsemlac.com\/semmexico\/?p=18193"},"modified":"2023-07-21T15:21:29","modified_gmt":"2023-07-21T20:21:29","slug":"pide-lua-castro-apoyo-para-que-su-secuestrador-no-salga-de-prision","status":"publish","type":"post","link":"https:\/\/redsemlac.com\/semmexico\/pide-lua-castro-apoyo-para-que-su-secuestrador-no-salga-de-prision\/","title":{"rendered":"Pide L\u00faa Castro apoyo para que su secuestrador no salga de prisi\u00f3n"},"content":{"rendered":"\n<p class=\"wp-block-paragraph\"><strong>* Secuestrada en Oaxaca, la artista\nargentina afirm\u00f3 que se han presentado otros casos<\/strong><\/p>\n\n\n\n<p class=\"wp-block-paragraph\"><strong>*&nbsp;\nLa ley act\u00faa si nosotras actuamos, asegura<\/strong><\/p>\n\n\n\n<p class=\"wp-block-paragraph\"><strong>Soledad Jarqu\u00edn Edgar<\/strong><\/p>\n\n\n\n<p class=\"wp-block-paragraph\">SemM\u00e9xico,\nOaxaca, 12 de marzo 2020.- L\u00faa Castro, artista argentina secuestrada por Luis G.V.,\npromovi\u00f3 a trav\u00e9s de sus redes sociales un video en el que solicita apoyo para\nque su captor no sea salga m\u00e1s a las calles, dijo y asegur\u00f3 que a ra\u00edz de su\ndenuncia nuevos casos se han presentado.<\/p>\n\n\n\n<p class=\"wp-block-paragraph\">La\ncantante narr\u00f3 que su atacante est\u00e1 detenido y ha sido imputado por privaci\u00f3n\nileg\u00edtima de la libertad y abuso sexual agravado, \u201cnecesito de su ayuda para\nque su nombre y su cara siga circulando en redes sociales porque es una persona\npeligrosa\u201d.<\/p>\n\n\n\n<p class=\"wp-block-paragraph\">\u201cYo\ncorr\u00ed con suerte gracias a que todas las redes actuaron r\u00e1pidamente para que\npudiera ser rescatada en el lapso de 6 horas, mi caso es una en un mill\u00f3n,\nporque lamentablemente nos enteramos que una compa\u00f1era nuevamente est\u00e1 desparecida\ny en muchos casos\u2026tenemos que salir a llorar porque aparecen muertas, no\nqueremos que haya ni una menos\u201d.<\/p>\n\n\n\n<p class=\"wp-block-paragraph\">En\nsu exposici\u00f3n, en la que se se\u00f1ala \u201cagradezco ser la voz viva de mi secuestro\u201d\nrefiere que la denuncia es lo \u00fanico para respaldarnos, m\u00e1s all\u00e1 de las redes sociales\nque nos contienen y nos asesoran, \u201cla ley act\u00faa si nosotras actuamos\u201d.<\/p>\n\n\n\n<figure class=\"wp-block-embed-facebook wp-block-embed is-type-video is-provider-facebook\"><div class=\"wp-block-embed__wrapper\">\nhttps:\/\/www.facebook.com\/pamsitaa\/videos\/10221683108647305\/\n<\/div><\/figure>\n\n\n\n<p class=\"wp-block-paragraph\">Recalc\u00f3\nque Luis G.V. ha acosado de forma virtual, personal, amenaza y env\u00eda\nfotograf\u00edas desnudo, \u201cahora est\u00e1 preso, quiero decirle que se queden tranquilas\nest\u00e1 preso, por la causa que est\u00e1 imputado no va a salir, tengo toda la ley empa\u00f1\u00e1ndome\u201d.<\/p>\n\n\n\n<p class=\"wp-block-paragraph\">Por\nlo que reiter\u00f3 que para que Luis G.V. no salga \u201cde donde tiene que estar, que\nes en ese hueco\u201d, pidi\u00f3 que le ayuden, que difundan la cara de su agresor, \u201cno\npuede pasar que salga a la calle\u201d, y que si hay m\u00e1s v\u00edctimas que denuncien, \u201cno\ntengan miedo\u201d.<\/p>\n\n\n\n<p class=\"wp-block-paragraph\">SEM\/sj<\/p>\n","protected":false},"excerpt":{"rendered":"<p>La ley act\u00faa si nosotras actuamos, asegura<\/p>\n","protected":false},"author":3,"featured_media":18195,"comment_status":"open","ping_status":"open","sticky":false,"template":"","format":"standard","meta":{"_monsterinsights_skip_tracking":false,"footnotes":""},"categories":[691,54],"tags":[],"class_list":["post-18193","post","type-post","status-publish","format-standard","has-post-thumbnail","category-691","category-mujeres"],"_links":{"self":[{"href":"https:\/\/redsemlac.com\/semmexico\/wp-json\/wp\/v2\/posts\/18193","targetHints":{"allow":["GET"]}}],"collection":[{"href":"https:\/\/redsemlac.com\/semmexico\/wp-json\/wp\/v2\/posts"}],"about":[{"href":"https:\/\/redsemlac.com\/semmexico\/wp-json\/wp\/v2\/types\/post"}],"author":[{"embeddable":true,"href":"https:\/\/redsemlac.com\/semmexico\/wp-json\/wp\/v2\/users\/3"}],"replies":[{"embeddable":true,"href":"https:\/\/redsemlac.com\/semmexico\/wp-json\/wp\/v2\/comments?post=18193"}],"version-history":[{"count":0,"href":"https:\/\/redsemlac.com\/semmexico\/wp-json\/wp\/v2\/posts\/18193\/revisions"}],"wp:featuredmedia":[{"embeddable":true,"href":"https:\/\/redsemlac.com\/semmexico\/wp-json\/wp\/v2\/media\/18195"}],"wp:attachment":[{"href":"https:\/\/redsemlac.com\/semmexico\/wp-json\/wp\/v2\/media?parent=18193"}],"wp:term":[{"taxonomy":"category","embeddable":true,"href":"https:\/\/redsemlac.com\/semmexico\/wp-json\/wp\/v2\/categories?post=18193"},{"taxonomy":"post_tag","embeddable":true,"href":"https:\/\/redsemlac.com\/semmexico\/wp-json\/wp\/v2\/tags?post=18193"}],"curies":[{"name":"wp","href":"https:\/\/api.w.org\/{rel}","templated":true}]}}