{"id":18188,"date":"2020-03-12T17:13:15","date_gmt":"2020-03-12T17:13:15","guid":{"rendered":"https:\/\/redsemlac.com\/semmexico\/?p=18188"},"modified":"2023-07-21T15:21:29","modified_gmt":"2023-07-21T20:21:29","slug":"denuncias-por-acoso-sexual-en-la-camara-en-manos-de-la-fiscalia","status":"publish","type":"post","link":"https:\/\/redsemlac.com\/semmexico\/denuncias-por-acoso-sexual-en-la-camara-en-manos-de-la-fiscalia\/","title":{"rendered":"Denuncias por acoso sexual en la C\u00e1mara en manos de la Fiscal\u00eda"},"content":{"rendered":"\n<p class=\"wp-block-paragraph\"><strong>* Las tres v\u00edctimas presentaron sus\nacusaciones <\/strong><\/p>\n\n\n\n<p class=\"wp-block-paragraph\"><strong>* Desde el Legislativo se dar\u00e1\nseguimiento jur\u00eddico<\/strong><\/p>\n\n\n\n<p class=\"wp-block-paragraph\"><strong>Lorena Vaniezcot<\/strong><\/p>\n\n\n\n<p class=\"wp-block-paragraph\">SemM\u00e9xico,\nCd. de M\u00e9xico, 12 de marzo 2020.- Graciela B\u00e1ez Ric\u00e1rdez, secretaria general de\nla C\u00e1mara de Diputados, se\u00f1al\u00f3 que se han tomado las medidas de acuerdo con el\nprotocolo para atender las tres denuncias de acoso sexual por parte del m\u00e9dico\nRJRP, contra quien se integr\u00f3 ya una carpeta de investigaci\u00f3n anta la Fiscal\u00eda.<\/p>\n\n\n\n<p class=\"wp-block-paragraph\">Dijo\na SemM\u00e9xico que la semana pasada se recibieron tres denuncias de trabajadoras\ncontra el m\u00e9dico, por lo que de inmediato se aplicaron las medidas de acuerdo\nal protocolo y fue la Unidad de Igualdad de G\u00e9nero y la Contralor\u00eda General las\nque atendieron a las trabajadoras.<\/p>\n\n\n\n<p class=\"wp-block-paragraph\">Se\u00f1al\u00f3\nque otra medida fue la recisi\u00f3n del contrato del m\u00e9dico, es decir, \u201cactuamos de\nmanera inmediata para que el doctor no volviera a acosar a otras compa\u00f1eras\u201d,\ntras recibir las quejas de las tres trabajadoras que presuntamente fueron\nacosadas por el doctor.<\/p>\n\n\n\n<p class=\"wp-block-paragraph\">Y,\ntambi\u00e9n, agreg\u00f3 se dio acompa\u00f1amiento jur\u00eddico a las tres v\u00edctimas, quienes\npresentaron sus denuncias penales la semana pasada ante la Fiscal\u00eda de Delitos\nSexuales donde ya obra una carpeta de investigaci\u00f3n.<\/p>\n\n\n\n<p class=\"wp-block-paragraph\">SEM\/lv\/sj<\/p>\n","protected":false},"excerpt":{"rendered":"<p>Desde el Legislativo se dar\u00e1 seguimiento jur\u00eddico<\/p>\n","protected":false},"author":3,"featured_media":18189,"comment_status":"open","ping_status":"open","sticky":false,"template":"","format":"standard","meta":{"_monsterinsights_skip_tracking":false,"footnotes":""},"categories":[691,50],"tags":[],"class_list":["post-18188","post","type-post","status-publish","format-standard","has-post-thumbnail","category-691","category-congreso"],"_links":{"self":[{"href":"https:\/\/redsemlac.com\/semmexico\/wp-json\/wp\/v2\/posts\/18188","targetHints":{"allow":["GET"]}}],"collection":[{"href":"https:\/\/redsemlac.com\/semmexico\/wp-json\/wp\/v2\/posts"}],"about":[{"href":"https:\/\/redsemlac.com\/semmexico\/wp-json\/wp\/v2\/types\/post"}],"author":[{"embeddable":true,"href":"https:\/\/redsemlac.com\/semmexico\/wp-json\/wp\/v2\/users\/3"}],"replies":[{"embeddable":true,"href":"https:\/\/redsemlac.com\/semmexico\/wp-json\/wp\/v2\/comments?post=18188"}],"version-history":[{"count":0,"href":"https:\/\/redsemlac.com\/semmexico\/wp-json\/wp\/v2\/posts\/18188\/revisions"}],"wp:featuredmedia":[{"embeddable":true,"href":"https:\/\/redsemlac.com\/semmexico\/wp-json\/wp\/v2\/media\/18189"}],"wp:attachment":[{"href":"https:\/\/redsemlac.com\/semmexico\/wp-json\/wp\/v2\/media?parent=18188"}],"wp:term":[{"taxonomy":"category","embeddable":true,"href":"https:\/\/redsemlac.com\/semmexico\/wp-json\/wp\/v2\/categories?post=18188"},{"taxonomy":"post_tag","embeddable":true,"href":"https:\/\/redsemlac.com\/semmexico\/wp-json\/wp\/v2\/tags?post=18188"}],"curies":[{"name":"wp","href":"https:\/\/api.w.org\/{rel}","templated":true}]}}