{"id":18183,"date":"2020-03-12T17:05:59","date_gmt":"2020-03-12T17:05:59","guid":{"rendered":"https:\/\/redsemlac.com\/semmexico\/?p=18183"},"modified":"2023-07-21T15:21:29","modified_gmt":"2023-07-21T20:21:29","slug":"oaxaca-150","status":"publish","type":"post","link":"https:\/\/redsemlac.com\/semmexico\/oaxaca-150\/","title":{"rendered":"Reciben cinco mujeres la Medalla \u201cJuana Catalina Romero Ega\u00f1a\u201d"},"content":{"rendered":"\n<p class=\"wp-block-paragraph\"><strong>* El Congreso local entreg\u00f3 las preseas en el marco del D\u00eda\nInternacional de la Mujer<\/strong><\/p>\n\n\n\n<p class=\"wp-block-paragraph\"><strong>* Es una justa distinci\u00f3n hacia quienes aportan su esfuerzo en\nbeneficio de la comunidad<\/strong><\/p>\n\n\n\n<p class=\"wp-block-paragraph\"><strong>Redacci\u00f3n<\/strong><\/p>\n\n\n\n<p class=\"wp-block-paragraph\">SemM\u00e9xico, Oaxaca, 12 de marzo 2020.- En el marco\ndel D\u00eda Internacional de la Mujer, el Congreso Local reconoci\u00f3 en Sesi\u00f3n\nSolemne, a cinco mujeres con la medalla \u201cJuana Catalina Romero Ega\u00f1a\u201d, por su\nlabor distinguida en las categor\u00edas: Mujer innovadora y emprendedora, Mujer en\nla ciencia y la tecnolog\u00eda, Mujer en la cultura, Mujer que promueve acciones\nsociales, y Mujer en la vida comunitaria. Por su destacado actuar social a\nfavor de Oaxaca, se les entreg\u00f3 medalla y diploma a Gladys Reyes Macedo, Victoria\nEugenia Chagoya Hazas, Aleida Ruiz Sosa, Ana Lila Downs S\u00e1nchez y Rosa Bertha\nSim\u00f3n S\u00e1nchez. <\/p>\n\n\n\n<p class=\"wp-block-paragraph\">El presidente de la Junta de Coordinaci\u00f3n Pol\u00edtica\n(Jucopo), Horacio Sosa Villavicencio, destac\u00f3 que esto es una justa distinci\u00f3n\nhacia quienes aportan su esfuerzo en beneficio de la comunidad. En este marco,\nconvoc\u00f3 a las instancias gubernamentales y de impartici\u00f3n de justicia, a\ngarantizar una vida libre de violencia hacia ese sector de la poblaci\u00f3n que,\nestad\u00edsticamente, es la mayor\u00eda.<\/p>\n\n\n\n<p class=\"wp-block-paragraph\">La legisladora Elim Antonio Aquino, indic\u00f3 que, en\nsu primera edici\u00f3n, la representaci\u00f3n popular reconoce la entrega diaria de\ntodas las mujeres que desde cualquier espacio aportan su esfuerzo y dedicaci\u00f3n\na mejorar las condiciones de la sociedad en su conjunto. Urgi\u00f3 a la necesidad\nde que las instancias de gobierno atiendan, de manera frontal, la\ndiscriminaci\u00f3n de mujeres ind\u00edgenas, quienes, adem\u00e1s, padecen violencia en sus\nhogares. <\/p>\n\n\n\n<p class=\"wp-block-paragraph\">A su vez, el diputado Jorge Villaca\u00f1a Jim\u00e9nez,\npresidente de la Mesa Directiva del Congreso Local, celebr\u00f3 este acto para\nlograr el empoderamiento de las mujeres y la consecuci\u00f3n de la igualdad de\ng\u00e9nero. Afirm\u00f3, que la LXIV Legislatura, es un ejemplo de igualdad de g\u00e9nero,\nal estar conformada en su mayor\u00eda por mujeres: 23 diputadas y 19 legisladores.<\/p>\n\n\n\n<p class=\"wp-block-paragraph\">Por lo que pidi\u00f3 congruencia a los actores pol\u00edticos\ny de la iniciativa privada para que sus pronunciamientos p\u00fablicos a favor de la\nequidad de g\u00e9nero y de igualdad de oportunidades, sean una realidad en la\npr\u00e1ctica.<\/p>\n\n\n\n<p class=\"wp-block-paragraph\">En la categor\u00eda Mujer innovadora y emprendedora, fue\ndistinguida la bi\u00f3loga y maestra en Ciencias, Gladys Reyes Macedo, quien ha\nsido reconocida a nivel nacional e internacional por su labor de protecci\u00f3n al\nmedio ambiente con un sentido comunitario, as\u00ed como por proyectos como el de conservaci\u00f3n\nde la guacamaya verde en la reserva de la bi\u00f3sfera Tehuac\u00e1n-Cuicatl\u00e1n, tambi\u00e9n\nen San Pedro Jocotipac. Asimismo, por la recuperaci\u00f3n de especies en riesgo\ncomo el pino blanco, el loro Corona Blanca, y su desempe\u00f1o incansable en la\ndifusi\u00f3n, promoci\u00f3n y preservaci\u00f3n de la vida silvestre, mediante art\u00edculos\ninformativos.<\/p>\n\n\n\n<p class=\"wp-block-paragraph\">En el rubro de Mujer en la ciencia y tecnolog\u00eda, la\ngalardonada fue Victoria Eugenia Chagoya Hazas, farmac\u00e9utica bi\u00f3loga, egresada\nde la UNAM, investigadora independiente y fundadora del Instituto de Fisiolog\u00eda\nCelular. Los resultados de sus investigaciones han sido publicados en m\u00e1s de\n100 art\u00edculos de revistas internacionales y diversas referencias por parte de\nla Universidad Nacional Aut\u00f3noma de M\u00e9xico.<\/p>\n\n\n\n<p class=\"wp-block-paragraph\">La joven Aleida Ruiz Sosa, con apenas 14 a\u00f1os de\nedad, fue galardonada como Mujer en la cultura, debido a su desempe\u00f1o en el\nBallet Cl\u00e1sico, disciplina que ha compartido en escenarios teatrales. Asimismo,\nha contribuido con actividades recreativas para liberar emociones dirigidas a\nni\u00f1os con c\u00e1ncer en estados como Sonora, Veracruz, Oaxaca, Puebla y Yucat\u00e1n.\nTambi\u00e9n, ha ejecutado el arte danc\u00edstico en casas hogar en las ciudades de\nM\u00e9xico y Oaxaca de Ju\u00e1rez. El a\u00f1o pasado, imparti\u00f3 el taller de ballet y\nacondicionamiento f\u00edsico en el Centro de Reinserci\u00f3n Social de Tanivet,\nTlacolula, dirigido a las reclusas y a sus hijos.<\/p>\n\n\n\n<p class=\"wp-block-paragraph\">Mientras que la soprano mixe, Mar\u00eda Reyna, recibi\u00f3\nen representaci\u00f3n de la cantante Ana Lila Downs S\u00e1nchez, la presea en la\ncategor\u00eda de Mujer que promueve acciones sociales, por su activismo y labor\nsocial por promover acciones a favor de los derechos humanos de las mujeres\nind\u00edgenas como el programa de becas educativas \u201cGuadalupe Musalem\u201d, entre otras\nactividades.<\/p>\n\n\n\n<p class=\"wp-block-paragraph\">Finalmente, Rosa Bertha Sim\u00f3n S\u00e1nchez, recibi\u00f3 la\nmedalla en la categor\u00eda Mujer en la vida comunitaria, por su labor al impartir\nseminarios de gobernanza con perspectiva de g\u00e9nero en municipios regidos por\nsistema normativo ind\u00edgenas. Originaria de San Bartolo Coyotepec, concluy\u00f3 el\nnivel de Maestr\u00eda en Estudios de la Mujer en la Universidad Aut\u00f3noma\nMetropolitana, Unidad Xochimilco, adem\u00e1s de la licenciatura en Sociolog\u00eda por\nla Universidad \u201cJos\u00e9 Vasconcelos\u201d de Oaxaca. Actualmente imparte talleres de\nliteratura y poes\u00eda a ni\u00f1as y ni\u00f1os en esta poblaci\u00f3n de los Valles Centrales.<\/p>\n\n\n\n<p class=\"wp-block-paragraph\">La presea \u201cJuana Catalina Romero Ega\u00f1a\u201d,\nmaterializada en una pieza de plata elaborada por orfebres de Taxco, Guerrero,\nse instituy\u00f3 el pasado 12 de febrero mediante el Decreto 1450 emitido por esta\nLegislatura en el que se convoca a reconocer la labor de las oaxaque\u00f1as, y\nrememora a la figura de la educadora Juana Catalina Romero Ega\u00f1a (1837-1915),\nquien promovi\u00f3 fuertemente la educaci\u00f3n de ni\u00f1as y ni\u00f1os en Santo Domingo\nTehuantepec.&nbsp; Estableci\u00f3 dos escuelas y\nfinanci\u00f3 los gastos para las personas encargadas de la labor educativa.<\/p>\n\n\n\n<p class=\"wp-block-paragraph\">Igualmente, procur\u00f3 los medios para la atenci\u00f3n\nm\u00e9dica, pago de profesionales de la salud e insumos, durante la epidemia de\nviruela que azot\u00f3 al Istmo de Tehuantepec en 1904. En la premiaci\u00f3n, asistieron\nlas 23 mujeres que fueron inscritas en la convocatoria y quienes recibieron un\nreconocimiento por parte del Poder Legislativo. <\/p>\n\n\n\n<p class=\"wp-block-paragraph\">Entre las caracter\u00edsticas de la medalla de plata\n.999 Ley, consta de dos caras, en el anverso esta acu\u00f1ado el logotipo de la\nLXIV Legislatura del Congreso del Estado de Oaxaca y al reverso el nombre de\nJuana Catalina Romero Ega\u00f1a en relieve y con list\u00f3n de seda y con un di\u00e1metro\nde cinco cent\u00edmetros con un peso de 54.3 gramos.<\/p>\n\n\n\n<p class=\"wp-block-paragraph\">Al inicio de la ceremonia, celebrada en el Sal\u00f3n de\nSesiones del Congreso del Estado, se guard\u00f3 un minuto de silencio, en memoria\nde la magistrada Leonor Galv\u00e1n Cortes, quien falleciera este 10 de marzo. En su\ntrayectoria se destaca su \u00faltimo cargo como presidenta de la Segunda Sala Civil\ndel Tribunal Superior de Justicia del Estado de Oaxaca. <\/p>\n\n\n\n<p class=\"wp-block-paragraph\">SEM\/sj<\/p>\n","protected":false},"excerpt":{"rendered":"<p>Es una justa distinci\u00f3n hacia quienes aportan su esfuerzo en beneficio de la comunidad<\/p>\n","protected":false},"author":3,"featured_media":18184,"comment_status":"open","ping_status":"open","sticky":false,"template":"","format":"standard","meta":{"_monsterinsights_skip_tracking":false,"footnotes":""},"categories":[691,50],"tags":[],"class_list":["post-18183","post","type-post","status-publish","format-standard","has-post-thumbnail","category-691","category-congreso"],"_links":{"self":[{"href":"https:\/\/redsemlac.com\/semmexico\/wp-json\/wp\/v2\/posts\/18183","targetHints":{"allow":["GET"]}}],"collection":[{"href":"https:\/\/redsemlac.com\/semmexico\/wp-json\/wp\/v2\/posts"}],"about":[{"href":"https:\/\/redsemlac.com\/semmexico\/wp-json\/wp\/v2\/types\/post"}],"author":[{"embeddable":true,"href":"https:\/\/redsemlac.com\/semmexico\/wp-json\/wp\/v2\/users\/3"}],"replies":[{"embeddable":true,"href":"https:\/\/redsemlac.com\/semmexico\/wp-json\/wp\/v2\/comments?post=18183"}],"version-history":[{"count":0,"href":"https:\/\/redsemlac.com\/semmexico\/wp-json\/wp\/v2\/posts\/18183\/revisions"}],"wp:featuredmedia":[{"embeddable":true,"href":"https:\/\/redsemlac.com\/semmexico\/wp-json\/wp\/v2\/media\/18184"}],"wp:attachment":[{"href":"https:\/\/redsemlac.com\/semmexico\/wp-json\/wp\/v2\/media?parent=18183"}],"wp:term":[{"taxonomy":"category","embeddable":true,"href":"https:\/\/redsemlac.com\/semmexico\/wp-json\/wp\/v2\/categories?post=18183"},{"taxonomy":"post_tag","embeddable":true,"href":"https:\/\/redsemlac.com\/semmexico\/wp-json\/wp\/v2\/tags?post=18183"}],"curies":[{"name":"wp","href":"https:\/\/api.w.org\/{rel}","templated":true}]}}