{"id":18177,"date":"2020-03-12T01:44:27","date_gmt":"2020-03-12T01:44:27","guid":{"rendered":"https:\/\/redsemlac.com\/semmexico\/?p=18177"},"modified":"2023-07-21T15:21:29","modified_gmt":"2023-07-21T20:21:29","slug":"guerrero-134","status":"publish","type":"post","link":"https:\/\/redsemlac.com\/semmexico\/guerrero-134\/","title":{"rendered":"A\u00fan no hay denuncias por ciber acoso en Fiscal\u00eda de Guerrero"},"content":{"rendered":"\n<p class=\"wp-block-paragraph\"><strong>Josefina Aguilar Pastor<\/strong>&nbsp;<\/p>\n\n\n\n<p class=\"wp-block-paragraph\">SemM\u00e9xico.Chilpancingo, Guerrero, 11 de marzo de 2020.-En la Fiscal\u00eda General del Estado (FGE), no existe ninguna denuncia, por el delito de ciber acoso, asegur\u00f3 el titular, Jorge Zuriel de los Santos Barrilla.<\/p>\n\n\n\n<p class=\"wp-block-paragraph\">Al ofrecer una conferencia de prensa, en la que en coordinaci\u00f3n con el Secretario de Seguridad, David Portillo Menchaca, dio a conocer resultados de las \u00faltimas acciones realizadas en materia de seguridad p\u00fablica, el fiscal dio a conocer que derivado de las denuncias hechas a trav\u00e9s de redes sociales, a trav\u00e9s de la polic\u00eda cibern\u00e9tica, de manera oficiosa, iniciaron algunas investigaciones.<\/p>\n\n\n\n<p class=\"wp-block-paragraph\">Sin embargo, sostuvo que de manera formal, en al FGE, no se ha presentado una sola queja o denuncia, de casos de ciber acoso, como la que hace algunas semanas, se ventil\u00f3 en redes sociales, donde una persona del sexo masculino, ofrec\u00eda packs de menores de 12 a 15 a\u00f1os.<\/p>\n\n\n\n<p class=\"wp-block-paragraph\">Dijo que mantienen una coordinaci\u00f3n con la Secretaria de Seguridad P\u00fablica, de Educaci\u00f3n y el DIF Guerrero, con el objetivo &nbsp;primordial velar por los derechos de las ni\u00f1as, ni\u00f1os, adolescentes, mujeres, y la comunidad estudiantil.<\/p>\n\n\n\n<p class=\"wp-block-paragraph\">\u201cAl momento no hay denuncias presentadas, de alguna persona que se diga agraviada, sin embargo es &nbsp;nuestra obligaci\u00f3n como instituci\u00f3n correspondiente, estamos en coordinaci\u00f3n con las autoridades educativas, para deslindar responsabilidades\u201d, insisti\u00f3 el funcionario.<\/p>\n\n\n\n<p class=\"wp-block-paragraph\">El pasado 20 de febrero, un grupo de padres de familia, acudi\u00f3 a la FGE, a denunciar la cuenta de Instagram, en la que publicaron fotograf\u00edas de menores de edad, y ofrec\u00eda informaci\u00f3n como su perfil en redes sociales o incluso la direcci\u00f3n de su casa para contactarla a todos aquellos que pagaran lo que ped\u00edan.<\/p>\n\n\n\n<p class=\"wp-block-paragraph\">En los \u00faltimos d\u00edas, se han dado a conocer se\u00f1alamientos en contra de profesores de la Universidad Aut\u00f3noma de Guerrero (UAGro), y de instituciones particulares como La Salle, en Acapulco, a quienes se\u00f1alan de acosadores.&nbsp;<\/p>\n","protected":false},"excerpt":{"rendered":"<p>En la Fiscal\u00eda General del Estado (FGE), no existe ninguna denuncia, por el delito de ciber acoso, asegur\u00f3 el titular<\/p>\n","protected":false},"author":3,"featured_media":18178,"comment_status":"open","ping_status":"open","sticky":false,"template":"","format":"standard","meta":{"_monsterinsights_skip_tracking":false,"footnotes":""},"categories":[691,51],"tags":[],"class_list":["post-18177","post","type-post","status-publish","format-standard","has-post-thumbnail","category-691","category-ejecutivo"],"_links":{"self":[{"href":"https:\/\/redsemlac.com\/semmexico\/wp-json\/wp\/v2\/posts\/18177","targetHints":{"allow":["GET"]}}],"collection":[{"href":"https:\/\/redsemlac.com\/semmexico\/wp-json\/wp\/v2\/posts"}],"about":[{"href":"https:\/\/redsemlac.com\/semmexico\/wp-json\/wp\/v2\/types\/post"}],"author":[{"embeddable":true,"href":"https:\/\/redsemlac.com\/semmexico\/wp-json\/wp\/v2\/users\/3"}],"replies":[{"embeddable":true,"href":"https:\/\/redsemlac.com\/semmexico\/wp-json\/wp\/v2\/comments?post=18177"}],"version-history":[{"count":0,"href":"https:\/\/redsemlac.com\/semmexico\/wp-json\/wp\/v2\/posts\/18177\/revisions"}],"wp:featuredmedia":[{"embeddable":true,"href":"https:\/\/redsemlac.com\/semmexico\/wp-json\/wp\/v2\/media\/18178"}],"wp:attachment":[{"href":"https:\/\/redsemlac.com\/semmexico\/wp-json\/wp\/v2\/media?parent=18177"}],"wp:term":[{"taxonomy":"category","embeddable":true,"href":"https:\/\/redsemlac.com\/semmexico\/wp-json\/wp\/v2\/categories?post=18177"},{"taxonomy":"post_tag","embeddable":true,"href":"https:\/\/redsemlac.com\/semmexico\/wp-json\/wp\/v2\/tags?post=18177"}],"curies":[{"name":"wp","href":"https:\/\/api.w.org\/{rel}","templated":true}]}}