{"id":18158,"date":"2020-03-12T01:34:50","date_gmt":"2020-03-12T01:34:50","guid":{"rendered":"https:\/\/redsemlac.com\/semmexico\/?p=18158"},"modified":"2023-07-21T15:21:29","modified_gmt":"2023-07-21T20:21:29","slug":"mayoria-de-la-poblacion-a-favor-del-movimiento-de-mujeres-dice-mitofsky","status":"publish","type":"post","link":"https:\/\/redsemlac.com\/semmexico\/mayoria-de-la-poblacion-a-favor-del-movimiento-de-mujeres-dice-mitofsky\/","title":{"rendered":"Mayor\u00eda de la poblaci\u00f3n a favor del movimiento de mujeres, dice Mitofsky"},"content":{"rendered":"\n<p class=\"wp-block-paragraph\"><strong>* 49 % estuvo a\nfavor del movimiento y 56.7 % justific\u00f3 la marcha y el paro<\/strong><\/p>\n\n\n\n<p class=\"wp-block-paragraph\"><strong>* La percepci\u00f3n\ndel machismo en el padre, es mayor entre las mujeres <\/strong><\/p>\n\n\n\n<p class=\"wp-block-paragraph\"><strong>Lorena Vaniezcot<\/strong><\/p>\n\n\n\n<p class=\"wp-block-paragraph\">SemM\u00e9xico, Cd. de M\u00e9xico, 11 de marzo 2020.- La empresa Consulta Mitofsky realiz\u00f3 una encuesta para medir la opini\u00f3n ciudadana sobre el Paro Nacional de Mujeres realizado en M\u00e9xico el pasado 9 de marzo. Encontr\u00f3 que de manera personal un 49 por ciento estuvo a favor del movimiento, un 44.9 por ciento dijo no estar a favor y un 6.2 dijo no saber.<\/p>\n\n\n\n<p class=\"wp-block-paragraph\">Para un 56.7 de las personas encuestadas (mil mexicanos y\nmexicanas mayores de 28 a\u00f1os) se\u00f1al\u00f3 que la marcha del 8 de Marzo (por el D\u00eda\nInternacional de la Mujer y #UnDiaSinMujeres estuvo justificado; en tanto que\n35.2 por ciento dijo que no hab\u00eda justificaci\u00f3n y un 8.1 no respondi\u00f3.<\/p>\n\n\n\n[ngg src=\u00bbgalleries\u00bb ids=\u00bb4&#8243; display=\u00bbbasic_imagebrowser\u00bb]\n\n\n\n<p class=\"wp-block-paragraph\">En ese sentido, la opini\u00f3n s\u00f3lo de las mujeres alcanz\u00f3 un\n69.3 por ciento lo justificaron, en cambio el 26.4 por ciento, el 4.3 por ciento\nno respondi\u00f3 o no supo; en relaci\u00f3n con los hombres el 43.7 por ciento\njustific\u00f3 el movimiento, pero el 44.2 por ciento de ellos consider\u00f3 que no fue\nun movimiento justificado, y el 12.1 de los hombres no supo o no respondi\u00f3.<\/p>\n\n\n\n<p class=\"wp-block-paragraph\">En relaci\u00f3n con la experiencia del paro de mujeres,\nMitofsky encontr\u00f3 a la pregunta \u00bfC\u00f3mo se vivi\u00f3 este d\u00eda la Ciudad? Encontr\u00f3 las\nsiguientes respuestas:&nbsp; 34.5 por ciento,\nun poco diferente al resto; 31.2 por ciento, muy diferente al resto; 24.9 por\nciento igual a todos, y 9.4 no dese\u00f3 responder.<\/p>\n\n\n\n<p class=\"wp-block-paragraph\">A la pregunta \u00bfTienes amigas o familiares que se hayan\nsumado al paro? 58.9 por ciento dijo que s\u00ed; 36.8 por ciento dijo que no, y\ns\u00f3lo el 4.3 por ciento no supo.<\/p>\n\n\n\n<p class=\"wp-block-paragraph\">La mayor\u00eda de las personas entrevistadas crey\u00f3 que el\nmovimiento feminista es un movimiento en contra de Andr\u00e9s Manuel L\u00f3pez Obrador\n(50.6 %), y un 40.6 por ciento dijo que se trat\u00f3 de un movimiento imparcial.<\/p>\n\n\n\n<p class=\"wp-block-paragraph\">Sin embargo, al separar las respuestas por mujeres y\nhombre, las mujeres sostuvieron en un 55.9 por ciento que se trat\u00f3 de un\nmovimiento imparcial, frente a un 35.4 que consider\u00f3 que se trataba de una\nafrenta al presidente. Las respuestas de los hombres fueron contrarias a las\nopiniones de las mujeres, los hombres respondieron en un 66.4 por ciento que se\ntrat\u00f3 de un movimiento contra el presidente mexicano, s\u00f3lo el 24.9 de ellos\nopin\u00f3 que se trat\u00f3 de un movimiento independiente.<\/p>\n\n\n\n<p class=\"wp-block-paragraph\">Tambi\u00e9n casi la mitad de quienes fueron entrevistados se\nconsidera algo o muy feministas: 28.2 dijeron mucho, 19.9 regular, 20.1 poco y\n24 por ciento nada feministas. 7.8 extern\u00f3 que no sabe.<\/p>\n\n\n\n<p class=\"wp-block-paragraph\">A la misma pregunta, el 36.4 por ciento de las mujeres\nse\u00f1alaron ser feministas (mucho), seguido del 23.4 de poco, 19.3 regular, 14.9\nnada y 7.8 no supo que responder.<\/p>\n\n\n\n<p class=\"wp-block-paragraph\">En tanto que un 21.6 por ciento de hombres se considera\nfeminista (mucho), contrastando con el 33.3 que dijo no considerarse nada\nfeministas, 20.6 regular, 16.7 poco y 7.8 no supo responder. Es decir, la\nmayor\u00eda de los hombres respondieron entre mucho, regular y poco (58.9 %).<\/p>\n\n\n\n<p class=\"wp-block-paragraph\">Recordando la infancia se pregunt\u00f3 \u00bfqu\u00e9 tan machista\nconsidera que era su padre? Casi la mitad de las personas entrevistadas dijo\nque su pap\u00e1 era entre mucho y algo machista: Mucho 17.6 por ciento, regular\n30.9 y poco 21.9, que sumados hacen una mayor\u00eda. En tanto que nada machista el\npadre fue considerado por el 26.6 por ciento.<\/p>\n\n\n\n<p class=\"wp-block-paragraph\">A esta misma pregunta la visi\u00f3n cambia entre mujeres y\nhombres. Las mujeres dijeron en un 27.3 por ciento que su padre era machista\n(mucho), el 36.5 dijo que regular, el 21.4 dijo que poco, nada solamente el\n12.1 por ciento.<\/p>\n\n\n\n<p class=\"wp-block-paragraph\">Los hombres mostraron otra perspectiva de esa percepci\u00f3n,\npues para ellos en el 41.6 por ciento de los casos dijo que su padre no era\nnada machista, 7.6 dijo que mucho, 25.2 regular, 22.5 poco.<\/p>\n\n\n\n<p class=\"wp-block-paragraph\">SEM\/lv\/sj<\/p>\n","protected":false},"excerpt":{"rendered":"<p>La percepci\u00f3n del machismo en el padre, es mayor entre las mujeres <\/p>\n","protected":false},"author":3,"featured_media":18170,"comment_status":"open","ping_status":"open","sticky":false,"template":"","format":"standard","meta":{"_monsterinsights_skip_tracking":false,"footnotes":""},"categories":[691,54],"tags":[],"class_list":["post-18158","post","type-post","status-publish","format-standard","has-post-thumbnail","category-691","category-mujeres"],"_links":{"self":[{"href":"https:\/\/redsemlac.com\/semmexico\/wp-json\/wp\/v2\/posts\/18158","targetHints":{"allow":["GET"]}}],"collection":[{"href":"https:\/\/redsemlac.com\/semmexico\/wp-json\/wp\/v2\/posts"}],"about":[{"href":"https:\/\/redsemlac.com\/semmexico\/wp-json\/wp\/v2\/types\/post"}],"author":[{"embeddable":true,"href":"https:\/\/redsemlac.com\/semmexico\/wp-json\/wp\/v2\/users\/3"}],"replies":[{"embeddable":true,"href":"https:\/\/redsemlac.com\/semmexico\/wp-json\/wp\/v2\/comments?post=18158"}],"version-history":[{"count":0,"href":"https:\/\/redsemlac.com\/semmexico\/wp-json\/wp\/v2\/posts\/18158\/revisions"}],"wp:featuredmedia":[{"embeddable":true,"href":"https:\/\/redsemlac.com\/semmexico\/wp-json\/wp\/v2\/media\/18170"}],"wp:attachment":[{"href":"https:\/\/redsemlac.com\/semmexico\/wp-json\/wp\/v2\/media?parent=18158"}],"wp:term":[{"taxonomy":"category","embeddable":true,"href":"https:\/\/redsemlac.com\/semmexico\/wp-json\/wp\/v2\/categories?post=18158"},{"taxonomy":"post_tag","embeddable":true,"href":"https:\/\/redsemlac.com\/semmexico\/wp-json\/wp\/v2\/tags?post=18158"}],"curies":[{"name":"wp","href":"https:\/\/api.w.org\/{rel}","templated":true}]}}