{"id":18155,"date":"2020-03-11T23:27:57","date_gmt":"2020-03-11T23:27:57","guid":{"rendered":"https:\/\/redsemlac.com\/semmexico\/?p=18155"},"modified":"2023-07-21T15:21:29","modified_gmt":"2023-07-21T20:21:29","slug":"no-mas-impunidad-en-caso-de-acoso-en-el-cobach","status":"publish","type":"post","link":"https:\/\/redsemlac.com\/semmexico\/no-mas-impunidad-en-caso-de-acoso-en-el-cobach\/","title":{"rendered":"No m\u00e1s impunidad en caso de acoso en el COBACH"},"content":{"rendered":"\n<p class=\"wp-block-paragraph\"><strong>Josefina Aguilar Pastor<\/strong>&nbsp;<\/p>\n\n\n\n<p class=\"wp-block-paragraph\">SemM\u00e9xico.Chilpancingo, Guerrero, 11 de marzo de 2020.- El Director General del Colegio de Bachilleres de Guerrero, Ferm\u00edn Alvarado Arroyo, anunci\u00f3 cero tolerancia al acoso, propuso a las representaciones sindicales, cerrar el paso a la impunidad y no defender a quienes acosen a mujeres y alumnas del Cobach.&nbsp;<\/p>\n\n\n\n<p class=\"wp-block-paragraph\">En el marco de la conmemoraci\u00f3n del D\u00eda Internacional de la Mujer,  Alvarado Arroyo exhort\u00f3 a los trabajadores, \u00a0trabajar en la promoci\u00f3n, protecci\u00f3n y respeto de los derechos de las mujeres, su dignidad y su liderazgo, como un objetivo com\u00fan y una ruta de cambio que beneficiar\u00e1 a todos.<\/p>\n\n\n\n<p class=\"wp-block-paragraph\">Tom\u00f3 esta fecha propicia para llamar a la unidad de todos en pro de la igualdad de g\u00e9nero, del empoderamiento de las mujeres, del respeto a sus derechos y a su dignidad; oportunidad para cambiar mentalidades, mejorar la planeaci\u00f3n e imaginar futuros con desarrollo, justicia y paz, sin violencia en contra de las mujeres.<\/p>\n\n\n\n<p class=\"wp-block-paragraph\">En el marco, tambi\u00e9n, de las movilizaciones para eliminar la violencia de g\u00e9nero y de algunas denuncias de acoso y hostigamiento de estudiantes, el director del Cobach propuso a las representaciones sindicales, \u201ccomo lo hemos venido haciendo, refrendar el compromiso de no defensa y cero impunidad a maestros, trabajadores y directivos que acosen las mujeres y a las alumnas\u201d.<\/p>\n\n\n\n<p class=\"wp-block-paragraph\">En\u00a0la inauguraci\u00f3n del panel \u201cEl empoderamiento de la mujer para la equidad,  Alvarado Arroyo exhort\u00f3 a directivos, maestros, tutores y orientadores, a alentar e impulsar a un mayor n\u00famero de alumnas a seguir estudiando, en las \u00e1reas de la ciencia, tecnolog\u00eda, ingenier\u00eda, matem\u00e1ticas y el dise\u00f1o.<\/p>\n\n\n\n<p class=\"wp-block-paragraph\">Alvarado Arroyo tambi\u00e9n se refiri\u00f3 al movimiento \u201cUn D\u00eda sin Nosotras\u201d,&nbsp;anunci\u00f3 que&nbsp;no contar\u00e1n como faltas las inasistencias de las alumnas, ni descontar\u00e1n el d\u00eda a las trabajadoras que decidieron unirse al paro nacional.&nbsp;<\/p>\n\n\n\n<p class=\"wp-block-paragraph\">\u201cQueremos as\u00ed contribuir al prop\u00f3sito de imaginar un futuro distinto y mejor para las mujeres, empezando por las adolescentes, estudiantes del Colegio de Bachilleres, a quienes debemos ayudar a derribar las barreras que les impidan una plena igualdad de sus derechos, y, con ello, una sociedad mejor\u201d, dijo.<\/p>\n\n\n\n<p class=\"wp-block-paragraph\">En el caso de los trabajadores y alumnos hombres, el director general del Cobach pidi\u00f3 que generen en las aulas y en sus centros de trabajo actividades y espacios de reflexi\u00f3n que permitan y garanticen actuar urgentemente en contra de la violencia de g\u00e9nero.<\/p>\n","protected":false},"excerpt":{"rendered":"<p>Anunci\u00f3 cero tolerancia al acoso, propuso a las representaciones sindicales, cerrar el paso a la impunidad y no defender a quienes acosen a mujeres y alumnas del Cobach. <\/p>\n","protected":false},"author":3,"featured_media":18152,"comment_status":"open","ping_status":"open","sticky":false,"template":"","format":"standard","meta":{"_monsterinsights_skip_tracking":false,"footnotes":""},"categories":[691,52],"tags":[],"class_list":["post-18155","post","type-post","status-publish","format-standard","has-post-thumbnail","category-691","category-hombres"],"_links":{"self":[{"href":"https:\/\/redsemlac.com\/semmexico\/wp-json\/wp\/v2\/posts\/18155","targetHints":{"allow":["GET"]}}],"collection":[{"href":"https:\/\/redsemlac.com\/semmexico\/wp-json\/wp\/v2\/posts"}],"about":[{"href":"https:\/\/redsemlac.com\/semmexico\/wp-json\/wp\/v2\/types\/post"}],"author":[{"embeddable":true,"href":"https:\/\/redsemlac.com\/semmexico\/wp-json\/wp\/v2\/users\/3"}],"replies":[{"embeddable":true,"href":"https:\/\/redsemlac.com\/semmexico\/wp-json\/wp\/v2\/comments?post=18155"}],"version-history":[{"count":0,"href":"https:\/\/redsemlac.com\/semmexico\/wp-json\/wp\/v2\/posts\/18155\/revisions"}],"wp:featuredmedia":[{"embeddable":true,"href":"https:\/\/redsemlac.com\/semmexico\/wp-json\/wp\/v2\/media\/18152"}],"wp:attachment":[{"href":"https:\/\/redsemlac.com\/semmexico\/wp-json\/wp\/v2\/media?parent=18155"}],"wp:term":[{"taxonomy":"category","embeddable":true,"href":"https:\/\/redsemlac.com\/semmexico\/wp-json\/wp\/v2\/categories?post=18155"},{"taxonomy":"post_tag","embeddable":true,"href":"https:\/\/redsemlac.com\/semmexico\/wp-json\/wp\/v2\/tags?post=18155"}],"curies":[{"name":"wp","href":"https:\/\/api.w.org\/{rel}","templated":true}]}}