{"id":18151,"date":"2020-03-11T23:26:25","date_gmt":"2020-03-11T23:26:25","guid":{"rendered":"https:\/\/redsemlac.com\/semmexico\/?p=18151"},"modified":"2023-07-21T15:21:29","modified_gmt":"2023-07-21T20:21:29","slug":"guerrero-133","status":"publish","type":"post","link":"https:\/\/redsemlac.com\/semmexico\/guerrero-133\/","title":{"rendered":"Combate frontal al acoso en la UAGRO"},"content":{"rendered":"\n<p class=\"wp-block-paragraph\"><strong>Josefina Aguilar Pastor\u00a0<\/strong><\/p>\n\n\n\n<p class=\"wp-block-paragraph\">SemM\u00e9xico.Chilpancingo, Guerrero, 11 de marzo de 2020.- Casos de acoso y hostigamiento sexual en la Universidad Aut\u00f3noma de Guerrero (UAGro), ser\u00e1n atendidos de manera oficiosa, anunci\u00f3 el rector Javier Salda\u00f1a Almaz\u00e1n, al momento tienen solo tres casos consolidados, inform\u00f3 la Unidad de G\u00e9nero.&nbsp;<\/p>\n\n\n\n<p class=\"wp-block-paragraph\">En entrevista al acudir a la Prepa 33, donde entreg\u00f3 la obra de un edificio, Salda\u00f1a Almaz\u00e1n dio a conocer que por cuerdo con el Tribunal Universitario, la Comisi\u00f3n de Derechos Humanos y Universitarios, as\u00ed como con el \u00e1rea jur\u00eddica, cualquier se\u00f1alamiento de hostigamiento o acoso, ser\u00e1 abordado de manera oficiosa, sin necesidad de que medie una denuncia, para atender dijo, de manera integral todos los asuntos que se presenten en tanto se aprueba el reglamento y protocolo sobre g\u00e9nero.<\/p>\n\n\n\n<p class=\"wp-block-paragraph\">\u201cSi hay se\u00f1alamiento en contra de quien sea, le vamos a dar seguimiento, atender\u201d, ofreci\u00f3 el rector, quien precis\u00f3 que hasta este d\u00eda, ser\u00edan tres casos documentados, a los que siguen dando seguimiento; admiti\u00f3 que hay otros tantos que han surgido en unidades acad\u00e9micas como la prepa 27 en Acapulco; la prepa 4, en Taxco, donde reconoci\u00f3 que el inculpado, ya ten\u00eda 4 reportes anteriores \u201cy yo creo que ya estuvo bien\u201d, expres\u00f3.<\/p>\n\n\n\n<p class=\"wp-block-paragraph\">Justific\u00f3 no haber actuado, por falta de pruebas, que en este casi si las hay, capturas de mensajes, videos, grabaciones; de acuerdo al reglamento actual, en caso de comprobarse la falta del acad\u00e9mico, las sanciones a aplicar ser\u00edan: amonestaci\u00f3n, separaci\u00f3n y expulsi\u00f3n. Salda\u00f1a Almaz\u00e1n pidi\u00f3 a los \u00f3rganos universitarios actuar r\u00e1pido en la resoluci\u00f3n de este caso, en el que asegur\u00f3, \u201cno me meto\u201d, \u201ctenemos mandar un mensaje de que el respeto a las mujeres no est\u00e1 a negociaci\u00f3n, todos estamos obligados a respetar\u201d, recalc\u00f3.&nbsp;<\/p>\n\n\n\n<p class=\"wp-block-paragraph\">Sin embargo, tambi\u00e9n se pronunci\u00f3 porque al hacer alguna denuncia, se presenten las pruebas que la acrediten, no pueden dijo, hacer un juicio sumario a alguien, sin pruebas. Reiter\u00f3 que siguen siendo \u201cpocos\u201d, algunos\u201d, los casos de maestros denunciados por acoso, hostigamiento, misoginia, machismo, asegur\u00f3 que han tratado a trav\u00e9s del departamento psicopedag\u00f3gico, orientar a los profesores; &nbsp;est\u00e1 bien agreg\u00f3, que se capacite a las mujeres, pero la mayor preparaci\u00f3n en este tema, debe ser para los hombres, sobre como poder convivir con igualdad.<\/p>\n\n\n\n<p class=\"wp-block-paragraph\">\u201cPor eso vamos a crear un \u00e1rea de g\u00e9nero en cada escuela y se enfoque a preparar a los profesores\u201d, muchos de los cuales indic\u00f3 Salda\u00f1a Almaz\u00e1n, vienen de la escuela tradicional, pero como universitarios, est\u00e1n obligados a superarse, a &nbsp;ser respetuoso de los derechos humanos.<\/p>\n\n\n\n<p class=\"wp-block-paragraph\">Record\u00f3 que fue el quien anteriormente denunci\u00f3 casos de ciber acoso en escuelas como odontolog\u00eda, comercio, y Derecho, en Acapulco. Del protocolo sobre g\u00e9nero, asegur\u00f3 que est\u00e1 elaborado desde el a\u00f1o pasado, se han tardado en su aprobaci\u00f3n, y derivado de los \u00faltimos se\u00f1alamientos, se encuentra en revisi\u00f3n; una vez que se apruebe y entre en vigor, muchos universitarios tendr\u00e1n que &nbsp;reformarse o ajustarse a la \u00e9tica, advirti\u00f3 el rector.<\/p>\n\n\n\n<p class=\"wp-block-paragraph\">Finalmente, Salda\u00f1a Almaz\u00e1n, coment\u00f3 que anteriormente hubo protecci\u00f3n de los sindicatos hacia estos trabajadores universitarios se\u00f1alados, intervinieron por ellos, pero ahora &nbsp;solo piden que cuando haya una denuncia, este acompa\u00f1ada de las evidencias que demuestren las acusaciones.<\/p>\n","protected":false},"excerpt":{"rendered":"<p>Casos de acoso y hostigamiento sexual en la Universidad Aut\u00f3noma de Guerrero (UAGro), ser\u00e1n atendidos de manera oficiosa, anunci\u00f3 el rector Javier Salda\u00f1a Almaz\u00e1n<\/p>\n","protected":false},"author":3,"featured_media":18153,"comment_status":"open","ping_status":"open","sticky":false,"template":"","format":"standard","meta":{"_monsterinsights_skip_tracking":false,"footnotes":""},"categories":[691,51],"tags":[],"class_list":["post-18151","post","type-post","status-publish","format-standard","has-post-thumbnail","category-691","category-ejecutivo"],"_links":{"self":[{"href":"https:\/\/redsemlac.com\/semmexico\/wp-json\/wp\/v2\/posts\/18151","targetHints":{"allow":["GET"]}}],"collection":[{"href":"https:\/\/redsemlac.com\/semmexico\/wp-json\/wp\/v2\/posts"}],"about":[{"href":"https:\/\/redsemlac.com\/semmexico\/wp-json\/wp\/v2\/types\/post"}],"author":[{"embeddable":true,"href":"https:\/\/redsemlac.com\/semmexico\/wp-json\/wp\/v2\/users\/3"}],"replies":[{"embeddable":true,"href":"https:\/\/redsemlac.com\/semmexico\/wp-json\/wp\/v2\/comments?post=18151"}],"version-history":[{"count":0,"href":"https:\/\/redsemlac.com\/semmexico\/wp-json\/wp\/v2\/posts\/18151\/revisions"}],"wp:featuredmedia":[{"embeddable":true,"href":"https:\/\/redsemlac.com\/semmexico\/wp-json\/wp\/v2\/media\/18153"}],"wp:attachment":[{"href":"https:\/\/redsemlac.com\/semmexico\/wp-json\/wp\/v2\/media?parent=18151"}],"wp:term":[{"taxonomy":"category","embeddable":true,"href":"https:\/\/redsemlac.com\/semmexico\/wp-json\/wp\/v2\/categories?post=18151"},{"taxonomy":"post_tag","embeddable":true,"href":"https:\/\/redsemlac.com\/semmexico\/wp-json\/wp\/v2\/tags?post=18151"}],"curies":[{"name":"wp","href":"https:\/\/api.w.org\/{rel}","templated":true}]}}