{"id":18148,"date":"2020-03-11T22:51:40","date_gmt":"2020-03-11T22:51:40","guid":{"rendered":"https:\/\/redsemlac.com\/semmexico\/?p=18148"},"modified":"2023-07-21T15:21:29","modified_gmt":"2023-07-21T20:21:29","slug":"opinion-380","status":"publish","type":"post","link":"https:\/\/redsemlac.com\/semmexico\/opinion-380\/","title":{"rendered":"La sart\u00e9n por el mango"},"content":{"rendered":"\n<h2 class=\"wp-block-heading\"> Fuimos todas <\/h2>\n\n\n\n<p class=\"wp-block-paragraph\"><strong>Por: Mala Madre<\/strong><\/p>\n\n\n\n<p class=\"wp-block-paragraph\">SemM\u00e9xico\/Animal Pol\u00edtico. 11 de marzo 2020.- Por primera vez fuimos todas. Las que nunca hab\u00edan salido a las calles a manifestarse un 8 de marzo y las que ya perdimos la cuenta de las marchas que llevamos. Las que prefieren la no violencia y las que apoyamos la acci\u00f3n directa. Las que caminaron con calma, y tambi\u00e9n las que\u00a0<em>lo rompieron todo<\/em>. Las que no pueden con tanto dolor y las que rezamos por no tener que sufrirlo.<\/p>\n\n\n\n<p class=\"wp-block-paragraph\">Fuimos y atiborramos el centro de la ciudad como nunca antes lo hab\u00edamos hecho. Nos citamos a las 2 de la tarde en la Plaza de la Rep\u00fablica, pero desde las 11 empezamos a ocupar los espacios que este domingo se llenaron de un violeta feminista que floreci\u00f3 a la par de las jacarandas por todo Paseo de la Reforma, Avenida Ju\u00e1rez y 5 de Mayo, hasta llegar al Z\u00f3calo. Ni las barricadas del gobierno de la Ciudad para impedir el paso por la calle de Madero, ni los gases de extintores de las polic\u00edas, ni mucho menos las amenazas de algunos loquitos con verter \u00e1cido a las asistentes nos impidieron llegar.<\/p>\n\n\n\n<p class=\"wp-block-paragraph\">Ah\u00ed estuvo como otros a\u00f1os desde 2016 Yesenia Zamudio, mam\u00e1 de Mar\u00eda de Jes\u00fas, la joven de 19 a\u00f1os alumna del IPN que muri\u00f3 tras ser arrojada de un quinto piso presuntamente por un profesor y a\u00fan no obtiene justicia. Tambi\u00e9n amigas y familia de Adriana Morlett, de 21 a\u00f1os, que el 6 de septiembre de 2010 desapareci\u00f3 al salir de la biblioteca central de la UNAM y cuyo cuerpo fue encontrado meses despu\u00e9s en el Ajusco. Y Carmen, mujer que fue v\u00edctima de un ataque con \u00e1cido a manos de su expareja y se niega a que un hombre violento m\u00e1s goce de impunidad.<\/p>\n\n\n\n<p class=\"wp-block-paragraph\">El dolor de estas mujeres se mezcl\u00f3 con el hartazgo de las j\u00f3venes que llevan sus cortos a\u00f1os padeciendo el acoso y la violencia por parte de hombres que creen que pueden disponer de sus cuerpos y de sus vidas. Como Tanya y Viri, las mejores amigas de mi hija, que incursionaron por primera vez en la protesta callejera con todo y el miedo de su madre a que alguna cosa horrible pasara. Si esa mam\u00e1 que se qued\u00f3 en casa asustada hubiera acompa\u00f1ado a sus hijas, habr\u00eda visto a un r\u00edo de mujeres en\u00e9rgicas, pero tambi\u00e9n gozosas, llegando a la Plaza de la Constituci\u00f3n cuando miles m\u00e1s a\u00fan no terminaban de salir de la Plaza de la Rep\u00fablica.<\/p>\n\n\n\n<figure class=\"wp-block-image\"><a href=\"https:\/\/www.animalpolitico.com\/la-sarten-por-el-mango\/fuimos-todas\/mis-amigas-me-cuidan\/\" target=\"_blank\" rel=\"noreferrer noopener\"><img decoding=\"async\" src=\"https:\/\/www.animalpolitico.com\/wp-content\/uploads\/2020\/03\/mis-amigas-me-cuidan.jpg\" alt=\"\" class=\"wp-image-661934\"\/><\/a><figcaption> Foto v\u00eda @veronicalderon. <\/figcaption><\/figure>\n\n\n\n<p class=\"wp-block-paragraph\">Porque fuimos todas. Desde el contingente pro despenalizaci\u00f3n del aborto, hasta las que pretenden&nbsp;<em>salvar las dos vidas<\/em>. De madres con beb\u00e9s de meses, a se\u00f1oras de la tercera edad. Ah\u00ed estaban estudiantes, ind\u00edgenas, mujeres con discapacidad, colectivas de ciclistas. Ninguna quiso perder la oportunidad de sentir que estaban haciendo historia. Porque hicimos historia. \u00bfCu\u00e1ndo se hab\u00eda visto tomar las calles a tal cantidad de mujeres enojadas? Fuimos todas las que caminamos tranquilas a pesar del coraje y&nbsp;<em>todas<\/em>&nbsp;las que grafiteamos la pared. Ya tendremos oportunidad de debatir y revisar nuestros privilegios para entonces aseverar cu\u00e1l es la mejor forma de inconformarse p\u00fablicamente, pero hoy partamos del respeto que emanan las sabias palabras de Yesenia: \u201c<em>Tengo todo el derecho a quemar y a romper, no le voy a pedir permiso a nadie, porque yo estoy rompiendo por mi hija. Y la que quiera romper que rompa, y la que quiera quemar, que queme. Y la que no, que no estorbe<\/em>\u201d. Un d\u00eda debemos dejar de juzgar y tratar de entender nuestras propias razones para estar enojadas, que nos atraviesan a todas pero no de la misma forma. Con algunas se ensa\u00f1a del peor modo. Ese d\u00eda entenderemos por qu\u00e9 ayer&nbsp;<em>fuimos todas&nbsp;<\/em>las que caminamos y las que pintamos y las que rompimos y las que gritamos.<\/p>\n\n\n\n<p class=\"wp-block-paragraph\">Pero no se confundan. Fue una la que arroj\u00f3 bombas molotov frente a Palacio Nacional cuando la colectiva de mujeres intentaba colgar con \u00e9xito una manta de&nbsp;<em>M\u00e9xico Feminicida<\/em>&nbsp;en la puerta mariana y la violenta incursi\u00f3n no las dej\u00f3 alcanzar su objetivo. Una mujer sin capucha negra, prenda morada o pa\u00f1uelo verde,&nbsp;<em>kit&nbsp;<\/em>distintivo de las j\u00f3venes que pasan a la acci\u00f3n directa y en general de cualquier participante en la marcha. Una mujer sin grupo que la acuerpara. Ella no fuimos todas porque todas las que est\u00e1bamos ah\u00ed esper\u00e1bamos ver la manta colgada y ninguna de nosotras nos pondr\u00edamos en peligro de esa forma irresponsable. Nuestro enojo lo volcamos a las piedras, las paredes y los monumentos, nunca a las personas y menos a nosotras mismas. \u00bfAlgo qu\u00e9 decir, gobierno de la ciudad, gobierno federal?<\/p>\n\n\n\n<p class=\"wp-block-paragraph\">As\u00ed que gu\u00e1rdense los sermones. A la hermosa marcha de este domingo fuimos todas, y las autoras de los cantos, bailes, gritos, pintas y protestas tambi\u00e9n&nbsp;<em>fuimos todas<\/em>, y eso es lo m\u00e1s bonito que vivimos ayer.<\/p>\n\n\n\n<p class=\"wp-block-paragraph\"><a rel=\"noreferrer noopener\" target=\"_blank\" href=\"https:\/\/twitter.com\/malamadremx\"><strong>@malamadremx<\/strong><\/a><br><\/p>\n","protected":false},"excerpt":{"rendered":"<p>Fuimos todas <\/p>\n","protected":false},"author":3,"featured_media":18149,"comment_status":"open","ping_status":"open","sticky":false,"template":"","format":"standard","meta":{"_monsterinsights_skip_tracking":false,"footnotes":""},"categories":[691,82,110],"tags":[],"class_list":["post-18148","post","type-post","status-publish","format-standard","has-post-thumbnail","category-691","category-la-opinion","category-la-opinion-columnas"],"_links":{"self":[{"href":"https:\/\/redsemlac.com\/semmexico\/wp-json\/wp\/v2\/posts\/18148","targetHints":{"allow":["GET"]}}],"collection":[{"href":"https:\/\/redsemlac.com\/semmexico\/wp-json\/wp\/v2\/posts"}],"about":[{"href":"https:\/\/redsemlac.com\/semmexico\/wp-json\/wp\/v2\/types\/post"}],"author":[{"embeddable":true,"href":"https:\/\/redsemlac.com\/semmexico\/wp-json\/wp\/v2\/users\/3"}],"replies":[{"embeddable":true,"href":"https:\/\/redsemlac.com\/semmexico\/wp-json\/wp\/v2\/comments?post=18148"}],"version-history":[{"count":0,"href":"https:\/\/redsemlac.com\/semmexico\/wp-json\/wp\/v2\/posts\/18148\/revisions"}],"wp:featuredmedia":[{"embeddable":true,"href":"https:\/\/redsemlac.com\/semmexico\/wp-json\/wp\/v2\/media\/18149"}],"wp:attachment":[{"href":"https:\/\/redsemlac.com\/semmexico\/wp-json\/wp\/v2\/media?parent=18148"}],"wp:term":[{"taxonomy":"category","embeddable":true,"href":"https:\/\/redsemlac.com\/semmexico\/wp-json\/wp\/v2\/categories?post=18148"},{"taxonomy":"post_tag","embeddable":true,"href":"https:\/\/redsemlac.com\/semmexico\/wp-json\/wp\/v2\/tags?post=18148"}],"curies":[{"name":"wp","href":"https:\/\/api.w.org\/{rel}","templated":true}]}}