{"id":18145,"date":"2020-03-11T21:42:41","date_gmt":"2020-03-11T21:42:41","guid":{"rendered":"https:\/\/redsemlac.com\/semmexico\/?p=18145"},"modified":"2023-07-21T15:21:30","modified_gmt":"2023-07-21T20:21:30","slug":"mujeres-constructoras-de-paz-proyecto-del-inmujeres-para-promover-la-cultura-de-paz","status":"publish","type":"post","link":"https:\/\/redsemlac.com\/semmexico\/mujeres-constructoras-de-paz-proyecto-del-inmujeres-para-promover-la-cultura-de-paz\/","title":{"rendered":"Mujeres Constructoras de Paz: proyecto del Inmujeres para promover la cultura de paz"},"content":{"rendered":"\n<p class=\"wp-block-paragraph\"><strong>Redacci\u00f3n &nbsp;<\/strong><\/p>\n\n\n\n<p class=\"wp-block-paragraph\">SemM\u00e9xico. Cd. de M\u00e9xico. 12 de marzo de 2020.- En el marco de las conmemoraciones del D\u00eda Internacional de la Mujer, el Instituto Nacional de las Mujeres acompa\u00f1\u00f3 a la Secretar\u00eda de Seguridad y Protecci\u00f3n Ciudadana en la firma del Memor\u00e1ndum de Entendimiento con la oficina de ONU Mujeres en M\u00e9xico, con el objetivo de contribuir a erradicar la violencia hacia las mujeres.<\/p>\n\n\n\n<p class=\"wp-block-paragraph\">Durante el evento, Nadine Gasman, presidenta del Inmujeres inform\u00f3 que en seguimiento al Acuerdo Nacional por la Igualdad, firmado por el presidente de M\u00e9xico Andr\u00e9s Manuel L\u00f3pez Obrador, se impulsa el proyecto \u201cMujeres Constructoras de Paz\u201d (Mucpaz), con el que se busca prevenir la violencia familiar y de g\u00e9nero a trav\u00e9s de estrategias focalizadas e integrales que permitan identificar factores de riesgo, fomentar la igualdad de g\u00e9nero, crear entornos libres de violencia y promover una cultura de paz.<\/p>\n\n\n\n<p class=\"wp-block-paragraph\">\u201cVemos que las mujeres son poderosas agentes de cambio y de transformaci\u00f3n ante la inseguridad, la violencia y la intolerancia. Con las mujeres y sus habilidades como mediadoras, queremos pacificar al pa\u00eds\u201d, indic\u00f3 Nadine Gasman y destac\u00f3 que para poder desarrollar este proyecto fue fundamental el apoyo del secretario de Seguridad P\u00fablica Ciudadana, Alfonso Durazo y del licenciado Leonel Cota Monta\u00f1o, titular del Secretariado Ejecutivo del Sistema Nacional de Seguridad P\u00fablica, ya que este a\u00f1o iniciar\u00e1 la puesta en marcha del Proyecto MUCPAZ con recursos del Programa de Fortalecimiento para la Seguridad (FORTASEG), con una inversi\u00f3n de $144.5 millones de pesos y una cobertura que alcanzar\u00e1 a 162 municipios del pa\u00eds.<\/p>\n\n\n\n<p class=\"wp-block-paragraph\">Gasman agreg\u00f3 que Mucpaz se elabor\u00f3 con base en buenas pr\u00e1cticas internacionales, con el objetivo de desarrollar mecanismos para que m\u00e1s mujeres puedan participar y convertirse en multiplicadoras de procesos de paz en M\u00e9xico desde el nivel municipal.&nbsp;<\/p>\n\n\n\n<p class=\"wp-block-paragraph\">Para lograr la construcci\u00f3n de la paz, desde el Gobierno de M\u00e9xico estamos implementando cambios profundos en sus planes y programas, a fin de incorporar una perspectiva de derechos humanos y promover la igualdad de g\u00e9nero y el empoderamiento de las mujeres.<\/p>\n","protected":false},"excerpt":{"rendered":"<p>Con el que se busca prevenir la violencia familiar y de g\u00e9nero a trav\u00e9s de estrategias focalizadas e integrales que permitan identificar factores de riesgo<\/p>\n","protected":false},"author":3,"featured_media":18146,"comment_status":"open","ping_status":"open","sticky":false,"template":"","format":"standard","meta":{"_monsterinsights_skip_tracking":false,"footnotes":""},"categories":[691,51],"tags":[],"class_list":["post-18145","post","type-post","status-publish","format-standard","has-post-thumbnail","category-691","category-ejecutivo"],"_links":{"self":[{"href":"https:\/\/redsemlac.com\/semmexico\/wp-json\/wp\/v2\/posts\/18145","targetHints":{"allow":["GET"]}}],"collection":[{"href":"https:\/\/redsemlac.com\/semmexico\/wp-json\/wp\/v2\/posts"}],"about":[{"href":"https:\/\/redsemlac.com\/semmexico\/wp-json\/wp\/v2\/types\/post"}],"author":[{"embeddable":true,"href":"https:\/\/redsemlac.com\/semmexico\/wp-json\/wp\/v2\/users\/3"}],"replies":[{"embeddable":true,"href":"https:\/\/redsemlac.com\/semmexico\/wp-json\/wp\/v2\/comments?post=18145"}],"version-history":[{"count":0,"href":"https:\/\/redsemlac.com\/semmexico\/wp-json\/wp\/v2\/posts\/18145\/revisions"}],"wp:featuredmedia":[{"embeddable":true,"href":"https:\/\/redsemlac.com\/semmexico\/wp-json\/wp\/v2\/media\/18146"}],"wp:attachment":[{"href":"https:\/\/redsemlac.com\/semmexico\/wp-json\/wp\/v2\/media?parent=18145"}],"wp:term":[{"taxonomy":"category","embeddable":true,"href":"https:\/\/redsemlac.com\/semmexico\/wp-json\/wp\/v2\/categories?post=18145"},{"taxonomy":"post_tag","embeddable":true,"href":"https:\/\/redsemlac.com\/semmexico\/wp-json\/wp\/v2\/tags?post=18145"}],"curies":[{"name":"wp","href":"https:\/\/api.w.org\/{rel}","templated":true}]}}