{"id":18122,"date":"2020-03-11T21:33:58","date_gmt":"2020-03-11T21:33:58","guid":{"rendered":"https:\/\/redsemlac.com\/semmexico\/?p=18122"},"modified":"2023-07-21T15:21:30","modified_gmt":"2023-07-21T20:21:30","slug":"oaxaca-149","status":"publish","type":"post","link":"https:\/\/redsemlac.com\/semmexico\/oaxaca-149\/","title":{"rendered":"Escrache ante el silencio de la sociedad"},"content":{"rendered":"\n<p class=\"wp-block-paragraph\"><strong>* Colocan\n\u201ctendedero\u201d de acusaciones al paso de la marcha<\/strong><\/p>\n\n\n\n<p class=\"wp-block-paragraph\"><strong>* Nunca m\u00e1s\ncontar\u00e1n con nuestro silencio, afirman<\/strong><\/p>\n\n\n\n<p class=\"wp-block-paragraph\"><strong>Redacci\u00f3n <\/strong><\/p>\n\n\n\n<p class=\"wp-block-paragraph\">SemM\u00e9xico, Oaxaca, 11 de marzo 2020.- La marcha\nfeminista, de mujeres y activista del pasado domingo dej\u00f3 a su paso los\ntestimonios y acusaciones de mujeres que han sufrido violencia machista,\nprincipalmente en las escuelas.<\/p>\n\n\n\n<p class=\"wp-block-paragraph\">A trav\u00e9s del Facebook Me Too 2, las activistas\npublicaron el \u201ctendedero\u201d de denuncias que se qued\u00f3 plasmado a todo lo largo unas\n15 cuadras que recorri\u00f3 la marcha entre el Pante\u00f3n General y el z\u00f3calo de la\ncapital oaxaque\u00f1a, en lo que llaman \u201cTejer lazos y crear nuestra propia\njusticia\u201d.<\/p>\n\n\n\n[ngg src=\u00bbgalleries\u00bb ids=\u00bb3&#8243; display=\u00bbbasic_imagebrowser\u00bb]\n\n\n\n<p class=\"wp-block-paragraph\"><br>\n\u201cEsta es nuestra rabia, la que qued\u00f3 en las\nparedes al paso de las valientes oaxaque\u00f1as que iban sanando tanto dolor que les\nsembraron en el cuerpo estos <em>mierdas <\/em>con\nsus actos, las instituciones con su impunidad y la sociedad con su indiferencia\u201d.<\/p>\n\n\n\n<p class=\"wp-block-paragraph\">Se trata de los nombres, fotograf\u00edas y pinturas\nde hombres acusados de haber infringido violencia feminicida: compa\u00f1eros de\ntrabajo, maestros, artistas y hasta compa\u00f1eros de vida.<\/p>\n\n\n\n<p class=\"wp-block-paragraph\"><br>\nEllas, las activistas sostienen que \u201cla\nindiferencia tambi\u00e9n es violencia y de nosotras no la tendr\u00e1n, no est\u00e1n solas,\naqu\u00ed est\u00e1 su manada. Nos unimos al grito colectivo, a la denuncia y al escrache\nante el silencio de una sociedad, gobierno e instituciones que nos han negado\nnuestro derecho de alcanzar justicia\u201d.<br>\n<br>\n<\/p>\n\n\n\n<p class=\"wp-block-paragraph\">\u201cNunca m\u00e1s nos quedaremos calladas, nunca m\u00e1s\ntendr\u00e1n paz, porque nosotras hemos de quemarlo todo hasta que ninguna m\u00e1s sea\nagredida, tocada, violentada, violada, acosada, asesinada\u2026<br>\n<br>\n<\/p>\n\n\n\n<p class=\"wp-block-paragraph\">SEM\/sj<\/p>\n","protected":false},"excerpt":{"rendered":"<p>Colocan \u201ctendedero\u201d de acusaciones al paso de la marcha<\/p>\n","protected":false},"author":3,"featured_media":18143,"comment_status":"open","ping_status":"open","sticky":false,"template":"","format":"standard","meta":{"_monsterinsights_skip_tracking":false,"footnotes":""},"categories":[691,54],"tags":[],"class_list":["post-18122","post","type-post","status-publish","format-standard","has-post-thumbnail","category-691","category-mujeres"],"_links":{"self":[{"href":"https:\/\/redsemlac.com\/semmexico\/wp-json\/wp\/v2\/posts\/18122","targetHints":{"allow":["GET"]}}],"collection":[{"href":"https:\/\/redsemlac.com\/semmexico\/wp-json\/wp\/v2\/posts"}],"about":[{"href":"https:\/\/redsemlac.com\/semmexico\/wp-json\/wp\/v2\/types\/post"}],"author":[{"embeddable":true,"href":"https:\/\/redsemlac.com\/semmexico\/wp-json\/wp\/v2\/users\/3"}],"replies":[{"embeddable":true,"href":"https:\/\/redsemlac.com\/semmexico\/wp-json\/wp\/v2\/comments?post=18122"}],"version-history":[{"count":0,"href":"https:\/\/redsemlac.com\/semmexico\/wp-json\/wp\/v2\/posts\/18122\/revisions"}],"wp:featuredmedia":[{"embeddable":true,"href":"https:\/\/redsemlac.com\/semmexico\/wp-json\/wp\/v2\/media\/18143"}],"wp:attachment":[{"href":"https:\/\/redsemlac.com\/semmexico\/wp-json\/wp\/v2\/media?parent=18122"}],"wp:term":[{"taxonomy":"category","embeddable":true,"href":"https:\/\/redsemlac.com\/semmexico\/wp-json\/wp\/v2\/categories?post=18122"},{"taxonomy":"post_tag","embeddable":true,"href":"https:\/\/redsemlac.com\/semmexico\/wp-json\/wp\/v2\/tags?post=18122"}],"curies":[{"name":"wp","href":"https:\/\/api.w.org\/{rel}","templated":true}]}}