{"id":18120,"date":"2020-03-11T19:19:42","date_gmt":"2020-03-11T19:19:42","guid":{"rendered":"https:\/\/redsemlac.com\/semmexico\/?p=18120"},"modified":"2023-07-21T15:21:30","modified_gmt":"2023-07-21T20:21:30","slug":"opinion-379","status":"publish","type":"post","link":"https:\/\/redsemlac.com\/semmexico\/opinion-379\/","title":{"rendered":"Mirada Violeta"},"content":{"rendered":"\n<h2 class=\"wp-block-heading\">Marcha internacional del 08 marzo 2020 en Bruselas, B\u00e9lgica<\/h2>\n\n\n\n<p class=\"wp-block-paragraph\"><strong>&nbsp;Lupita Ramos\nPonce<\/strong><\/p>\n\n\n\n<p class=\"wp-block-paragraph\">SemM\u00e9xico. 11 de marzo 2020.- Las movilizaciones en M\u00e9xico\nen torno al d\u00eda internacional de las mujeres y el paro nacional de mujeres del\n9 de marzo, sin duda llenan de esperanza nuestros corazones. La movilizaci\u00f3n de\nconciencias tiene que llevar a cambios profundos que permitan erradicar\ndefinitivamente las violencias machistas y garantizar as\u00ed una vida libre de\nviolencias para las ni\u00f1as y las mujeres.<\/p>\n\n\n\n<p class=\"wp-block-paragraph\">Este a\u00f1o me toc\u00f3 marchar y movilizarme con mujeres,\nfeministas y activistas de otras latitudes. Especialmente caminar y gritar\nconsignas junto con m\u00e1s de 6000 personas que salieron a las calles de Bruselas\nen B\u00e9lgica. Aqu\u00ed les comparto la rese\u00f1a de Thamara Cruz del Colectivo feminista\nSiempre.<\/p>\n\n\n\n<p class=\"wp-block-paragraph\">\u201cSindicatos, grupos de mujeres, grupos Queer, LGTBI,\nexpresaron mediante testimonios, discursos y el Flash Mob El Violador en tu\ncamino su presencia. En dos plazas situadas al frente y costado de la Estaci\u00f3n\nCentral de la Capital de Bruselas, se reunieron para reivindicar los derechos\nde las mujeres y ni\u00f1as.<\/p>\n\n\n\n<p class=\"wp-block-paragraph\">Mujeres Latinoamericanas y del Caribe junto con la\norganizaci\u00f3n Siempre, se dieron cita en la Plaza de la Europa para unirse al\nllamado de la Marcha Internacional del 8 de marzo y expresar juntas su\nsolidaridad con el movimiento internacional de mujeres y organizaciones tanto\nen B\u00e9lgica con el #8Mars#LaMarcheMundialdeFemmes y en M\u00e9xico con el\n#UnDiaSinNosotras, y en apoyo con nuestras hermanas activistas, profesionistas,\nind\u00edgenas, feministas y organizaciones en M\u00e9xico. Con la presencia de la Dra.\nGuadalupe Ramos Ponce abogada feminista, activista quien estuvo presente,\nfrente a la audiencia de mujeres provenientes de diferentes di\u00e1sporas, dio las\nsiguientes cifras de la realidad que se viven sobre el Feminicidio en M\u00e9xico\n15,804 asesinatos de mujeres, de los cuales 3,751 fueron investigados como\nfeminicidio, es decir un 23.7%; tan s\u00f3lo en 2019 fueron asesinadas 3,825\nmujeres, 1006 casos son investigados como feminicidio. M\u00e9xico vive una de las\npeores realidades de violencia feminicida, ya que diariamente son asesinadas 10\nmujeres. Junto a ella, en el escenario se unieron mujeres provenientes de otros\npa\u00edses Latinoamericanos radicadas en B\u00e9lgica para hacer un llamado frente al\ndesplazamiento de sus hijos en familias de acogida o refugios de ni\u00f1os que s\u00f3lo\npueden visitar a veces y con acceso muy restringido, injusticia que viven sin\nconsiderar que son sus madres. La urgencia de encontrar servicios adecuados,\naccesibles y con el personal y profesionales competente durante el\nacompa\u00f1amiento, seguimiento y apelaci\u00f3n en los casos dictaminados y con\nresoluciones por parte de jueces en las custodias derivadas de sentencias de\ndivorcio, desplazamiento de menores y dict\u00e1menes psicol\u00f3gicos que no tienen un\nsustento legal. \u201c<\/p>\n\n\n\n<p class=\"wp-block-paragraph\">Sin duda, la sororidad internacional del movimiento\nfeminista hoy se hace m\u00e1s necesaria que nunca. En un abrazo de ida y vuelta,\nregreso a casa &nbsp;con la alegr\u00eda feminista de las luchas compartidas. Pero\ntambi\u00e9n con profunda tristeza por la realidad de las mujeres migrantes\nlatinoamericanas y caribe\u00f1as en Europa, en donde viven maltratos y\ndiscriminaciones sistem\u00e1ticas, por lo que se requieren acciones concretas y\narticuladas en la erradicaci\u00f3n de las violencias que viven d\u00eda a d\u00eda, especialmente\nen B\u00e9lgica. Deben cumplir los Estados los mandatos de Derechos Humanos de las\nmujeres migrantes tal y como lo establecen los convenios ratificados como el\nConvenio de Estambul y la CEDAW ratificados por B\u00e9lgica. Y especialmente se\nrequiere tipificar e incorporar el feminicidio como delito. El feminicidio se\nencuentra enraizado en la cultura patriarcal y B\u00e9lgica y Europa en general,\ntienen bien fundamentadas sus estructuras machistas, especialmente en la\nJusticia Patriarcal.<\/p>\n\n\n\n<p class=\"wp-block-paragraph\">lupitaramosponce@gmail.com<\/p>\n\n\n\n<p class=\"wp-block-paragraph\">@lupitaramosp<\/p>\n","protected":false},"excerpt":{"rendered":"<p>Marcha internacional del 08 marzo 2020 en Bruselas, B\u00e9lgica<\/p>\n","protected":false},"author":3,"featured_media":8967,"comment_status":"open","ping_status":"open","sticky":false,"template":"","format":"standard","meta":{"_monsterinsights_skip_tracking":false,"footnotes":""},"categories":[691,110,91],"tags":[],"class_list":["post-18120","post","type-post","status-publish","format-standard","has-post-thumbnail","category-691","category-la-opinion-columnas","category-lupita-ramos-ponce"],"_links":{"self":[{"href":"https:\/\/redsemlac.com\/semmexico\/wp-json\/wp\/v2\/posts\/18120","targetHints":{"allow":["GET"]}}],"collection":[{"href":"https:\/\/redsemlac.com\/semmexico\/wp-json\/wp\/v2\/posts"}],"about":[{"href":"https:\/\/redsemlac.com\/semmexico\/wp-json\/wp\/v2\/types\/post"}],"author":[{"embeddable":true,"href":"https:\/\/redsemlac.com\/semmexico\/wp-json\/wp\/v2\/users\/3"}],"replies":[{"embeddable":true,"href":"https:\/\/redsemlac.com\/semmexico\/wp-json\/wp\/v2\/comments?post=18120"}],"version-history":[{"count":0,"href":"https:\/\/redsemlac.com\/semmexico\/wp-json\/wp\/v2\/posts\/18120\/revisions"}],"wp:featuredmedia":[{"embeddable":true,"href":"https:\/\/redsemlac.com\/semmexico\/wp-json\/wp\/v2\/media\/8967"}],"wp:attachment":[{"href":"https:\/\/redsemlac.com\/semmexico\/wp-json\/wp\/v2\/media?parent=18120"}],"wp:term":[{"taxonomy":"category","embeddable":true,"href":"https:\/\/redsemlac.com\/semmexico\/wp-json\/wp\/v2\/categories?post=18120"},{"taxonomy":"post_tag","embeddable":true,"href":"https:\/\/redsemlac.com\/semmexico\/wp-json\/wp\/v2\/tags?post=18120"}],"curies":[{"name":"wp","href":"https:\/\/api.w.org\/{rel}","templated":true}]}}