{"id":18111,"date":"2020-03-11T18:45:15","date_gmt":"2020-03-11T18:45:15","guid":{"rendered":"https:\/\/redsemlac.com\/semmexico\/?p=18111"},"modified":"2023-07-21T15:21:30","modified_gmt":"2023-07-21T20:21:30","slug":"hidalgo-6","status":"publish","type":"post","link":"https:\/\/redsemlac.com\/semmexico\/hidalgo-6\/","title":{"rendered":"Acusado por violaci\u00f3n pretende ser candidato por Morena en Pachuca"},"content":{"rendered":"\n<p class=\"wp-block-paragraph\"><strong>Redacci\u00f3n\/Periodismo\nMexicano<\/strong><\/p>\n\n\n\n<p class=\"wp-block-paragraph\">SemM\u00e9xico\/Periodismo Mexicano. Pachuca, Hidalgo. 11 de marzo\n2020.- En el contexto de empoderamiento de las mujeres y la lucha en contra de\nla violencia de g\u00e9nero, MORENA responsable y sensible a esta demanda social,\nblinda de aspirantes con antecedentes de violencia de g\u00e9nero, ya que desde la\nConvocatoria emitida por el Comit\u00e9 Ejecutivo Nacional se\u00f1ala:<\/p>\n\n\n\n<p class=\"wp-block-paragraph\">Para prevenir que los aspirantes de MORENA hayan ejercido\nviolencia de g\u00e9nero, la Comisi\u00f3n Nacional de Elecciones revisara la trayectoria\nsocial de los aspirantes para el caso de tener antecedentes de violencia\nejercida en contra de las mujeres, ya sea familiares, vecinas o protagonistas\ndel cambio verdadero, no podr\u00e1n ser considerados para el registro\ncorrespondiente; (\u2026)<\/p>\n\n\n\n<p class=\"wp-block-paragraph\">El reconocimiento de MORENA para erradicar la violencia de\ng\u00e9nero se hace constar en la Convocatoria, ahora ser\u00e1n los tiempos de llevar\nesos dichos a los hechos, ya que algunos que pretenden ser candidatos tienen\nantecedentes de violencia de g\u00e9nero, tal es el caso de Francisco Xavier\nBerganza Escorza que fue acusado por Laura Guzm\u00e1n Olvera por intento de violaci\u00f3n\ncon la averiguaci\u00f3n n\u00famero 12\/DAV\/242\/2006 presentada ante el Ministerio\nP\u00fablico de atenci\u00f3n a v\u00edctimas.<\/p>\n\n\n\n<p class=\"wp-block-paragraph\">Ahora le tocar\u00e1 a la Comisi\u00f3n Nacional de Elecciones revisar\nlos antecedentes de las y los ciudadanos que pretendan ser Candidatos por MORENA\na alg\u00fan puesto de elecci\u00f3n popular, y poner freno desde esa Comisi\u00f3n a las\naspiraciones de los que han atentado en contra de las mujeres.&nbsp; El trabajo de esa Comisi\u00f3n har\u00e1 congruente o\nno, el dicho \u201cNi una m\u00e1s, ni una menos\u201d o se convertir\u00e1 en c\u00f3mplice.<\/p>\n\n\n\n<p class=\"wp-block-paragraph\"><strong>Elecciones y\nprevenci\u00f3n de la violencia de g\u00e9nero.&nbsp; <\/strong><\/p>\n\n\n\n<p class=\"wp-block-paragraph\">&nbsp;\u201cEl Estado opresor es\nun macho violador\u201d es el c\u00e1ntico iniciado por las mujeres chilenas que ha dado\nla vuelta al mundo.&nbsp; Visualiza al Estado\ncomo el principal promotor de la violencia hacia las mujeres, es decir, un\norden institucional que es violento sin saber que lo es, el c\u00e1ntico sensibiliza\ny quita la venda de los ojos enfatizando que es violento contra las mujeres:\n\u201cEl Estado Opresor es un macho violador\u201d.&nbsp;&nbsp;\n<\/p>\n\n\n\n<p class=\"wp-block-paragraph\">Los partidos pol\u00edticos como instituciones deben tener\nfiltros para la elecci\u00f3n de sus candidatos y candidatas, no podr\u00edan permitir\npersonas con antecedentes de violencia contra las mujeres ya que se\nconvertir\u00edan en #ElVioladorEresT\u00fa.&nbsp; La\nelecci\u00f3n de las y los candidatos es un mensaje a la ciudadan\u00eda, los partidos\npol\u00edticos tienen que poner filtros para que no se registren personas con\nantecedentes de violencia contra las mujeres, en el caso de MORENA su\nconvocatoria es clara, ya que menciona que la Comisi\u00f3n Nacional de Elecciones\nrevisar\u00e1 los antecedentes de violencia ejercida en contra de las mujeres y no\npodr\u00edan ser considerados para el registro.&nbsp;\n<\/p>\n\n\n\n<p class=\"wp-block-paragraph\">En ese contexto, Francisco Xavier Berganza Escorza que pretende ser Candidato por MORENA a la Alcald\u00eda de Pachuca no podr\u00eda ser registrado ya que cuenta con una acusaci\u00f3n de Laura Guzm\u00e1n Olvera por intento de violaci\u00f3n con la capeta de averiguaci\u00f3n 12\/DAV\/242\/2006 presentada ante el Ministerio P\u00fablico.\u00a0 La Comisi\u00f3n Nacional de Elecciones de MORENA estar\u00e1 en el dilema de prevenir y no ignorar esos antecedentes o convertirse el \u201cEstado opresor macho violador\u201d y permitirle el registro. \u00a1Se ver\u00e1!<\/p>\n\n\n\n<p class=\"wp-block-paragraph\">SEM\/Periodismo Mexicano<\/p>\n","protected":false},"excerpt":{"rendered":"<p>Para prevenir que los aspirantes de MORENA hayan ejercido violencia de g\u00e9nero, la Comisi\u00f3n Nacional de Elecciones revisara la trayectoria social de los aspirantes para el caso de tener antecedentes de violencia ejercida en contra de las mujeres<\/p>\n","protected":false},"author":3,"featured_media":18112,"comment_status":"open","ping_status":"open","sticky":false,"template":"","format":"standard","meta":{"_monsterinsights_skip_tracking":false,"footnotes":""},"categories":[691,56],"tags":[],"class_list":["post-18111","post","type-post","status-publish","format-standard","has-post-thumbnail","category-691","category-redes"],"_links":{"self":[{"href":"https:\/\/redsemlac.com\/semmexico\/wp-json\/wp\/v2\/posts\/18111","targetHints":{"allow":["GET"]}}],"collection":[{"href":"https:\/\/redsemlac.com\/semmexico\/wp-json\/wp\/v2\/posts"}],"about":[{"href":"https:\/\/redsemlac.com\/semmexico\/wp-json\/wp\/v2\/types\/post"}],"author":[{"embeddable":true,"href":"https:\/\/redsemlac.com\/semmexico\/wp-json\/wp\/v2\/users\/3"}],"replies":[{"embeddable":true,"href":"https:\/\/redsemlac.com\/semmexico\/wp-json\/wp\/v2\/comments?post=18111"}],"version-history":[{"count":0,"href":"https:\/\/redsemlac.com\/semmexico\/wp-json\/wp\/v2\/posts\/18111\/revisions"}],"wp:featuredmedia":[{"embeddable":true,"href":"https:\/\/redsemlac.com\/semmexico\/wp-json\/wp\/v2\/media\/18112"}],"wp:attachment":[{"href":"https:\/\/redsemlac.com\/semmexico\/wp-json\/wp\/v2\/media?parent=18111"}],"wp:term":[{"taxonomy":"category","embeddable":true,"href":"https:\/\/redsemlac.com\/semmexico\/wp-json\/wp\/v2\/categories?post=18111"},{"taxonomy":"post_tag","embeddable":true,"href":"https:\/\/redsemlac.com\/semmexico\/wp-json\/wp\/v2\/tags?post=18111"}],"curies":[{"name":"wp","href":"https:\/\/api.w.org\/{rel}","templated":true}]}}