{"id":18085,"date":"2020-03-11T03:22:34","date_gmt":"2020-03-11T03:22:34","guid":{"rendered":"https:\/\/redsemlac.com\/semmexico\/?p=18085"},"modified":"2023-07-21T15:21:30","modified_gmt":"2023-07-21T20:21:30","slug":"rescatan-a-lua-castro-en-oaxaca-habia-sido-secuestrada","status":"publish","type":"post","link":"https:\/\/redsemlac.com\/semmexico\/rescatan-a-lua-castro-en-oaxaca-habia-sido-secuestrada\/","title":{"rendered":"Rescatan a L\u00faa Castro en Oaxaca, hab\u00eda sido secuestrada"},"content":{"rendered":"\n<p class=\"wp-block-paragraph\">\u2022    <strong>La joven cantante conocida por su participaci\u00f3n en el concurso \u201cLa Voz Argentina\u201d destac\u00f3 que por una aplicaci\u00f3n en su tel\u00e9fono m\u00f3vil  fue posible que sus amigos la rastrearan desde Argentina.<\/strong><br> <\/p>\n\n\n\n<p class=\"wp-block-paragraph\"><strong>Patricia Brise\u00f1o<\/strong> <\/p>\n\n\n\n<p class=\"wp-block-paragraph\">SemM\u00e9xico. OAXACA, Oax. 10 de marzo 2020.- Elementos de la Agencia Estatal de Investigaciones (AEI) rescataron a la cantante argentina L\u00faa Castro quien estuvo secuestrada este fin de semana en la ciudad de Oaxaca.<\/p>\n\n\n\n<p class=\"wp-block-paragraph\">A trav\u00e9s de su cuenta en la red social, Facebook, la ciudadana argentina agradeci\u00f3 a su familia, amistades, seguidores as\u00ed como a las autoridades estatales quienes hicieron posible su rescate, a partir de que ella envi\u00f3 un mensaje a sus amigos desde la zona norte de Oaxaca a su pa\u00eds, Argentina.<\/p>\n\n\n\n<p class=\"wp-block-paragraph\">\u201cHoy , ocho de marzo, puedo decir: \u00a1Gracias!, porque estoy viva, porque no callaron mi voz ni mis ganas de vivir y seguir haciendo lo que amo\u201d.<\/p>\n\n\n\n<p class=\"wp-block-paragraph\">La joven cantante conocida por su participaci\u00f3n en el concurso \u201cLa Voz Argentina\u201d destac\u00f3 que por una aplicaci\u00f3n en su tel\u00e9fono m\u00f3vil  fue posible que sus amigos la rastrearan desde Argentina, dando aviso a las autoridades de M\u00e9xico, y de Oaxaca del plagio, lo que facilit\u00f3 localizarla y recatarla  en las  primeras 24 horas.<\/p>\n\n\n\n<p class=\"wp-block-paragraph\">Seg\u00fan versiones extraoficiales, la chica argentina presuntamente estuvo retenida en una casa de seguridad, ubicada en el fraccionamiento Infonavit, Primero , en la zona norte de la ciudad. Personal de la Fiscal\u00eda General de Estado de Oaxaca adscritos al \u00e1rea de Delitos de Ato Impacto la rescataron la ma\u00f1ana del s\u00e1bado y detuvieron al presunto plagiario.<\/p>\n\n\n\n<p class=\"wp-block-paragraph\">\u201cMovieron (sus amistades) cielo y tierra para conseguir los n\u00fameros (telef\u00f3nicos)  de las autoridades correspondientes que me lograron dan conmigo y mi captor. Los Servicios Especiales me rescataran entera, relat\u00f3 visiblemente afectada.<\/p>\n\n\n\n<p class=\"wp-block-paragraph\">\u201cMam\u00e1 te amo! \u00a1Pap\u00e1 te amo! \u00a1Hermanos m\u00edos los amo!\u201d,expres\u00f3 a su familia, y recomend\u00f3 a sus seguidores cuidarse.<\/p>\n\n\n\n<p class=\"wp-block-paragraph\">En su declaraci\u00f3n p\u00fablica, L\u00faa Castro dijo que  fue llevada a un domicilio ubicado en el Infonavit Primero de Mayo, donde Luis G., la mantuvo privada de su libertad,  la noche del viernes, 6 de marzo, hasta las primeras horas del s\u00e1bado, cuando la  rescataron.<\/p>\n\n\n\n<p class=\"wp-block-paragraph\">Tras presentar su denuncia en la sede de la Fiscal\u00eda General de Justicia de Oaxaca, en el complejo de Ciudad Judicial, en el municipio courbado de San Bartolo Coyotepec, la cantante difundi\u00f3 un video en la red social  en la que comenta  \u201ca pesar de haber vivido esta experiencia, deseo continuar mi estancia en M\u00e9xico\u201d.<\/p>\n\n\n\n<p class=\"wp-block-paragraph\">Tambi\u00e9n reconoci\u00f3 a las autoridades consulares de  Argentina, acreditadas en M\u00e9xico <\/p>\n","protected":false},"excerpt":{"rendered":"<p>La joven cantante conocida por su participaci\u00f3n en el concurso \u201cLa Voz Argentina\u201d destac\u00f3 que por una aplicaci\u00f3n en su tel\u00e9fono m\u00f3vil  fue posible que sus amigos la rastrearan desde Argentina.<\/p>\n","protected":false},"author":3,"featured_media":18086,"comment_status":"open","ping_status":"open","sticky":false,"template":"","format":"standard","meta":{"_monsterinsights_skip_tracking":false,"footnotes":""},"categories":[691,51],"tags":[],"class_list":["post-18085","post","type-post","status-publish","format-standard","has-post-thumbnail","category-691","category-ejecutivo"],"_links":{"self":[{"href":"https:\/\/redsemlac.com\/semmexico\/wp-json\/wp\/v2\/posts\/18085","targetHints":{"allow":["GET"]}}],"collection":[{"href":"https:\/\/redsemlac.com\/semmexico\/wp-json\/wp\/v2\/posts"}],"about":[{"href":"https:\/\/redsemlac.com\/semmexico\/wp-json\/wp\/v2\/types\/post"}],"author":[{"embeddable":true,"href":"https:\/\/redsemlac.com\/semmexico\/wp-json\/wp\/v2\/users\/3"}],"replies":[{"embeddable":true,"href":"https:\/\/redsemlac.com\/semmexico\/wp-json\/wp\/v2\/comments?post=18085"}],"version-history":[{"count":0,"href":"https:\/\/redsemlac.com\/semmexico\/wp-json\/wp\/v2\/posts\/18085\/revisions"}],"wp:featuredmedia":[{"embeddable":true,"href":"https:\/\/redsemlac.com\/semmexico\/wp-json\/wp\/v2\/media\/18086"}],"wp:attachment":[{"href":"https:\/\/redsemlac.com\/semmexico\/wp-json\/wp\/v2\/media?parent=18085"}],"wp:term":[{"taxonomy":"category","embeddable":true,"href":"https:\/\/redsemlac.com\/semmexico\/wp-json\/wp\/v2\/categories?post=18085"},{"taxonomy":"post_tag","embeddable":true,"href":"https:\/\/redsemlac.com\/semmexico\/wp-json\/wp\/v2\/tags?post=18085"}],"curies":[{"name":"wp","href":"https:\/\/api.w.org\/{rel}","templated":true}]}}