{"id":18082,"date":"2020-03-11T01:09:27","date_gmt":"2020-03-11T01:09:27","guid":{"rendered":"https:\/\/redsemlac.com\/semmexico\/?p=18082"},"modified":"2023-07-21T15:21:30","modified_gmt":"2023-07-21T20:21:30","slug":"oaxaca-147","status":"publish","type":"post","link":"https:\/\/redsemlac.com\/semmexico\/oaxaca-147\/","title":{"rendered":"Separa DDHPO del cargo a colaboradores; no tolerar\u00e1 actos que contribuyan a la violencia de g\u00e9nero"},"content":{"rendered":"\n<ul class=\"wp-block-list\"><li><strong>Rechaza\nque sus colaboradores contribuyan a fomentar este tipo de prejuicios<\/strong><\/li><\/ul>\n\n\n\n<p class=\"wp-block-paragraph\"><strong>Redacci\u00f3n<\/strong><\/p>\n\n\n\n<p class=\"wp-block-paragraph\">SemM\u00e9xico. Oaxaca. 10 de marzo 2020.- La Defensor\u00eda de los\nDerechos Humanos del Pueblo de Oaxaca separ\u00f3 del cargo a tres de sus\ncolaboradores, luego que en una red social no oficial de la instituci\u00f3n, se\ndiera difusi\u00f3n a una fotograf\u00eda que promueve los estereotipos de g\u00e9nero, en el\nmarco del paro nacional #UnD\u00edaSinMujeres.<\/p>\n\n\n\n<p class=\"wp-block-paragraph\">En un comunicado el \u00f3rgano aut\u00f3nomo reitera que no tolerar\u00e1\nning\u00fan tipo de acto que contribuya a la violencia de g\u00e9nero contra las mujeres,\nadem\u00e1s de refrendar su compromiso por la defensa de los derechos de las\nmujeres, as\u00ed como el respeto por las acciones y manifestaciones que realizan\ncontra la desigualdad hist\u00f3rica que han padecido.<\/p>\n\n\n\n<p class=\"wp-block-paragraph\">De la misma forma se\u00f1ala que este \u00f3rgano aut\u00f3nomo ha\nrespaldado y acompa\u00f1ado a las mujeres oaxaque\u00f1as en causas como el derecho a\ndecidir sobre sus cuerpos, la exigencia de cese a la violencia y al acoso\nescolar, el alto a la violencia pol\u00edtica y a los feminicidios, as\u00ed como la\ndefensa de otros derechos.<\/p>\n\n\n\n<p class=\"wp-block-paragraph\">En el documento la DDHPO manifiesta que los estereotipos de\ng\u00e9nero que implican opiniones o prejuicios sobre supuestos atributos o\ncaracter\u00edsticas y funciones sociales que hombres y mujeres poseen o deber\u00edan\nposeer, contribuyen a la violencia contra las mujeres.<\/p>\n\n\n\n<p class=\"wp-block-paragraph\">Ante ello, rechaza que sus colaboradores contribuyan a\nfomentar este tipo de prejuicios, debido a que es deber de la instituci\u00f3n\nsalvaguardar los derechos de las mujeres, por lo que se tom\u00f3 la decisi\u00f3n de\nseparar del cargo a tres servidores p\u00fablicos de la instituci\u00f3n.<\/p>\n\n\n\n<p class=\"wp-block-paragraph\">SEM\/IL<\/p>\n","protected":false},"excerpt":{"rendered":"<p>Rechaza que sus colaboradores contribuyan a fomentar este tipo de prejuicios<\/p>\n","protected":false},"author":3,"featured_media":18083,"comment_status":"open","ping_status":"open","sticky":false,"template":"","format":"standard","meta":{"_monsterinsights_skip_tracking":false,"footnotes":""},"categories":[691,51],"tags":[],"class_list":["post-18082","post","type-post","status-publish","format-standard","has-post-thumbnail","category-691","category-ejecutivo"],"_links":{"self":[{"href":"https:\/\/redsemlac.com\/semmexico\/wp-json\/wp\/v2\/posts\/18082","targetHints":{"allow":["GET"]}}],"collection":[{"href":"https:\/\/redsemlac.com\/semmexico\/wp-json\/wp\/v2\/posts"}],"about":[{"href":"https:\/\/redsemlac.com\/semmexico\/wp-json\/wp\/v2\/types\/post"}],"author":[{"embeddable":true,"href":"https:\/\/redsemlac.com\/semmexico\/wp-json\/wp\/v2\/users\/3"}],"replies":[{"embeddable":true,"href":"https:\/\/redsemlac.com\/semmexico\/wp-json\/wp\/v2\/comments?post=18082"}],"version-history":[{"count":0,"href":"https:\/\/redsemlac.com\/semmexico\/wp-json\/wp\/v2\/posts\/18082\/revisions"}],"wp:featuredmedia":[{"embeddable":true,"href":"https:\/\/redsemlac.com\/semmexico\/wp-json\/wp\/v2\/media\/18083"}],"wp:attachment":[{"href":"https:\/\/redsemlac.com\/semmexico\/wp-json\/wp\/v2\/media?parent=18082"}],"wp:term":[{"taxonomy":"category","embeddable":true,"href":"https:\/\/redsemlac.com\/semmexico\/wp-json\/wp\/v2\/categories?post=18082"},{"taxonomy":"post_tag","embeddable":true,"href":"https:\/\/redsemlac.com\/semmexico\/wp-json\/wp\/v2\/tags?post=18082"}],"curies":[{"name":"wp","href":"https:\/\/api.w.org\/{rel}","templated":true}]}}