{"id":18072,"date":"2020-03-10T23:57:10","date_gmt":"2020-03-10T23:57:10","guid":{"rendered":"https:\/\/redsemlac.com\/semmexico\/?p=18072"},"modified":"2023-07-21T15:21:30","modified_gmt":"2023-07-21T20:21:30","slug":"save-the-children-alerta-sobre-el-continuo-aumento-de-la-violencia-machista-en-adolescentes","status":"publish","type":"post","link":"https:\/\/redsemlac.com\/semmexico\/save-the-children-alerta-sobre-el-continuo-aumento-de-la-violencia-machista-en-adolescentes\/","title":{"rendered":"Save the Children alerta sobre el continuo aumento de la violencia machista en adolescentes"},"content":{"rendered":"\n<p class=\"wp-block-paragraph\"><strong>Por Redacci\u00f3n<\/strong><\/p>\n\n\n\n<p class=\"wp-block-paragraph\">SemM\u00e9xico\/AmecoPress. Madrid, 10 mar. 20. &#8211; Con motivo del D\u00eda Internacional de la Mujer, Save the Children muestra su preocupaci\u00f3n ante el continuo aumento de la violencia machista en adolescentes y propone una asignatura obligatoria de educaci\u00f3n afectivo-sexual integral, adaptada a cada grupo de edad y en todos los niveles educativos, para favorecer el desarrollo de relaciones sociales, afectivas y sexuales respetuosas, basadas en la igualdad para convertirse en una herramienta de prevenci\u00f3n ante las distintas formas de violencia.<\/p>\n\n\n\n<p class=\"wp-block-paragraph\">Tras analizar los datos de violencia de g\u00e9nero del Instituto Nacional de Estad\u00edstica (INE), Save the Children alerta de que en los tres \u00faltimos a\u00f1os el n\u00famero de casos de violencia machista contra ni\u00f1as y adolescentes no ha parado de crecer: 569 casos en 2016, 653 en 2017 y 677 en 2018, \u00faltimo a\u00f1o del que hay registro. En total, en 2018 hubo 31.286 v\u00edctimas de violencia de g\u00e9nero (con orden de protecci\u00f3n o medidas cautelares).<\/p>\n\n\n\n<p class=\"wp-block-paragraph\">\u201cNecesitamos herramientas con las que poner fin a la desigualdad de g\u00e9nero y a la creciente violencia machista contra las ni\u00f1as y adolescentes. El Gobierno debe comprometerse a tramitar cuanto antes la Ley Org\u00e1nica de Protecci\u00f3n Integral a la Infancia y la Adolescencia frente a la Violencia, en la que se incluye la implantaci\u00f3n de una asignatura de educaci\u00f3n afectivo sexual y medidas concretas para los ni\u00f1os y ni\u00f1as v\u00edctimas de violencia de g\u00e9nero\u201d, afirma Catalina Perazzo, directora de Sensibilizaci\u00f3n y Pol\u00edticas de infancia de Save the Children.<\/p>\n\n\n\n<p class=\"wp-block-paragraph\">Asimismo, la organizaci\u00f3n pide que los centros educativos cuenten con planes de prevenci\u00f3n y protocolos de detecci\u00f3n e intervenci\u00f3n para el profesorado sobre todas las formas de violencia que puedan sufrir sus estudiantes, como el acoso, el abuso sexual o la violencia machista. \u201cLa violencia contra las ni\u00f1as y adolescentes es doblemente grave porque tiene la vertiente de g\u00e9nero y de edad. Es necesaria la formaci\u00f3n de todo el personal docente en derechos de infancia, para que, tambi\u00e9n desde la escuela, empoderemos a las adolescentes y las formemos para entablar relaciones positivas, sanas, igualitarias y libres de violencia\u201d, a\u00f1ade Perazzo.<\/p>\n\n\n\n<p class=\"wp-block-paragraph\">La ONG recuerda que la ley de violencia contra la infancia debe incluir una serie de medidas dirigidas a erradicar todos los tipos de violencia machista que sufren las ni\u00f1as por el hecho de serlo, como la mutilaci\u00f3n genital femenina, el matrimonio infantil o la trata para la explotaci\u00f3n sexual.<\/p>\n\n\n\n<p class=\"wp-block-paragraph\">Save the Children recuerda que la discriminaci\u00f3n de g\u00e9nero tiene un grave impacto en el avance de la sociedad: representa un obst\u00e1culo para lograr que todos los ni\u00f1os y ni\u00f1as se desarrollen en igualdad de condiciones y tengan el mismo derecho a sobrevivir, aprender y vivir una vida libre de violencia.<\/p>\n\n\n\n<p class=\"wp-block-paragraph\"><strong>Sobre Save the Children<\/strong><\/p>\n\n\n\n<p class=\"wp-block-paragraph\">Save the Children es la organizaci\u00f3n independiente l\u00edder en la defensa de los derechos de la infancia en todo el mundo. Trabaja desde hace m\u00e1s de 100 a\u00f1os para asegurar que todos los ni\u00f1os y ni\u00f1as sobreviven, aprenden y est\u00e1n protegidos. Actualmente la organizaci\u00f3n opera en m\u00e1s de 120 pa\u00edses.<\/p>\n\n\n\n<p class=\"wp-block-paragraph\">En Espa\u00f1a trabaja en programas de atenci\u00f3n a los ni\u00f1os y ni\u00f1as m\u00e1s vulnerables, centrados en la infancia en riesgo de pobreza o exclusi\u00f3n social. La organizaci\u00f3n atiende adem\u00e1s a la infancia migrante y est\u00e1 centrada a proteger a los menores frente a la violencia. Save the Children quiere que todos los ni\u00f1os y ni\u00f1as, independientemente de su condici\u00f3n o pa\u00eds de origen, puedan disfrutar plenamente de sus derechos y alcanzar el m\u00e1ximo de sus capacidades.<\/p>\n","protected":false},"excerpt":{"rendered":"<p>Alerta de que en los tres \u00faltimos a\u00f1os el n\u00famero de casos de violencia machista contra ni\u00f1as y adolescentes no ha parado de crecer<\/p>\n","protected":false},"author":3,"featured_media":18073,"comment_status":"open","ping_status":"open","sticky":false,"template":"","format":"standard","meta":{"_monsterinsights_skip_tracking":false,"footnotes":""},"categories":[691,53],"tags":[],"class_list":["post-18072","post","type-post","status-publish","format-standard","has-post-thumbnail","category-691","category-internacional"],"_links":{"self":[{"href":"https:\/\/redsemlac.com\/semmexico\/wp-json\/wp\/v2\/posts\/18072","targetHints":{"allow":["GET"]}}],"collection":[{"href":"https:\/\/redsemlac.com\/semmexico\/wp-json\/wp\/v2\/posts"}],"about":[{"href":"https:\/\/redsemlac.com\/semmexico\/wp-json\/wp\/v2\/types\/post"}],"author":[{"embeddable":true,"href":"https:\/\/redsemlac.com\/semmexico\/wp-json\/wp\/v2\/users\/3"}],"replies":[{"embeddable":true,"href":"https:\/\/redsemlac.com\/semmexico\/wp-json\/wp\/v2\/comments?post=18072"}],"version-history":[{"count":0,"href":"https:\/\/redsemlac.com\/semmexico\/wp-json\/wp\/v2\/posts\/18072\/revisions"}],"wp:featuredmedia":[{"embeddable":true,"href":"https:\/\/redsemlac.com\/semmexico\/wp-json\/wp\/v2\/media\/18073"}],"wp:attachment":[{"href":"https:\/\/redsemlac.com\/semmexico\/wp-json\/wp\/v2\/media?parent=18072"}],"wp:term":[{"taxonomy":"category","embeddable":true,"href":"https:\/\/redsemlac.com\/semmexico\/wp-json\/wp\/v2\/categories?post=18072"},{"taxonomy":"post_tag","embeddable":true,"href":"https:\/\/redsemlac.com\/semmexico\/wp-json\/wp\/v2\/tags?post=18072"}],"curies":[{"name":"wp","href":"https:\/\/api.w.org\/{rel}","templated":true}]}}