{"id":18066,"date":"2020-03-10T23:45:01","date_gmt":"2020-03-10T23:45:01","guid":{"rendered":"https:\/\/redsemlac.com\/semmexico\/?p=18066"},"modified":"2023-07-21T15:21:30","modified_gmt":"2023-07-21T20:21:30","slug":"8m-mujeres-de-todas-las-edades-salen-a-las-calles-a-gritar-como-quieren-que-sea-el-mundo","status":"publish","type":"post","link":"https:\/\/redsemlac.com\/semmexico\/8m-mujeres-de-todas-las-edades-salen-a-las-calles-a-gritar-como-quieren-que-sea-el-mundo\/","title":{"rendered":"8M: Mujeres de todas las edades salen a las calles a gritar c\u00f3mo quieren que sea el mundo"},"content":{"rendered":"\n<ul class=\"wp-block-list\"><li> <strong>Tras dos a\u00f1os de desborde, el movimiento feminista demuestra su fuerza con una jornada de reivindicaci\u00f3n<\/strong> <\/li><\/ul>\n\n\n\n<p class=\"wp-block-paragraph\"><strong>Por Redacci\u00f3n<\/strong><\/p>\n\n\n\n<p class=\"wp-block-paragraph\">SemM\u00e9xico\/AmecoPress. Madrid, 10 mar. 20. El\u00a0\u00a08 de marzo de 2020 ha conseguido sacar a la calle de nuevo a cientos de miles de mujeres en Espa\u00f1a. Este a\u00f1o no hab\u00eda convocada huelga estatal, pero el despliegue de actividades en barrios, pueblos y ciudades ha sido enorme, durante todo un mes, y ha tenido su broche en las manifestaciones. Una mezcla de reivindicaci\u00f3n y celebraci\u00f3n, el deseo de confluencia y la necesidad de transformar una sociedad que sigue oprimiendo a las mujeres, han podido m\u00e1s que las alarmas lanzadas por los medios de comunicaci\u00f3n, que el temor al contagio, que el rechazo a las tensiones y pol\u00e9micas. Tras dos a\u00f1os de desborde, el movimiento feminista lo ha vuelto a hacer: mujeres de todas las edades han salido a las calles a gritar c\u00f3mo quieren que sea el mundo.<\/p>\n\n\n\n<p class=\"wp-block-paragraph\">En Madrid la manifestaci\u00f3n arrancaba tras un d\u00eda de actividades desarrolladas en los barrios, bajo un clima festivo. Las portavoces de la Comisi\u00f3n 8M de Madrid, Ana, Lina y Suki, recordaban a los medios que \u201ceste a\u00f1o no ha sido suficiente un d\u00eda\u201d. Efectivamente, se ha apostado por una revuelta feminista, de un mes \u201clleno de acciones\u201d. Seguramente como consecuencia de las masivas huelgas planteadas en los dos a\u00f1os previos, el movimiento feminista logr\u00f3 hacer \u201cm\u00fasculo\u201d y \u201ccada barrio y pueblo tiene su asamblea, lo que ha hecho posible aterrizar todo el argumentario que hemos hecho estos a\u00f1os y bajarlo a tierra\u201d, explica Suki.<\/p>\n\n\n\n<figure class=\"wp-block-image\"><a href=\"https:\/\/amecopress.net\/IMG\/jpg\/declaraciones.jpg\"><img decoding=\"async\" src=\"https:\/\/amecopress.net\/local\/cache-vignettes\/L623xH750\/declaraciones-80c6d.jpg\" alt=\"JPEG\"\/><\/a><\/figure>\n\n\n\n<p class=\"wp-block-paragraph\">Que las portavoces de la Comisi\u00f3n 8M est\u00e9n haciendo declaraciones a los medios antes de que comience la manifestaci\u00f3n, que las comunicadoras hayan vuelto a convocar a la participaci\u00f3n en este 8 de marzo, que los telediarios y las tertulias de programas de m\u00e1xima audiencia tengan como protagonistas las movilizaciones y los temas que las mujeres est\u00e1n poniendo sobre la mesa, es un indicador de la potencia del feminismo, presente adem\u00e1s en las agendas sociales y pol\u00edticas.<\/p>\n\n\n\n<figure class=\"wp-block-image\"><a href=\"https:\/\/amecopress.net\/IMG\/jpg\/comunicadoras_pancarta.jpg\"><img decoding=\"async\" src=\"https:\/\/amecopress.net\/local\/cache-vignettes\/L750xH375\/comunicadoras_pancarta-983c4.jpg\" alt=\"JPEG\"\/><\/a><\/figure>\n\n\n\n<p class=\"wp-block-paragraph\">\u201cSer feminista es ser buena persona\u201d, asegura Pilar, de 61 a\u00f1os, que ha venido desde el barrio de Tetu\u00e1n con su hija In\u00e9s. Ayer particip\u00f3 en una actividad vecinal tejiendo mariposas moradas, junto a Itziar Prats, la madre que perdi\u00f3 a sus hijas porque el padre y marido las asesin\u00f3. Se\u00f1ala una pancarta, mostrando su pleno acuerdo: \u201cel virus del machismo mata mucho m\u00e1s que el conavirus\u201d.<\/p>\n\n\n\n<figure class=\"wp-block-image\"><a href=\"https:\/\/amecopress.net\/IMG\/jpg\/caundo_una_mujer_da_un_paso.jpg\"><img decoding=\"async\" src=\"https:\/\/amecopress.net\/local\/cache-vignettes\/L750xH563\/caundo_una_mujer_da_un_paso-af424.jpg\" alt=\"JPEG\"\/><\/a><\/figure>\n\n\n\n<p class=\"wp-block-paragraph\">\u201cEstoy hasta las tetas de hacerte las croquetas\u201d, corean un grupo de mujeres, cerca de Virginia, de 10 a\u00f1os. \u201cEso le tendr\u00eda que decir la abuela al abuelo\u201d, asegura, junto a su hermano Gonzalo, su padre y su madre. Para la manifestaci\u00f3n ha preparado una pancarta de cart\u00f3n: \u201cyo soy y ser\u00e9 lo que quiera ser\u201d, dibujando tal vez el sentir de las nuevas generaciones de mujeres, que ponen sobre la mesa hechos incuestionables.<\/p>\n\n\n\n<figure class=\"wp-block-image\"><a href=\"https:\/\/amecopress.net\/IMG\/jpg\/yo_sere_lo_que_quiera_ser.jpg\"><img decoding=\"async\" src=\"https:\/\/amecopress.net\/local\/cache-vignettes\/L749xH727\/yo_sere_lo_que_quiera_ser-441d8.jpg\" alt=\"JPEG\"\/><\/a><\/figure>\n\n\n\n<p class=\"wp-block-paragraph\">A lo largo de todo el Paseo del Prado los diferentes bloques se unen con las columnas de mujeres procedentes de los barrios y los pueblos, para marchar. Tras la batucada, el bloque mixto, en el que tambi\u00e9n participan sindicatos y partidos pol\u00edticos.<\/p>\n\n\n\n<figure class=\"wp-block-image\"><a href=\"https:\/\/amecopress.net\/IMG\/jpg\/psoe.jpg\"><img decoding=\"async\" src=\"https:\/\/amecopress.net\/local\/cache-vignettes\/L750xH501\/psoe-de8ea.jpg\" alt=\"JPEG\"\/><\/a><\/figure>\n\n\n\n<p class=\"wp-block-paragraph\">Desde el Psoe, la secretaria de igualdad y vicepresidenta del Gobierno, Carmen Calvo, afirm\u00f3 que \u201cel Partido Socialista sale a las calles para acompa\u00f1ar al movimiento feminista, que es lo que hemos hecho en 42 a\u00f1os de democracia\u201d. \u201cEl feminismo es el punto de sostenibilidad de la democracia en el siglo XXI. Sin nosotras no va a haber progreso, futuro, ni siquiera profundizaci\u00f3n del modelo pol\u00edtico de libertades y de derechos\u201d. \u201cPor eso, esta es una revoluci\u00f3n de las mujeres imparable, pac\u00edfica, absolutamente cargada de justicia, que nadie va a poder contestar\u201d, asegur\u00f3 Calvo.<\/p>\n\n\n\n<figure class=\"wp-block-image\"><a href=\"https:\/\/amecopress.net\/IMG\/jpg\/podemos2.jpg\"><img decoding=\"async\" src=\"https:\/\/amecopress.net\/local\/cache-vignettes\/L540xH360\/podemos2-d03e6.jpg\" alt=\"JPEG\"\/><\/a><\/figure>\n\n\n\n<p class=\"wp-block-paragraph\">Tambi\u00e9n Podemos particip\u00f3 en la manifestaci\u00f3n: \u201cHoy salimos porque las calles tambi\u00e9n son nuestras. Para vivir libres de violencias machistas, para repartir la riqueza, el tiempo y los cuidados, para amar a quien queramos y ser quien somos. Por las que vinieron antes, por las que vendr\u00e1n. Yo por ellas madre y ellas por m\u00ed\u201d, dijo Irene Montero, acompa\u00f1ada en la pancarta por Vicky Rosell y Beatriz Gimeno entre otras.<\/p>\n\n\n\n<p class=\"wp-block-paragraph\">El PP ha participado en la celebraci\u00f3n del 8 de marzo por primera vez pero se ha desmarcado del contenido del manifiesto. Ciudadanos asisti\u00f3 a la manifestaci\u00f3n, pero sus representantes fueron abucheadas y tuvieron que abandonarla.<\/p>\n\n\n\n<h3 class=\"wp-block-heading\">El valor de la diversidad<\/h3>\n\n\n\n<p class=\"wp-block-paragraph\">Pero la t\u00f3nica general de la movilizaci\u00f3n, pese a alg\u00fan incidente, ha sido de normalidad y tranquilidad. Gracias tambi\u00e9n al \u201ccord\u00f3n humano\u201d formado por voluntarias de la Comisi\u00f3n 8M, encargadas de \u201cfacilitar la fluidez de la manifestaci\u00f3n, abrir el paso y cuidar por el bienestar de las manifestantes\u201d.<\/p>\n\n\n\n<figure class=\"wp-block-image\"><a href=\"https:\/\/amecopress.net\/IMG\/jpg\/migrante.jpg\"><img decoding=\"async\" src=\"https:\/\/amecopress.net\/local\/cache-vignettes\/L750xH563\/migrante-cdd7f.jpg\" alt=\"JPEG\"\/><\/a><\/figure>\n\n\n\n<p class=\"wp-block-paragraph\">La diversidad ha vuelto a ser, como en los a\u00f1os previos, un valor en la compositiva de la marcha. Mayores y j\u00f3venes, blancas, racializadas, musulmanas, cat\u00f3licas, rurales, de ciudad, con discapacidad, en situaci\u00f3n de precariedad y tambi\u00e9n con mayor nivel adquisitivo, estudiosas y conocedoras del feminismo y reci\u00e9n aterrizadas, solas, acompa\u00f1adas de amigas, vecinas o familiares, organizadas en colectivos y asociaciones de distinta \u00edndole. El esfuerzo por incluir las demandas de todas las mujeres y el compromiso con las mujeres que a menudo son m\u00e1s discriminadas, como las migrantes o las empleadas del hogar, se ha hecho notar.<\/p>\n\n\n\n<figure class=\"wp-block-image\"><a href=\"https:\/\/amecopress.net\/IMG\/jpg\/olga_6.jpg\"><img decoding=\"async\" src=\"https:\/\/amecopress.net\/local\/cache-vignettes\/L750xH750\/olga_6-59103.jpg\" alt=\"JPEG\"\/><\/a><\/figure>\n\n\n\n<p class=\"wp-block-paragraph\">Las j\u00f3venes son multitud en la manifestaci\u00f3n. Con pancartas y c\u00e1nticos despliegan una creativa rebeld\u00eda. \u201cSolo s\u00ed es s\u00ed. Si quieres m\u00e1s flexibilidad, ap\u00fantate a yoga\u201d, advierte una cartulina. La libertad sexual ha tenido mucho espacio este a\u00f1o, tras una semana de escenificaci\u00f3n y pol\u00e9mica en torno al anteproyecto de ley de libertad sexual presentado por la ministra de Igualdad, Irene Montero. Al respecto, un grito un\u00e1nime, intergeneracional: \u201csola, borracha, quiero llegar a casa\u201d.<\/p>\n\n\n\n<figure class=\"wp-block-image\"><a href=\"https:\/\/amecopress.net\/IMG\/jpg\/torrre_cerca.jpg\"><img decoding=\"async\" src=\"https:\/\/amecopress.net\/local\/cache-vignettes\/L750xH563\/torrre_cerca-37cf6.jpg\" alt=\"JPEG\"\/><\/a><\/figure>\n\n\n\n<p class=\"wp-block-paragraph\">La manifestaci\u00f3n, que comenz\u00f3 a las 17 horas en Atocha bajo el lema \u00abCon derechos, sin barreras. Feministas sin fronteras\u00bb lleg\u00f3 hasta plaza de Espa\u00f1a, donde hab\u00eda colocado un escenario. All\u00ed se ley\u00f3 el manifiesto final que reclam\u00f3 \u00abuna vida con derechos, todos los d\u00edas del a\u00f1o\u00bb porque \u00abqueremos cambiarlo todo, queremos estar todas\u00bb. Entre sus demandas destacaron: que las violencias machistas sean consideradas cuesti\u00f3n de Estado, el fin de la precariedad o la brecha salarial, la derogaci\u00f3n de la Ley de Extranjer\u00eda, el cierre de los CIE o la ratificaci\u00f3n del Convenio 189 de la OIT para ampliar derechos de las trabajadoras dom\u00e9sticas, el derecho al aborto y a una educaci\u00f3n afectivo sexual y laica y que los cuidados sean una cuesti\u00f3n central de la que se ocupe toda la sociedad.<\/p>\n\n\n\n<figure class=\"wp-block-image\"><a href=\"https:\/\/amecopress.net\/IMG\/jpg\/epidemia.jpg\"><img decoding=\"async\" src=\"https:\/\/amecopress.net\/local\/cache-vignettes\/L560xH387\/epidemia-18c99.jpg\" alt=\"JPEG\"\/><\/a><\/figure>\n","protected":false},"excerpt":{"rendered":"<p>Tras dos a\u00f1os de desborde, el movimiento feminista demuestra su fuerza con una jornada de reivindicaci\u00f3n<\/p>\n","protected":false},"author":3,"featured_media":18067,"comment_status":"open","ping_status":"open","sticky":false,"template":"","format":"standard","meta":{"_monsterinsights_skip_tracking":false,"footnotes":""},"categories":[691,53],"tags":[],"class_list":["post-18066","post","type-post","status-publish","format-standard","has-post-thumbnail","category-691","category-internacional"],"_links":{"self":[{"href":"https:\/\/redsemlac.com\/semmexico\/wp-json\/wp\/v2\/posts\/18066","targetHints":{"allow":["GET"]}}],"collection":[{"href":"https:\/\/redsemlac.com\/semmexico\/wp-json\/wp\/v2\/posts"}],"about":[{"href":"https:\/\/redsemlac.com\/semmexico\/wp-json\/wp\/v2\/types\/post"}],"author":[{"embeddable":true,"href":"https:\/\/redsemlac.com\/semmexico\/wp-json\/wp\/v2\/users\/3"}],"replies":[{"embeddable":true,"href":"https:\/\/redsemlac.com\/semmexico\/wp-json\/wp\/v2\/comments?post=18066"}],"version-history":[{"count":0,"href":"https:\/\/redsemlac.com\/semmexico\/wp-json\/wp\/v2\/posts\/18066\/revisions"}],"wp:featuredmedia":[{"embeddable":true,"href":"https:\/\/redsemlac.com\/semmexico\/wp-json\/wp\/v2\/media\/18067"}],"wp:attachment":[{"href":"https:\/\/redsemlac.com\/semmexico\/wp-json\/wp\/v2\/media?parent=18066"}],"wp:term":[{"taxonomy":"category","embeddable":true,"href":"https:\/\/redsemlac.com\/semmexico\/wp-json\/wp\/v2\/categories?post=18066"},{"taxonomy":"post_tag","embeddable":true,"href":"https:\/\/redsemlac.com\/semmexico\/wp-json\/wp\/v2\/tags?post=18066"}],"curies":[{"name":"wp","href":"https:\/\/api.w.org\/{rel}","templated":true}]}}