{"id":18059,"date":"2020-03-10T23:08:28","date_gmt":"2020-03-10T23:08:28","guid":{"rendered":"https:\/\/redsemlac.com\/semmexico\/?p=18059"},"modified":"2023-07-21T15:21:31","modified_gmt":"2023-07-21T20:21:31","slug":"guerrero-131","status":"publish","type":"post","link":"https:\/\/redsemlac.com\/semmexico\/guerrero-131\/","title":{"rendered":"Arranca \u201cMuralia\u201d en Guerrero"},"content":{"rendered":"\n<p class=\"wp-block-paragraph\"><strong>Josefina Aguilar Pastor<\/strong><\/p>\n\n\n\n<p class=\"wp-block-paragraph\">SemM\u00e9xico. Chilpancingo, Guerrero, 8 de marzo de 2020.- Inician \u201cLas Revueltas\u201d, su proyecto denominado \u201cMuralia\u201d, en la que utilizan el arte para difundir, la visibilizaci\u00f3n de la violencia de g\u00e9nero, arrancaron este domingo en el marco del D\u00eda Internacional de la Mujer, en&nbsp;&nbsp;Iguala de la Independencia, con el tema \u201cViolencia Digital\u201d.<\/p>\n\n\n\n<p class=\"wp-block-paragraph\">Yolitzin Jaimes Rend\u00f3n, integrante de&nbsp;&nbsp;\u201cLas Revueltas\u201d, dio a conocer que esta una estrategia dise\u00f1ada dentro de las actividades autogestivas que realizan al interior de esta agrupaci\u00f3n, a trav\u00e9s del arte, \u201cir regando esta semilla\u201d, de la autonom\u00eda feminista, y la lucha de las mujeres en los distintos municipios del Estado de Guerrero.<\/p>\n\n\n\n<p class=\"wp-block-paragraph\">Comenzaron en Iguala, debido a que es uno de los municipios, donde se han presentado casos de violencia digital, que es la exposici\u00f3n de la dignidad de las mujeres en las redes sociales, y esta&nbsp;&nbsp;\u201cMuralia\u201d, aborda precisamente este problema\u201d, indic\u00f3.<\/p>\n\n\n\n<p class=\"wp-block-paragraph\">La violencia digital, ya se encuentra tipificada dentro del C\u00f3digo Penal del Estado de Guerrero, y quien la practique, puede ser sancionado hasta con seis a\u00f1os de c\u00e1rcel a quien de esta forma agreda a las mujeres; coment\u00f3 la activista, quien record\u00f3 que fueron precisamente \u201cLas Revueltas\u201d, las que el a\u00f1o pasado, impulsaron esta reforma a nivel local, en coordinaci\u00f3n con el Frente Nacional para la Sororidad.<\/p>\n\n\n\n<p class=\"wp-block-paragraph\">\u201cEs un logro de \u201cLas Revueltas\u201d, para todas las mujeres, adolescentes y ni\u00f1as en contra de esta nueva modalidad, \u201ces decir, sufr\u00edamos violencia en las calles, en las escuelas, y ahora tambi\u00e9n en la red\u201d, hay personas que creen que pueden atacar la seguridad, la integridad y tranquilidad de las mujeres, bajo el anonimato que les da una red, sin embargo, hoy en d\u00eda, se pueden rastrear eso perfiles y dar con los responsables, subray\u00f3.<\/p>\n\n\n\n<p class=\"wp-block-paragraph\">Esta agrupaci\u00f3n coment\u00f3 Jaimes Rend\u00f3n, ha atendido hasta el momento, 135 casos de violencia digital de distintos municipios de Guerrero, Acapulco, ocupa el primer lugar en esta pr\u00e1ctica.<\/p>\n\n\n\n<p class=\"wp-block-paragraph\">Las integrantes de Las Revueltas, con la convicci\u00f3n que les da hacer y buscar el bien para a colectividad, estuvieron bajo las inclemencias del sol que pleno, cay\u00f3 en Iguala, por varias horas, finalmente cerca de las 7 de la noche, el primer mural, qued\u00f3 listo con el mensaje para las y los igualtecos, sobre este delito de la violencia digital. Este mismo mensaje, llegara a trav\u00e9s de \u201cMuralia\u201d, a otros municipios del Estado, coment\u00f3 Yolitzin Jaimes.<\/p>\n","protected":false},"excerpt":{"rendered":"<p>Inician \u201cLas Revueltas\u201d, su proyecto denominado \u201cMuralia\u201d, en la que utilizan el arte para difundir, la visibilizaci\u00f3n de la violencia de g\u00e9nero<\/p>\n","protected":false},"author":3,"featured_media":18057,"comment_status":"open","ping_status":"open","sticky":false,"template":"","format":"standard","meta":{"_monsterinsights_skip_tracking":false,"footnotes":""},"categories":[691,54],"tags":[],"class_list":["post-18059","post","type-post","status-publish","format-standard","has-post-thumbnail","category-691","category-mujeres"],"_links":{"self":[{"href":"https:\/\/redsemlac.com\/semmexico\/wp-json\/wp\/v2\/posts\/18059","targetHints":{"allow":["GET"]}}],"collection":[{"href":"https:\/\/redsemlac.com\/semmexico\/wp-json\/wp\/v2\/posts"}],"about":[{"href":"https:\/\/redsemlac.com\/semmexico\/wp-json\/wp\/v2\/types\/post"}],"author":[{"embeddable":true,"href":"https:\/\/redsemlac.com\/semmexico\/wp-json\/wp\/v2\/users\/3"}],"replies":[{"embeddable":true,"href":"https:\/\/redsemlac.com\/semmexico\/wp-json\/wp\/v2\/comments?post=18059"}],"version-history":[{"count":0,"href":"https:\/\/redsemlac.com\/semmexico\/wp-json\/wp\/v2\/posts\/18059\/revisions"}],"wp:featuredmedia":[{"embeddable":true,"href":"https:\/\/redsemlac.com\/semmexico\/wp-json\/wp\/v2\/media\/18057"}],"wp:attachment":[{"href":"https:\/\/redsemlac.com\/semmexico\/wp-json\/wp\/v2\/media?parent=18059"}],"wp:term":[{"taxonomy":"category","embeddable":true,"href":"https:\/\/redsemlac.com\/semmexico\/wp-json\/wp\/v2\/categories?post=18059"},{"taxonomy":"post_tag","embeddable":true,"href":"https:\/\/redsemlac.com\/semmexico\/wp-json\/wp\/v2\/tags?post=18059"}],"curies":[{"name":"wp","href":"https:\/\/api.w.org\/{rel}","templated":true}]}}