{"id":18055,"date":"2020-03-10T23:06:39","date_gmt":"2020-03-10T23:06:39","guid":{"rendered":"https:\/\/redsemlac.com\/semmexico\/?p=18055"},"modified":"2023-07-21T15:21:31","modified_gmt":"2023-07-21T20:21:31","slug":"violencia-contra-mujeres-en-comunidades-rurales-un-problema-persistente","status":"publish","type":"post","link":"https:\/\/redsemlac.com\/semmexico\/violencia-contra-mujeres-en-comunidades-rurales-un-problema-persistente\/","title":{"rendered":"Violencia contra mujeres en comunidades rurales, un problema persistente"},"content":{"rendered":"\n<p class=\"wp-block-paragraph\"><strong>Josefina Aguilar Pastor<\/strong><\/p>\n\n\n\n<p class=\"wp-block-paragraph\">SemM\u00e9xico. Chilpancingo, Guerrero, 10 de marzo de 2020.- La violencia f\u00edsica y psicol\u00f3gica, son los principales tipos de violencia que se registran en el municipio de M\u00e1rtir de Cuilapan, derivados del machismo que a\u00fan prevalece principalmente en las comunidades, cuatro son\u00a0\u00a0consideradas como focos rojos, admiti\u00f3 la presidenta municipal, Jenny Gonz\u00e1lez Ocampo.<\/p>\n\n\n\n<p class=\"wp-block-paragraph\">Como mujer que representa la m\u00e1xima autoridad en el municipio, la alcaldesa coment\u00f3 que anteriormente, era un poco m\u00e1s dif\u00edcil que aceptar\u00e1n a una mujer como gobierno, sobre todo los se\u00f1ores de las comunidades, sin embargo, poco a poco ha ido demostrando que las mujeres si pueden, que si son capaces de gobernar.<\/p>\n\n\n\n<p class=\"wp-block-paragraph\">En su municipio dijo Gonz\u00e1lez Ocampo, est\u00e1 tratando de cambiar el lado machista que todav\u00eda existe, sobre todo reiter\u00f3, en las comunidades; busca incidir principalmente en las y los j\u00f3venes, pues a\u00fan hay zonas en las que es el hombre el que lleva el control de la casa; el alcoholismo indic\u00f3, es uno de los principales factores que derivan en violencia f\u00edsica hacia las mujeres.<\/p>\n\n\n\n<p class=\"wp-block-paragraph\">\u201cTratamos de que las hijas ya no vean esto como algo normal, sino que ayuden a la mam\u00e1 a que abra los ojos, a que cambie su forma de pensar, porque a veces nos educan de esa forma, no es culpa de nosotras, as\u00ed es como nos van educando que nos tenemos que aguantar, quedarnos calladas y buscamos esa parte que se vaya erradicando, que vaya habiendo esos cambios\u201d, expuso la presidenta municipal de M\u00e1rtir de Cuilapan.<\/p>\n\n\n\n<p class=\"wp-block-paragraph\">Una de las principales violencias que han detectado en M\u00e1rtir de Cuilapan, es la familiar, en sus modalidades de f\u00edsica, psicol\u00f3gica y econ\u00f3mica principalmente.&nbsp;&nbsp;De acuerdo con los reportes recibidos en el ayuntamiento, las comunidades consideradas como fosos rojos, por concentrar el mayor n\u00famero de se\u00f1alamientos son; Xicomulco, La Esperanza, San Juan Totolcintla, Oxtotipan.<\/p>\n\n\n\n<p class=\"wp-block-paragraph\">\u201cPero yo creo que hay en todas las comunidades, pero no todas las personas se atreven a hablarlo, lo ven como algo normal y es algo de lo que estamos tratando de atender\u201d, coment\u00f3 la presidenta municipal<\/p>\n\n\n\n<p class=\"wp-block-paragraph\">A trav\u00e9s de la direcci\u00f3n municipal de la Mujer, ofrecen a las mujeres del municipio, atenci\u00f3n psicol\u00f3gica, y jur\u00eddico para todas aquellas mujeres que lo requieran. Como mujer, ayudar a otra asegur\u00f3 Gonz\u00e1lez Ocampo, es una gran satisfacci\u00f3n.<\/p>\n\n\n\n<p class=\"wp-block-paragraph\">Mencion\u00f3&nbsp;&nbsp;que, en su administraci\u00f3n, no solo se respeta la igualdad de g\u00e9nero, sino que se supera, como ejemplo mencion\u00f3 la conformaci\u00f3n del cabildo, que est\u00e1 compuesto por cinco regidoras, un regidor y el s\u00edndico, solo dos hombres.<\/p>\n\n\n\n<p class=\"wp-block-paragraph\">Respecto al paro convocado para este lunes 9 de marzo, la alcaldesa se\u00f1al\u00f3 que lo han dejado abierta a la decisi\u00f3n de las trabajadoras, \u201cde nuestra parte tienen todo el apoyo, quien gusten participar en el paro tiene todo nuestro apoyo\u201d.<\/p>\n\n\n\n<p class=\"wp-block-paragraph\">Gonz\u00e1lez Ocampo coment\u00f3 que afortunadamente en el municipio \u201ca lo mejor de manera tan dr\u00e1stica no himnos tenido ese tipo de casos\u201d, pero consider\u00f3 injusto que agredan a las mujeres, que haya tantos feminicidios, tantas mujeres desaparecidas, \u201cyo creo que tenemos que apoyarnos, hoy son ellas ma\u00f1ana puede ser alguien de nosotros o alguien cercano, ay\u00fadenos a cuidar a nuestras mujeres, a nuestras ni\u00f1as a caminar juntas, a tratar de que esos casos no se den\u201d.<\/p>\n","protected":false},"excerpt":{"rendered":"<p>La violencia f\u00edsica y psicol\u00f3gica, son los principales tipos de violencia que se registran en el municipio de M\u00e1rtir de Cuilapan, derivados del machismo<\/p>\n","protected":false},"author":3,"featured_media":18056,"comment_status":"open","ping_status":"open","sticky":false,"template":"","format":"standard","meta":{"_monsterinsights_skip_tracking":false,"footnotes":""},"categories":[691,51],"tags":[],"class_list":["post-18055","post","type-post","status-publish","format-standard","has-post-thumbnail","category-691","category-ejecutivo"],"_links":{"self":[{"href":"https:\/\/redsemlac.com\/semmexico\/wp-json\/wp\/v2\/posts\/18055","targetHints":{"allow":["GET"]}}],"collection":[{"href":"https:\/\/redsemlac.com\/semmexico\/wp-json\/wp\/v2\/posts"}],"about":[{"href":"https:\/\/redsemlac.com\/semmexico\/wp-json\/wp\/v2\/types\/post"}],"author":[{"embeddable":true,"href":"https:\/\/redsemlac.com\/semmexico\/wp-json\/wp\/v2\/users\/3"}],"replies":[{"embeddable":true,"href":"https:\/\/redsemlac.com\/semmexico\/wp-json\/wp\/v2\/comments?post=18055"}],"version-history":[{"count":0,"href":"https:\/\/redsemlac.com\/semmexico\/wp-json\/wp\/v2\/posts\/18055\/revisions"}],"wp:featuredmedia":[{"embeddable":true,"href":"https:\/\/redsemlac.com\/semmexico\/wp-json\/wp\/v2\/media\/18056"}],"wp:attachment":[{"href":"https:\/\/redsemlac.com\/semmexico\/wp-json\/wp\/v2\/media?parent=18055"}],"wp:term":[{"taxonomy":"category","embeddable":true,"href":"https:\/\/redsemlac.com\/semmexico\/wp-json\/wp\/v2\/categories?post=18055"},{"taxonomy":"post_tag","embeddable":true,"href":"https:\/\/redsemlac.com\/semmexico\/wp-json\/wp\/v2\/tags?post=18055"}],"curies":[{"name":"wp","href":"https:\/\/api.w.org\/{rel}","templated":true}]}}