{"id":18048,"date":"2020-03-10T22:46:39","date_gmt":"2020-03-10T22:46:39","guid":{"rendered":"https:\/\/redsemlac.com\/semmexico\/?p=18048"},"modified":"2023-07-21T15:21:31","modified_gmt":"2023-07-21T20:21:31","slug":"opinion-378","status":"publish","type":"post","link":"https:\/\/redsemlac.com\/semmexico\/opinion-378\/","title":{"rendered":"Mujer y Poder"},"content":{"rendered":"\n<h2 class=\"wp-block-heading\">D\u00eda de Reflexi\u00f3n: Mujeres \u00a1qu\u00e9dense en sus casas! <\/h2>\n\n\n\n<p class=\"wp-block-paragraph\"><strong>Natalia Vidales<\/strong><\/p>\n\n\n\n<p class=\"wp-block-paragraph\">SemM\u00e9xico. Sonora. 10 de marzo de 2020.- Lo importante, lo trascendente de ayer fue el Paro de Mujeres.<\/p>\n\n\n\n<p class=\"wp-block-paragraph\">Con un \u00e9xito inesperado de respuesta a la convocatoria, se han unido empresarios,&nbsp;&nbsp;maestros, acad\u00e9micos, pol\u00edticos, militantes de partidos, conservadores y liberales (dando facilidades a las mujeres para faltar al trabajo), amas de casa y millones de mujeres, que -por lo pronto- est\u00e1n logrando un objetivo: hacerse visibles\u2026en lo invisible.<\/p>\n\n\n\n<p class=\"wp-block-paragraph\">Hoy, no queremos ver mujeres en la v\u00eda p\u00fablica. La petici\u00f3n ha sido: \u00a1qu\u00e9dense en sus casas! Y esperamos que en esta ocasi\u00f3n haya una respuesta general, como parece lo habr\u00e1 tomando en cuenta las manifestaciones de apoyo previas.&nbsp;&nbsp;&nbsp;Por fin se ha logrado dejar de lado diferencias y se ha actuado en base a las coincidencias.<\/p>\n\n\n\n<p class=\"wp-block-paragraph\">Las feministas, s\u00ed,&nbsp;&nbsp;han querido aprovechar el Paro para crear confusi\u00f3n y la impresi\u00f3n de que quienes lo apoyan\u2026apoyan tambi\u00e9n su agenda (el aborto, sobre todo), pero los defensores de la familia no se han quedado atr\u00e1s y de inmediato han respondido y han sido efectivos en sus mensajes de: No a la violencia, no al vandalismo\u2026!no al aborto! Por otro lado, tambi\u00e9n se ha acusado a los pol\u00edticos con que quieren \u00a8llevar agua a sus molinos\u00a8 pero, afortunadamente, el mensaje final se ha impuesto y ha sido uno: NO A LA VIOLENCIA.&nbsp;&nbsp;<\/p>\n\n\n\n<p class=\"wp-block-paragraph\">El Paro de hoy ha logrado simpat\u00edas como ning\u00fan otro movimiento y que bien que as\u00ed haya sido porque el tema no es para menos pero\u2026 \u00bfQu\u00e9 sigue despu\u00e9s de hoy? \u00bfQu\u00e9 logros?<\/p>\n\n\n\n<p class=\"wp-block-paragraph\">Se espera, de inicio, que las autoridades gubernamentales y nuestros representantes en el Congreso se unan para atender de forma debida el problema. Y hacerlo con seriedad y efectividad.<\/p>\n\n\n\n<p class=\"wp-block-paragraph\">Si no es su deseo que la sociedad y la familia se desmoronen, urge, de inmediato -adem\u00e1s de asegurar la seguridad en las calles-&nbsp;&nbsp;el inicio de campa\u00f1as de prevenci\u00f3n para evitar que las mujeres sean v\u00edctimas de violencia en el interior de sus propios hogares.<\/p>\n\n\n\n<p class=\"wp-block-paragraph\">Igualmente prioritario es que&nbsp;&nbsp;en las escuelas se atienda&nbsp;&nbsp;el problema de ra\u00edz y la educaci\u00f3n se imparta desde una perspectiva de equidad. Urge formar ni\u00f1os y j\u00f3venes respetuosos con sus compa\u00f1eras, y ense\u00f1ar que s\u00ed hay diferencias f\u00edsicas entre los sexos pero que ello no significa que la ni\u00f1a tenga minimizadas sus habilidades y su capacidad mental y que por ello valga menos.&nbsp;&nbsp;Igualmente importante es despertar en los alumnos la empat\u00eda y la solidaridad y fomentar los valores \u00e9ticos y\u2026 la paz, en base al di\u00e1logo y la tolerancia.<\/p>\n\n\n\n<p class=\"wp-block-paragraph\">Las manifestaciones que hemos visto en los \u00faltimos d\u00edas en todo el pa\u00eds, y el Paro, deben tener resultados, mucho m\u00e1s amplios que solo punitivos.&nbsp;&nbsp;&nbsp;Y esos resultados esperamos verlos de inmediato\u2026 antes de que sea demasiado tarde.<\/p>\n\n\n\n<p class=\"wp-block-paragraph\">*<a href=\"http:\/\/www.mujerypoder.com.mx\/\" target=\"_blank\" rel=\"noreferrer noopener\">www.mujerypoder.com.mx<\/a><\/p>\n","protected":false},"excerpt":{"rendered":"<p>D\u00eda de Reflexi\u00f3n: Mujeres \u00a1qu\u00e9dense en sus casas! <\/p>\n","protected":false},"author":3,"featured_media":18049,"comment_status":"open","ping_status":"open","sticky":false,"template":"","format":"standard","meta":{"_monsterinsights_skip_tracking":false,"footnotes":""},"categories":[691,100,72],"tags":[],"class_list":["post-18048","post","type-post","status-publish","format-standard","has-post-thumbnail","category-691","category-mujer-y-poder","category-natalia-vidales"],"_links":{"self":[{"href":"https:\/\/redsemlac.com\/semmexico\/wp-json\/wp\/v2\/posts\/18048","targetHints":{"allow":["GET"]}}],"collection":[{"href":"https:\/\/redsemlac.com\/semmexico\/wp-json\/wp\/v2\/posts"}],"about":[{"href":"https:\/\/redsemlac.com\/semmexico\/wp-json\/wp\/v2\/types\/post"}],"author":[{"embeddable":true,"href":"https:\/\/redsemlac.com\/semmexico\/wp-json\/wp\/v2\/users\/3"}],"replies":[{"embeddable":true,"href":"https:\/\/redsemlac.com\/semmexico\/wp-json\/wp\/v2\/comments?post=18048"}],"version-history":[{"count":0,"href":"https:\/\/redsemlac.com\/semmexico\/wp-json\/wp\/v2\/posts\/18048\/revisions"}],"wp:featuredmedia":[{"embeddable":true,"href":"https:\/\/redsemlac.com\/semmexico\/wp-json\/wp\/v2\/media\/18049"}],"wp:attachment":[{"href":"https:\/\/redsemlac.com\/semmexico\/wp-json\/wp\/v2\/media?parent=18048"}],"wp:term":[{"taxonomy":"category","embeddable":true,"href":"https:\/\/redsemlac.com\/semmexico\/wp-json\/wp\/v2\/categories?post=18048"},{"taxonomy":"post_tag","embeddable":true,"href":"https:\/\/redsemlac.com\/semmexico\/wp-json\/wp\/v2\/tags?post=18048"}],"curies":[{"name":"wp","href":"https:\/\/api.w.org\/{rel}","templated":true}]}}