{"id":18043,"date":"2020-03-10T22:28:06","date_gmt":"2020-03-10T22:28:06","guid":{"rendered":"https:\/\/redsemlac.com\/semmexico\/?p=18043"},"modified":"2023-07-21T15:21:31","modified_gmt":"2023-07-21T20:21:31","slug":"jalisco-27","status":"publish","type":"post","link":"https:\/\/redsemlac.com\/semmexico\/jalisco-27\/","title":{"rendered":"UdeG asegura que atender\u00e1 denuncias de manifestantes plasmadas en sus muros"},"content":{"rendered":"\n<ul class=\"wp-block-list\"><li><strong>La Universidad ha sido se\u00f1alada por encubrir docentes acosadores<\/strong><\/li><\/ul>\n\n\n\n<p class=\"wp-block-paragraph\"><strong>Analy S. Nu\u00f1o<\/strong><\/p>\n\n\n\n<p class=\"wp-block-paragraph\">SemM\u00e9xico, Guadalajara, Jalisco. 10 de marzo de 2020.- Los\nse\u00f1alamientos que diversas mujeres dejaron plasmados con aerosol en los muros y\nbanquetas del edificio administrativo de la Universidad de Guadalajara\npermanecer\u00e1n hasta que sean documentados y atendidos.<\/p>\n\n\n\n<p class=\"wp-block-paragraph\">As\u00ed lo inform\u00f3 la casa de estudios a trav\u00e9s de un comunicado en el\nque se\u00f1ala que respetar\u00e1 la libre expresi\u00f3n de las manifestantes y su sentir\ncon respecto a los casos de violencia que han ocurrido al interior de la\ninstituci\u00f3n.<\/p>\n\n\n\n<p class=\"wp-block-paragraph\">\u201cLaUniversidad\nde Guadalajara (UdeG)&nbsp;informa que las consignas que mujeres\nplasmaron en muros y pisos del edificio de Rector\u00eda General y el Museo de las\nArtes (MUSA) durante la marcha de este domingo,&nbsp;no ser\u00e1n borradas&nbsp;hasta no hacer una debida documentaci\u00f3n de\nlas mismas\u201d.<\/p>\n\n\n\n<p class=\"wp-block-paragraph\">De acuerdo al comunicado con el fin de conocer y atender cada una\nde las denuncias e ideas de las manifestantes se \u201cescuchar\u00e1 cada palabra\nconsignada en las paredes y pisos de sus espacios\u201d.<\/p>\n\n\n\n<figure class=\"wp-block-image size-large\"><img decoding=\"async\" src=\"https:\/\/redsemlac.com\/semmexico\/wp-content\/uploads\/2020\/03\/WhatsApp-Image-2020-03-10-at-2.50.52-PM-549x1024.jpeg\" alt=\"\" class=\"wp-image-18041\"\/><\/figure>\n\n\n\n<p class=\"wp-block-paragraph\">Inform\u00f3 que con ayuda de agrupaciones feministas universitarias,\nestudiantes y acad\u00e9micas, la Rector\u00eda General ya trabaja en la mejora de los\nprotocolos de atenci\u00f3n de las v\u00edctimas y sanci\u00f3n de los agresores.<\/p>\n\n\n\n<p class=\"wp-block-paragraph\">La postura de la Universidad se da en medio de una serie de\nse\u00f1alamientos de encubrimiento de docentes acosadores.<\/p>\n\n\n\n<p class=\"wp-block-paragraph\">Tal es el caso del ex coordinador de la carrera de Antropolog\u00eda,\nHoracio Hern\u00e1ndez Casillas qui\u00e9n tras ser denunciado por acoso sexual y\nhostigamiento reiterado supuestamente fue destituido de manera definitiva e\ninhabilitado para ocupar cualquier cargo de la UdeG. Sin embargo, meses despu\u00e9s\nde la resoluci\u00f3n se conoci\u00f3 que en realidad el docente fue jubilado con un pago\nde m\u00e1s de 17 mil pesos quincenales. Adem\u00e1s de que se pasea por los pasillos del\ncentro universitario sin problema.<\/p>\n\n\n\n<p class=\"wp-block-paragraph\">Tambi\u00e9n destaca el caso del docente del Centro Universitario Ciencias\nBiol\u00f3gicas y Agropecuarias (CUCBA), Eduardo Fanti Echegoyen qui\u00e9n el pasado 5\nde marzo fue se\u00f1alado por varias alumnas en el tendedero de denuncias an\u00f3nimas\nque se realiz\u00f3 en el marc\u00f3 de las actividades por el 8M.<\/p>\n\n\n\n<p class=\"wp-block-paragraph\">El profesor que aparec\u00eda se\u00f1alado en al menos 6 carteles\ndiferentes, de forma burlesca se acerc\u00f3 al tendedero y pos\u00f3 junt\u00f3 a los\nse\u00f1alamientos para tomarse fotos que minutos m\u00e1s tarde compartir\u00eda en grupos de\nwhats app que comparte con sus estudiantes con el mensaje \u201cgracias por hacerme\nfamoso\u201d.<\/p>\n\n\n\n<p class=\"wp-block-paragraph\">Sobre este hecho, la Defensor\u00eda de Derechos Universitarios emiti\u00f3\nun comunicado en el que se\u00f1ala que inici\u00f3 de oficio una investigaci\u00f3n no solo\nde los casos que se se\u00f1alan sino tambi\u00e9n sobre la conducta del profesor \u201cdonde\nse mofa de una leg\u00edtima expresi\u00f3n de la leg\u00edtima preocupaci\u00f3n de las mujeres\nuniversitarias\u201d.<\/p>\n\n\n\n<p class=\"wp-block-paragraph\">\u201cMientras se desarrolla el proceso de investigaci\u00f3n, la Defensor\u00eda\nha dictado medidas cautelares al presunto responsable para que en tanto se\ndesahogan las indagatorias, no se&nbsp;\npresente ante grupo hasta que culmine el proceso\u201d. <\/p>\n","protected":false},"excerpt":{"rendered":"<p>La Universidad ha sido se\u00f1alada por encubrir docentes acosadores<\/p>\n","protected":false},"author":3,"featured_media":18040,"comment_status":"open","ping_status":"open","sticky":false,"template":"","format":"standard","meta":{"_monsterinsights_skip_tracking":false,"footnotes":""},"categories":[691,51],"tags":[],"class_list":["post-18043","post","type-post","status-publish","format-standard","has-post-thumbnail","category-691","category-ejecutivo"],"_links":{"self":[{"href":"https:\/\/redsemlac.com\/semmexico\/wp-json\/wp\/v2\/posts\/18043","targetHints":{"allow":["GET"]}}],"collection":[{"href":"https:\/\/redsemlac.com\/semmexico\/wp-json\/wp\/v2\/posts"}],"about":[{"href":"https:\/\/redsemlac.com\/semmexico\/wp-json\/wp\/v2\/types\/post"}],"author":[{"embeddable":true,"href":"https:\/\/redsemlac.com\/semmexico\/wp-json\/wp\/v2\/users\/3"}],"replies":[{"embeddable":true,"href":"https:\/\/redsemlac.com\/semmexico\/wp-json\/wp\/v2\/comments?post=18043"}],"version-history":[{"count":0,"href":"https:\/\/redsemlac.com\/semmexico\/wp-json\/wp\/v2\/posts\/18043\/revisions"}],"wp:featuredmedia":[{"embeddable":true,"href":"https:\/\/redsemlac.com\/semmexico\/wp-json\/wp\/v2\/media\/18040"}],"wp:attachment":[{"href":"https:\/\/redsemlac.com\/semmexico\/wp-json\/wp\/v2\/media?parent=18043"}],"wp:term":[{"taxonomy":"category","embeddable":true,"href":"https:\/\/redsemlac.com\/semmexico\/wp-json\/wp\/v2\/categories?post=18043"},{"taxonomy":"post_tag","embeddable":true,"href":"https:\/\/redsemlac.com\/semmexico\/wp-json\/wp\/v2\/tags?post=18043"}],"curies":[{"name":"wp","href":"https:\/\/api.w.org\/{rel}","templated":true}]}}