{"id":18036,"date":"2020-03-10T22:23:54","date_gmt":"2020-03-10T22:23:54","guid":{"rendered":"https:\/\/redsemlac.com\/semmexico\/?p=18036"},"modified":"2023-07-21T15:21:31","modified_gmt":"2023-07-21T20:21:31","slug":"jalisco-26","status":"publish","type":"post","link":"https:\/\/redsemlac.com\/semmexico\/jalisco-26\/","title":{"rendered":"35 mil mujeres jaliscienses toman las calles para exigir justicia y un alto a la violencia"},"content":{"rendered":"\n<ul class=\"wp-block-list\"><li><strong>En municipios como Lagos de Moreno las mujeres tambi\u00e9n tomaron las calles<\/strong><\/li><\/ul>\n\n\n\n<p class=\"wp-block-paragraph\"><strong>Analy S. Nu\u00f1o<\/strong><\/p>\n\n\n\n<p class=\"wp-block-paragraph\">SemM\u00e9xico. Guadalajara, Jalisco. 10 de marzo de 2020. &#8211; \u201cEl miedo cambio de lado\u201d y 35 mil mujeres de Jalisco salieron a marchar para gritar ya basta, exigir justicia y reclamar sus derechos.<\/p>\n\n\n\n<p class=\"wp-block-paragraph\">La marea verde y morada inund\u00f3 las calles de Guadalajara de pancartas, pintura en el cuerpo, brillantina, pa\u00f1uelos, batucada, globos, pelucas y carteles con el nombre de desaparecidas y v\u00edctimas de feminicidio.<\/p>\n\n\n\n<p class=\"wp-block-paragraph\">\u201cTienen miedo porque ya no tenemos miedo\u201d, \u201cNo quiero ser valiente, quiero ser libre\u201d, \u201cPor las que estamos, por las que ya no est\u00e1n y por las que vienen atr\u00e1s\u201d, \u201cNos queremos vivas, libres y sin miedo\u201d, \u201cSomos el grito de las que ya no est\u00e1n\u201d, \u201cEl estado no me cuida, me cuidan mis amigas\u201d y otras consignas fueron las que miles de mujeres replicaron a lo largo de la jornada por el D\u00eda Internacional de la Mujer.<\/p>\n\n\n\n<p class=\"wp-block-paragraph\">Madres con sus hijos en brazos o en carreolas, j\u00f3venes con pancartas, familiares de desaparecidas y v\u00edctimas de feminicidio, mujeres con discapacidad y ni\u00f1as bailando y gritando, se sumaron a la hist\u00f3rica jornada que por primera ocasi\u00f3n re\u00fane a miles de mujeres jaliscienses para exigir un alto a las violencias contra las mujeres.&nbsp;&nbsp;&nbsp;<\/p>\n\n\n\n<p class=\"wp-block-paragraph\">Al ritmo de las batucadas mujeres y ni\u00f1as cantaban y bailaban: \u201cY ahora que estamos juntas, y ahora que s\u00ed nos ven, abajo el patriarcado se va a caer, se va a caer, y arriba el feminismo que va a vencer, que va a vencer\u201d, \u201cAleeeeerta, aleeeeerta, alerta, alerta, alerta el que camina, la lucha feminista por Am\u00e9rica Latina, y tiemblen, y tiemble, y tiembles los machistas que Am\u00e9rica Latina ser\u00e1 toda feminista\u201d.&nbsp;&nbsp;&nbsp;<\/p>\n\n\n\n<p class=\"wp-block-paragraph\">Entre alegr\u00eda y l\u00e1grimas, abrazos, silencio, piel chinita y sororidad las mujeres denunciaron -algunas por primera vez- a sus acosadores o violadores, tambi\u00e9n se nombr\u00f3 a los feminicidas y se reclam\u00f3 la protecci\u00f3n hacia todos ellos, desde las instituciones como el gobierno.<\/p>\n\n\n\n<p class=\"wp-block-paragraph\">&nbsp;\u201cUdeG, alma mater de acosadores\u201d, \u201cA m\u00ed me violaron, \u00bfd\u00f3nde est\u00e1 mi justicia?\u201d, \u201cCon dinero y pene, nadie te toca\u201d, \u201cSr. presidente \u00bfA cu\u00e1nto el cachito de justicia?\u201d.<\/p>\n\n\n\n<figure class=\"wp-block-gallery columns-2 is-cropped wp-block-gallery-1 is-layout-flex wp-block-gallery-is-layout-flex\"><ul class=\"blocks-gallery-grid\"><li class=\"blocks-gallery-item\"><figure><img decoding=\"async\" src=\"https:\/\/redsemlac.com\/semmexico\/wp-content\/uploads\/2020\/03\/WhatsApp-Image-2020-03-10-at-1.59.29-PM-3-768x1024.jpeg\" alt=\"\" data-id=\"18039\" data-full-url=\"https:\/\/redsemlac.com\/semmexico\/wp-content\/uploads\/2020\/03\/WhatsApp-Image-2020-03-10-at-1.59.29-PM-3.jpeg\" data-link=\"https:\/\/redsemlac.com\/semmexico\/?attachment_id=18039\" class=\"wp-image-18039\"\/><\/figure><\/li><li class=\"blocks-gallery-item\"><figure><img decoding=\"async\" src=\"https:\/\/redsemlac.com\/semmexico\/wp-content\/uploads\/2020\/03\/WhatsApp-Image-2020-03-10-at-1.59.29-PM-2-1024x768.jpeg\" alt=\"\" data-id=\"18038\" data-full-url=\"https:\/\/redsemlac.com\/semmexico\/wp-content\/uploads\/2020\/03\/WhatsApp-Image-2020-03-10-at-1.59.29-PM-2.jpeg\" data-link=\"https:\/\/redsemlac.com\/semmexico\/?attachment_id=18038\" class=\"wp-image-18038\"\/><\/figure><\/li><\/ul><\/figure>\n\n\n\n<p class=\"wp-block-paragraph\">Tras marchar durante m\u00e1s 3 horas por dos de las principales avenidas de la ciudad, la marea verde y morada arrib\u00f3 a la Glorieta de las y los desaparecidos, d\u00f3nde familiares de desaparecidas y v\u00edctimas de feminicidio exigieron justicia:<\/p>\n\n\n\n<p class=\"wp-block-paragraph\">\u201cAlejandro Gonz\u00e1lez Rodr\u00edguez la mat\u00f3, la ahorc\u00f3. La encontramos sin vida y \u00e9l est\u00e1 amparado, libre y es protegido por el gobierno \u00a1Justicia para Liz!\u201d, \u201cA 7 a\u00f1os del feminicidio de mi hermana Imelda, no hay una sentencia definitiva para Gilberto, queremos que sea una sentencia firme, ejemplar \u00a1Justicia para Imelda!\u201d, \u201cJuan Jos\u00e9 Land\u00edn Rodr\u00edguez la mat\u00f3 y todav\u00eda tuvo el descaro de secuestrar a una de sus hijas, son 6 a\u00f1os sin justicia, \u00a1queremos justicia!\u201d, \u201cA Gaby la mat\u00f3 Luis Enrique Ru\u00edz Ruvalcaba a sangre fr\u00eda, a pleno d\u00eda, hab\u00eda una patrulla y no lo detuvieron, \u00e9l se fug\u00f3 y Gaby ya no est\u00e1, Gaby dijo no \u00a1Justicia para Gaby!\u201d.<\/p>\n\n\n\n<p class=\"wp-block-paragraph\">El grit\u00f3 un\u00edsono de \u00a1no est\u00e1n solas! y \u00a1Justicia! cimbr\u00f3 con cada testimonio entre l\u00e1grimas y abrazos, entre manos entrelazadas y pu\u00f1os en alto. Las luces de los celulares de cada una de las presentes iluminaron todo Paseo Chapultepec y la Glorieta, para repetir que \u00a1nunca m\u00e1s estaremos solas!<\/p>\n\n\n\n<p class=\"wp-block-paragraph\"><strong>Marchan mujeres en otros municipios de Jalisco<\/strong><\/p>\n\n\n\n<p class=\"wp-block-paragraph\">La jornada hist\u00f3rica por el D\u00eda Internacional de la Mujer provoc\u00f3 movilizaciones en distintos puntos del pa\u00eds y en Jalisco los municipios fuera de la zona metropolitana tambi\u00e9n se unieron a la convocatoria.<\/p>\n\n\n\n<p class=\"wp-block-paragraph\">Mujeres de Lagos de Moreno salieron por primera vez a manifestarse por la violencia de g\u00e9nero. Fueron varios contingentes, m\u00e1s de 200 personas recorrieron las calles del municipio hasta llegar a la Plaza Principal donde se realiz\u00f3 un tendedero con las violencias que han sido ejercidas hacia las mujeres, adem\u00e1s de que muchas de las manifestantes pasaron a dar un testimonio.<\/p>\n\n\n\n<p class=\"wp-block-paragraph\">Las mujeres del pueblo ind\u00edgena de La Laguna se hicieron presentes para exigir a las autoridades municipales que no se violenten los derechos de pueblos originarios, ya que autorizaron la instalaci\u00f3n de un gasoducto que atravesar\u00eda a la comunidad.<\/p>\n\n\n\n<p class=\"wp-block-paragraph\">\u201cEsta manifestaci\u00f3n es un canto a la vida, una expresi\u00f3n de amor a nosotras y a las que ya no est\u00e1n\u201d coment\u00f3 Viridiana Mart\u00ednez, quien era una de las organizadoras.<\/p>\n\n\n\n<p class=\"wp-block-paragraph\"><em>Informaci\u00f3n: Roc\u00edo Salas y Marycruz Lara<\/em><\/p>\n","protected":false},"excerpt":{"rendered":"<p>En municipios como Lagos de Moreno las mujeres tambi\u00e9n tomaron las calles<\/p>\n","protected":false},"author":3,"featured_media":18037,"comment_status":"open","ping_status":"open","sticky":false,"template":"","format":"standard","meta":{"_monsterinsights_skip_tracking":false,"footnotes":""},"categories":[691,54],"tags":[],"class_list":["post-18036","post","type-post","status-publish","format-standard","has-post-thumbnail","category-691","category-mujeres"],"_links":{"self":[{"href":"https:\/\/redsemlac.com\/semmexico\/wp-json\/wp\/v2\/posts\/18036","targetHints":{"allow":["GET"]}}],"collection":[{"href":"https:\/\/redsemlac.com\/semmexico\/wp-json\/wp\/v2\/posts"}],"about":[{"href":"https:\/\/redsemlac.com\/semmexico\/wp-json\/wp\/v2\/types\/post"}],"author":[{"embeddable":true,"href":"https:\/\/redsemlac.com\/semmexico\/wp-json\/wp\/v2\/users\/3"}],"replies":[{"embeddable":true,"href":"https:\/\/redsemlac.com\/semmexico\/wp-json\/wp\/v2\/comments?post=18036"}],"version-history":[{"count":0,"href":"https:\/\/redsemlac.com\/semmexico\/wp-json\/wp\/v2\/posts\/18036\/revisions"}],"wp:featuredmedia":[{"embeddable":true,"href":"https:\/\/redsemlac.com\/semmexico\/wp-json\/wp\/v2\/media\/18037"}],"wp:attachment":[{"href":"https:\/\/redsemlac.com\/semmexico\/wp-json\/wp\/v2\/media?parent=18036"}],"wp:term":[{"taxonomy":"category","embeddable":true,"href":"https:\/\/redsemlac.com\/semmexico\/wp-json\/wp\/v2\/categories?post=18036"},{"taxonomy":"post_tag","embeddable":true,"href":"https:\/\/redsemlac.com\/semmexico\/wp-json\/wp\/v2\/tags?post=18036"}],"curies":[{"name":"wp","href":"https:\/\/api.w.org\/{rel}","templated":true}]}}