{"id":18021,"date":"2020-03-10T21:10:14","date_gmt":"2020-03-10T21:10:14","guid":{"rendered":"https:\/\/redsemlac.com\/semmexico\/?p=18021"},"modified":"2023-07-21T15:21:31","modified_gmt":"2023-07-21T20:21:31","slug":"cuba-festival-de-las-7-palabras-no-a-la-violencia-contra-la-mujer","status":"publish","type":"post","link":"https:\/\/redsemlac.com\/semmexico\/cuba-festival-de-las-7-palabras-no-a-la-violencia-contra-la-mujer\/","title":{"rendered":"Cuba: Festival de las 7 palabras: no a la violencia contra la mujer"},"content":{"rendered":"\n<p class=\"wp-block-paragraph\"><strong>De la Redacci\u00f3n\u00a0<\/strong><\/p>\n\n\n\n<p class=\"wp-block-paragraph\">SemM\u00e9xico\/SEMlac.\u00a0La Habana. 10 de marzo de 2020.- \u00a0 La uni\u00f3n de mujeres fuertes, empoderadas, dispuestas a compartir sus conocimientos, experiencias, apoyos y v\u00edas de sororidad y denuncia frente a la violencia de g\u00e9nero fue la manera en que la tercera edici\u00f3n del\u00a0<em>Festival 7 Palabras<\/em>\u00a0en el barrio San Isidro de La Habana Vieja celebr\u00f3 el D\u00eda Internacional de la Mujer, defendiendo los derechos y equidad de las cubanas este 8 de marzo.<\/p>\n\n\n\n<p class=\"wp-block-paragraph\">Como facilitadora del encuentro, la artista Cucu Diamantes coordin\u00f3 la convocatoria para las conferencias de la ma\u00f1ana del pasado domingo en la Galer\u00eda Taller Gorr\u00eda (GTG), dirigidas principalmente a las vecinas y residentes del barrio San Isidro, quienes han creado un v\u00ednculo con ese proyecto desde sus inicios.<br><\/p>\n\n\n\n<p class=\"wp-block-paragraph\">El conversatorio transcurri\u00f3 rodeado por las obras de la exposici\u00f3n\u00a0<em>El arte de no estar calladas<\/em>, inaugurada d\u00edas antes, el 6 de marzo, y que re\u00fane a las artistas Roc\u00edo Garc\u00eda, Liz Capote, Katiuska Saavedra, Marianela Orozco, Diana Fonseca, Adriana Arronte, Mabel Poblet, Alejandra Gonz\u00e1lez y Aime\u00e9 Joaristi.<br><\/p>\n\n\n\n<p class=\"wp-block-paragraph\">Mujeres que ejercen la abogac\u00eda abrieron el panel, en las voces de Lidia Romero y Deyni Terry, quienes de modo din\u00e1mico y participativo intercambiaron sus saberes y experiencias de vida sobre g\u00e9nero y derechos.<br><\/p>\n\n\n\n<p class=\"wp-block-paragraph\">Explicaron a las presentes c\u00f3mo funciona el ciclo de la violencia, les ofrecieron herramientas para identificar actos de ese tipo, indicaron c\u00f3mo denunciarlos y d\u00f3nde recibir apoyo psicol\u00f3gico y ayuda jur\u00eddica.<br><\/p>\n\n\n\n<p class=\"wp-block-paragraph\">\u00abLas personas muchas veces sienten verg\u00fcenza cuando esto sucede, pero deben saber que tienen que denunciarlo. Hay que tener cuidado con las ni\u00f1as y los ni\u00f1os, porque reproducen lo que aprenden. No se quede callada, no se esconda en su casa. <\/p>\n\n\n\n<p class=\"wp-block-paragraph\">Puede ser una verg\u00fcenza que se sepa que a quien usted quiso o quiere est\u00e1 maltrat\u00e1ndola, pero el bien m\u00e1s preciado que una tiene es la vida\u00bb, reconoci\u00f3 Deyni.<br>Emprendedoras cubanas en el sector privado y comunitario hablaron tambi\u00e9n de sus vivencias y experiencias con proyectos de corte social, cultural y econ\u00f3mico.<br><\/p>\n\n\n\n<p class=\"wp-block-paragraph\">Los caminos por los que lleg\u00f3 al masaje corporal como arte milenario beneficioso para la salud y la forma en que lo convirti\u00f3 en su sustento de vida fue el tema sobre el cual anim\u00f3 el di\u00e1logo la m\u00e9dica Suney Pe\u00f1a, due\u00f1a del centro de salud y cosm\u00e9tica Corpus Habana.<br><\/p>\n\n\n\n<p class=\"wp-block-paragraph\">A ella se uni\u00f3 en el podio Grettel Jim\u00e9nez-Singer, autora de\u00a0<em>Mujerongas<\/em>, libro que aborda temas esenciales de la vida de cualquier mujer y del cual ley\u00f3 dos pasajes autobiogr\u00e1ficos, con los que se sintieron identificadas algunas oyentes.<br><\/p>\n\n\n\n<p class=\"wp-block-paragraph\">Los estilistas Erlys Pennycook y Roberto \u00c1lvarez se pronunciaron sobre la cultura afrocubana, sus estigmas, mitos, tab\u00faes y por qu\u00e9 abrazar sus tradiciones e historia.<br><\/p>\n\n\n\n<p class=\"wp-block-paragraph\">\u00ab\u00a1Qu\u00e9 negra! es un proyecto que surgi\u00f3 de una necesidad personal, pero se convirti\u00f3 en la de mucha gente. \u00abEl pelo afro ha sido muy estigmatizado. La afroest\u00e9tica es la belleza natural del cabello y ha tenido una gran participaci\u00f3n hist\u00f3rico-pol\u00edtica en la lucha por los derechos civiles. Llevar los cabellos naturales era una representaci\u00f3n de resistencia\u00bb, resalt\u00f3 Erlys.<br><\/p>\n\n\n\n<p class=\"wp-block-paragraph\">En tanto, la dise\u00f1adora Laila Chaaban, Yunalvis Hern\u00e1ndez y Karen Rodr\u00edguez se unieron para hablar, respectivamente, sobre la construcci\u00f3n de una imagen cubana, la integraci\u00f3n de la vida en la tierra y el kundalini yoga, respectivamente.<br>Marta Deus, l\u00edder de varios proyectos del sector privado, concluy\u00f3 el panel incitando a las mujeres al emprendimiento femenino, a partir de las posibilidades del contexto actual que pueden tomar a su favor y son beneficiosas para su superaci\u00f3n, as\u00ed como para la realizaci\u00f3n y materializaci\u00f3n de sus ideas.<br><\/p>\n\n\n\n<p class=\"wp-block-paragraph\">En el Parque de la Ceiba, en San Isidro, continu\u00f3 el programa, en el cual se presentaron algunos proyectos que apoyaron la iniciativa del festival y el bazar de mujeres creadoras.<br><\/p>\n\n\n\n<p class=\"wp-block-paragraph\">Como colof\u00f3n, el evento cultural present\u00f3 el Capic\u00faa Fashion Show, espacio en el que esa marca de vestuario fue modelada por mujeres diversas. Tambi\u00e9n se presentaron en concierto Dj Lejardi y los grupos musicales M\u00e1s con menos y RCM, entre otros.<br><\/p>\n\n\n\n<p class=\"wp-block-paragraph\">Como proyecto sociocultural inclusivo y en favor del desarrollo local, el Festival de la Mujer 7 palabras es una iniciativa que promueve la capacitaci\u00f3n y empoderamiento social de mujeres cubanas, as\u00ed como su visibilidad a prop\u00f3sito del D\u00eda Internacional de la Mujer.<\/p>\n","protected":false},"excerpt":{"rendered":"<p> La uni\u00f3n de mujeres fuertes, empoderadas, dispuestas a compartir sus conocimientos, experiencias, apoyos y v\u00edas de sororidad y denuncia frente a la violencia de g\u00e9nero<\/p>\n","protected":false},"author":3,"featured_media":18022,"comment_status":"open","ping_status":"open","sticky":false,"template":"","format":"standard","meta":{"_monsterinsights_skip_tracking":false,"footnotes":""},"categories":[691,53],"tags":[],"class_list":["post-18021","post","type-post","status-publish","format-standard","has-post-thumbnail","category-691","category-internacional"],"_links":{"self":[{"href":"https:\/\/redsemlac.com\/semmexico\/wp-json\/wp\/v2\/posts\/18021","targetHints":{"allow":["GET"]}}],"collection":[{"href":"https:\/\/redsemlac.com\/semmexico\/wp-json\/wp\/v2\/posts"}],"about":[{"href":"https:\/\/redsemlac.com\/semmexico\/wp-json\/wp\/v2\/types\/post"}],"author":[{"embeddable":true,"href":"https:\/\/redsemlac.com\/semmexico\/wp-json\/wp\/v2\/users\/3"}],"replies":[{"embeddable":true,"href":"https:\/\/redsemlac.com\/semmexico\/wp-json\/wp\/v2\/comments?post=18021"}],"version-history":[{"count":0,"href":"https:\/\/redsemlac.com\/semmexico\/wp-json\/wp\/v2\/posts\/18021\/revisions"}],"wp:featuredmedia":[{"embeddable":true,"href":"https:\/\/redsemlac.com\/semmexico\/wp-json\/wp\/v2\/media\/18022"}],"wp:attachment":[{"href":"https:\/\/redsemlac.com\/semmexico\/wp-json\/wp\/v2\/media?parent=18021"}],"wp:term":[{"taxonomy":"category","embeddable":true,"href":"https:\/\/redsemlac.com\/semmexico\/wp-json\/wp\/v2\/categories?post=18021"},{"taxonomy":"post_tag","embeddable":true,"href":"https:\/\/redsemlac.com\/semmexico\/wp-json\/wp\/v2\/tags?post=18021"}],"curies":[{"name":"wp","href":"https:\/\/api.w.org\/{rel}","templated":true}]}}