{"id":18018,"date":"2020-03-10T20:55:18","date_gmt":"2020-03-10T20:55:18","guid":{"rendered":"https:\/\/redsemlac.com\/semmexico\/?p=18018"},"modified":"2023-07-21T15:21:31","modified_gmt":"2023-07-21T20:21:31","slug":"cuba-30","status":"publish","type":"post","link":"https:\/\/redsemlac.com\/semmexico\/cuba-30\/","title":{"rendered":"Cuba: Un llamado a vivir \u00aben tiempos de mujeres\u00bb"},"content":{"rendered":"\n<p class=\"wp-block-paragraph\"><strong>Por Dixie Edith<\/strong><\/p>\n\n\n\n<p class=\"wp-block-paragraph\">SemM\u00e9xico\/SEMlac.\u00a0La Habana. 10 de marzo de 2020.&#8211; La comunidad es un lugar clave para implementar acciones contra m\u00faltiples discriminaciones que a\u00fan existen y se complementan unas con otras, coincidieron en La Habana participantes del encuentro \u00abVivamos en tiempos de mujeres\u00bb, el pasado viernes 6 de marzo en el contexto del 8 de marzo, D\u00eda Internacional de la Mujer.<br><\/p>\n\n\n\n<p class=\"wp-block-paragraph\">Mirar a la comunidad tambi\u00e9n significa, seg\u00fan participantes, aprovechar las organizaciones y estructuras que ya existen para promover cambios \u00abdesde abajo\u00bb.<br>Convocado por el Espacio Feminista \u00abBerta C\u00e1ceres\u00bb, del Instituto de Filosof\u00eda, en la cita se llam\u00f3 a poner ideas comunes frente al tema \u00abFeminismo vs. ideolog\u00eda de g\u00e9nero\u00bb, por la trascendencia que ese debate va ganando en la realidad cotidiana de la Cuba de hoy.<br><\/p>\n\n\n\n<p class=\"wp-block-paragraph\">Esta vez, convocaron a \u00abreflexionar sobre las mujeres por las cuales se celebra justo esta y no otra fecha del a\u00f1o, sobre las mujeres que ya no est\u00e1n, sobre las mujeres que hicieron posible que hoy estemos aqu\u00ed, sobre las mujeres que somos\u00bb, seg\u00fan la\u00a0<a rel=\"noreferrer noopener\" href=\"https:\/\/medium.com\/la-tiza\/vivir-en-tiempos-de-mujeres-fd302955244\" target=\"_blank\">Declaraci\u00f3n<\/a>\u00a0que sirvi\u00f3 de pretexto para la apertura del encuentro.<br><\/p>\n\n\n\n<p class=\"wp-block-paragraph\">\u00abVivamos en tiempos donde no aceptemos que las mujeres cubanas seamos v\u00edctimas de cualquier forma de violencia, y nadie decida sobre el control de nuestros cuerpos y nuestras vidas; tiempos, en el que tambi\u00e9n podamos ir definiendo qu\u00e9 tipo de sociedad queremos, c\u00f3mo vamos a construirla, qu\u00e9 precisamos de inmediato, cu\u00e1les son los objetivos del futuro, y c\u00f3mo podemos acercarnos a esa meta desde el espacio en el que vivimos cada d\u00eda\u00bb, precisa la declaraci\u00f3n presentada por la soci\u00f3loga Maura Febles Dom\u00ednguez.<br><\/p>\n\n\n\n<p class=\"wp-block-paragraph\">La diversidad de posicionamientos epistemol\u00f3gicos y pol\u00edticos en torno a los debates de g\u00e9nero, la pol\u00e9mica con el feminismo liberal que suscribe una visi\u00f3n de igualdad centrada en el mercado y el enfrentamiento al discurso fundamentalista contra la supuesta \u00abideolog\u00eda de g\u00e9nero\u00bb son desaf\u00edos identificados tambi\u00e9n por la citada declaraci\u00f3n y que sirvieron de provocaci\u00f3n para el an\u00e1lisis.<br><\/p>\n\n\n\n<p class=\"wp-block-paragraph\">\u00bfC\u00f3mo enfrentarlos desde la realidad cubana actual? \u00bfCu\u00e1les son las fortalezas y debilidades frente a ese escenario? Tres grupos de trabajo aportaron ideas y propuestas para articular luchas y resistencias frente al patriarcado.<br><\/p>\n\n\n\n<p class=\"wp-block-paragraph\">\u00abLa lucha contra la &#8216;ideolog\u00eda de g\u00e9nero&#8217; debe tener en cuenta tambi\u00e9n a colectivos no religiosos, que operan incluso dentro de \u00e1mbitos progresistas y en ese camino tambi\u00e9n es muy importante atender a las diversidades intrareligiosas y no englobarlas autom\u00e1ticamente como fundamentalistas\u00bb, alert\u00f3 la psic\u00f3loga Ailynn Torres Santana, vocera de uno de los grupos de trabajo.<br><\/p>\n\n\n\n<p class=\"wp-block-paragraph\">Igualmente, resalt\u00f3 la importancia de estudiar c\u00f3mo muchos colectivos religiosos tejen comunidad, solidaridades y afectos, con lo cual la comunidad se convierte tambi\u00e9n en un espacio de disputa de sentidos.<br><\/p>\n\n\n\n<p class=\"wp-block-paragraph\">Este equipo tambi\u00e9n llam\u00f3 la atenci\u00f3n sobre la coyuntura legislativa que vive el pa\u00eds y la necesidad de promover que las nuevas leyes que se gestar\u00e1n en la pr\u00f3xima d\u00e9cada incorporen una perspectiva de g\u00e9nero.<br><\/p>\n\n\n\n<p class=\"wp-block-paragraph\">Otro grupo, representado por la realizadora Magda Gonz\u00e1lez Grau, puso sobre el tapete la urgencia de \u00abfortalecer y ampliar el poder desde las bases para mover ideas y estrategias de las organizaciones de masas, especialmente en la Federaci\u00f3n de Mujeres Cubanas\u00bb.<br><\/p>\n\n\n\n<p class=\"wp-block-paragraph\">Como ideas compartidas durante la sesi\u00f3n, destac\u00f3 la necesidad de romper con el imaginario existente sobre el feminismo, proponiendo la b\u00fasqueda de la felicidad, el derecho a la vida digna de la mujer y la utilidad de incluir a los hombres en las cuestiones feministas.<br><\/p>\n\n\n\n<p class=\"wp-block-paragraph\">Igualmente, fue coincidente la demanda de capacitar a periodistas y personas que realizan, asesoran y dirigen en los medios de comunicaci\u00f3n para que la programaci\u00f3n responda a pol\u00edticas intencionadas de inclusi\u00f3n y no discriminaci\u00f3n.<br>Organizado\u00a0<a rel=\"noreferrer noopener\" href=\"http:\/\/www.redsemlac-cuba.net\/sociedad-cultura\/feministas-cubanas-estrenan-nuevo-espacio-de-debate.html\" target=\"_blank\">desde 2016\u00a0<\/a>por el Grupo Galfisa, del Instituto de Filosof\u00eda de la Universidad de La Habana, el Espacio Feminista rinde homenaje a la lideresa salvadore\u00f1a\u00a0<a rel=\"noreferrer noopener\" href=\"https:\/\/es.wikipedia.org\/wiki\/Berta_C%C3%A1ceres\" target=\"_blank\">Berta C\u00e1ceres (1971-2016)<\/a>, articulando debates y acciones contra la dominaci\u00f3n, la explotaci\u00f3n, la discriminaci\u00f3n y la violencia patriarcal.<br><\/p>\n\n\n\n<p class=\"wp-block-paragraph\">La jornada concluy\u00f3 con la presentaci\u00f3n en La Habana de la Plataforma feminista \u00abSoy caribe, soy mujer\u00bb, nacida a partir de la necesidad de intercambiar estudios e investigaciones que hoy realizan las mujeres y la necesidad de potenciarlos desde el feminismo, explic\u00f3 la doctora Georgina Alfonso, directora del Instituto de Filosof\u00eda.<br>Cada proyecto, grupo, organizaci\u00f3n o centro que quiera formar parte de la plataforma lo har\u00e1 desde sus saberes y experiencias, precis\u00f3 Alfonso.<br><\/p>\n","protected":false},"excerpt":{"rendered":"<p>Esta vez, convocaron a \u00abreflexionar sobre las mujeres por las cuales se celebra justo esta y no otra fecha del a\u00f1o, sobre las mujeres que ya no est\u00e1n, sobre las mujeres que hicieron posible que hoy estemos aqu\u00ed, sobre las mujeres que somos\u00bb<\/p>\n","protected":false},"author":3,"featured_media":18019,"comment_status":"open","ping_status":"open","sticky":false,"template":"","format":"standard","meta":{"_monsterinsights_skip_tracking":false,"footnotes":""},"categories":[691,53],"tags":[],"class_list":["post-18018","post","type-post","status-publish","format-standard","has-post-thumbnail","category-691","category-internacional"],"_links":{"self":[{"href":"https:\/\/redsemlac.com\/semmexico\/wp-json\/wp\/v2\/posts\/18018","targetHints":{"allow":["GET"]}}],"collection":[{"href":"https:\/\/redsemlac.com\/semmexico\/wp-json\/wp\/v2\/posts"}],"about":[{"href":"https:\/\/redsemlac.com\/semmexico\/wp-json\/wp\/v2\/types\/post"}],"author":[{"embeddable":true,"href":"https:\/\/redsemlac.com\/semmexico\/wp-json\/wp\/v2\/users\/3"}],"replies":[{"embeddable":true,"href":"https:\/\/redsemlac.com\/semmexico\/wp-json\/wp\/v2\/comments?post=18018"}],"version-history":[{"count":0,"href":"https:\/\/redsemlac.com\/semmexico\/wp-json\/wp\/v2\/posts\/18018\/revisions"}],"wp:featuredmedia":[{"embeddable":true,"href":"https:\/\/redsemlac.com\/semmexico\/wp-json\/wp\/v2\/media\/18019"}],"wp:attachment":[{"href":"https:\/\/redsemlac.com\/semmexico\/wp-json\/wp\/v2\/media?parent=18018"}],"wp:term":[{"taxonomy":"category","embeddable":true,"href":"https:\/\/redsemlac.com\/semmexico\/wp-json\/wp\/v2\/categories?post=18018"},{"taxonomy":"post_tag","embeddable":true,"href":"https:\/\/redsemlac.com\/semmexico\/wp-json\/wp\/v2\/tags?post=18018"}],"curies":[{"name":"wp","href":"https:\/\/api.w.org\/{rel}","templated":true}]}}