{"id":18015,"date":"2020-03-10T20:43:15","date_gmt":"2020-03-10T20:43:15","guid":{"rendered":"https:\/\/redsemlac.com\/semmexico\/?p=18015"},"modified":"2023-07-21T15:21:32","modified_gmt":"2023-07-21T20:21:32","slug":"cuba-abrazos-para-celebrar-el-servicio-de-una-pastora-feminista","status":"publish","type":"post","link":"https:\/\/redsemlac.com\/semmexico\/cuba-abrazos-para-celebrar-el-servicio-de-una-pastora-feminista\/","title":{"rendered":"Cuba: Abrazos para celebrar el servicio de una pastora feminista"},"content":{"rendered":"\n<p class=\"wp-block-paragraph\"><strong>De la Redacci\u00f3n<\/strong><\/p>\n\n\n\n<p class=\"wp-block-paragraph\">SemM\u00e9xico\/SEMlac.\u00a0La Habana. 10 de marzo de 2020.-\u00a0\u00a0Una representaci\u00f3n de varias comunidades de fe, amistades y personas queridas se reunieron para celebrar la vida y el servicio pastoral de\u00a0<a rel=\"noreferrer noopener\" href=\"http:\/\/directoriogenero.redsemlac-cuba.net\/raquel-suarez-rodes-la-habana-1966\/\" target=\"_blank\">Raquel Su\u00e1rez Rod\u00e9s<\/a>, reverenda bautista, reconocida te\u00f3loga y activista feminista cubana.<br><\/p>\n\n\n\n<p class=\"wp-block-paragraph\">Quienes la conocen suelen llamarla Raque o Raquelita, por la cercan\u00eda que despierta en su compromiso ecum\u00e9nico con las causas justas. Este 8 de marzo, la Iglesia Bautista Ebenezer de Marianao le dedic\u00f3 un homenaje especial por sus a\u00f1os como pastora de la comunidad religiosa y por sus\u00a0<a rel=\"noreferrer noopener\" href=\"http:\/\/www.redsemlac-cuba.net\/sociedad-cultura\/pastoras-bautistas-retan-la-tradici%C3%B3n.html\" target=\"_blank\">aportes al ecumenismo cubano<\/a>.<br><\/p>\n\n\n\n<p class=\"wp-block-paragraph\">J\u00f3venes, personas mayores e integrantes de distintas comunidades de fe reconocieron el acompa\u00f1amiento espiritual, la sabidur\u00eda y tenacidad de Raquel, quien se retira del ministerio activo por problemas de salud.<br><\/p>\n\n\n\n<p class=\"wp-block-paragraph\">Raquel creci\u00f3 en una familia pionera dentro del ecumenismo cubano. Hija de los pastores Clara Rod\u00e9s y Ra\u00fal Su\u00e1rez, se gradu\u00f3 del Seminario Bautista de La Habana, estudi\u00f3 teolog\u00eda feminista, educaci\u00f3n popular y coordin\u00f3 a nivel nacional el Programa de Mujer y G\u00e9nero del Consejo de Iglesias de Cuba.<br><\/p>\n\n\n\n<p class=\"wp-block-paragraph\">Su visi\u00f3n ecum\u00e9nica la ha llevado a asumir p\u00fablicamente causas como la igualdad de g\u00e9nero, la lucha contra la violencia machista y por los\u00a0<a rel=\"noreferrer noopener\" href=\"http:\/\/www.redsemlac-cuba.net\/diversidad-sexual\/activistas-lgbti-enfrentan-homofobia-religiosa.html\" target=\"_blank\">derechos de la comunidad LGBTIQ en Cuba<\/a>. Esa postura le impuso m\u00faltiples retos, pero la convirti\u00f3 en un referente en el activismo cubano, como cristiana y mujer lesbiana.<br><\/p>\n\n\n\n<p class=\"wp-block-paragraph\">\u00abHoy queremos celebrar la vida y el ministerio de una de esas personas que nos permiten otras transfiguraciones y en ocasiones, a trav\u00e9s de sus luces, nos muestran otra verdad de la vida para convencernos de la necesidad de comprometernos y abogar por ella\u00bb, dijo la pastora cu\u00e1quera Kirenia Criado.<br><\/p>\n\n\n\n<p class=\"wp-block-paragraph\">Midiam Lobaina, pastora y coordinadora del Programa de Mujer y G\u00e9nero del Consejo de Iglesias de Cuba, agradeci\u00f3 los a\u00f1os dedicados por Raquel a la labor pastoral, sus aportes al movimiento ecum\u00e9nico cubano y \u00abpor sembrar semillas de justicia y equidad en medio de nuestro pueblo\u00bb.<br><\/p>\n\n\n\n<p class=\"wp-block-paragraph\">La tambi\u00e9n pastora Elaine Saralegui habl\u00f3 de la amiga, la hermana, la consejera, guerrillera y luchadora que ha acompa\u00f1ado procesos de vida y momentos duros de muchas personas.<br><\/p>\n\n\n\n<p class=\"wp-block-paragraph\">\u00abHa sido un referente siempre por ser una persona digna y honesta, que nos ense\u00f1\u00f3 a luchar con la frente en alto y nos acompa\u00f1\u00f3 en nuestras historias de vida y violencia. Es nuestra pastora, nuestra reverenda, nuestra obispa. Ser una mujer cristiana con una sexualidad no hegem\u00f3nica tambi\u00e9n es importante llevarlo a nuestras comunidades de fe con orgullo\u00bb, dijo la l\u00edder de la Iglesia Metropolitana en Cuba (ICM).<br><\/p>\n\n\n\n<p class=\"wp-block-paragraph\">Emocionada, Raquelita agradeci\u00f3 a su iglesia Ebenezer de Marianao y a su congregaci\u00f3n por haber sido un espacio que dio sentido a su vida. Agradeci\u00f3 tambi\u00e9n a los m\u00e9dicos que la han atendido y acompa\u00f1ado.<br><\/p>\n\n\n\n<p class=\"wp-block-paragraph\">\u00abQuiero dar las gracias al sistema social cubano, que me ha permitido tener salud; a mi familia; a mi hermano Joel, que me sigue acompa\u00f1ando y cuidando much\u00edsimo, y a tantos amigos y amigas desde distintos lugares con los que he podido compartir espacios de vida\u00bb, expres\u00f3 la pastora feminista cubana.<\/p>\n","protected":false},"excerpt":{"rendered":"<p>Una representaci\u00f3n de varias comunidades de fe, amistades y personas queridas se reunieron para celebrar la vida y el servicio pastoral de Raquel Su\u00e1rez Rod\u00e9s<\/p>\n","protected":false},"author":3,"featured_media":18016,"comment_status":"open","ping_status":"open","sticky":false,"template":"","format":"standard","meta":{"_monsterinsights_skip_tracking":false,"footnotes":""},"categories":[691,53],"tags":[],"class_list":["post-18015","post","type-post","status-publish","format-standard","has-post-thumbnail","category-691","category-internacional"],"_links":{"self":[{"href":"https:\/\/redsemlac.com\/semmexico\/wp-json\/wp\/v2\/posts\/18015","targetHints":{"allow":["GET"]}}],"collection":[{"href":"https:\/\/redsemlac.com\/semmexico\/wp-json\/wp\/v2\/posts"}],"about":[{"href":"https:\/\/redsemlac.com\/semmexico\/wp-json\/wp\/v2\/types\/post"}],"author":[{"embeddable":true,"href":"https:\/\/redsemlac.com\/semmexico\/wp-json\/wp\/v2\/users\/3"}],"replies":[{"embeddable":true,"href":"https:\/\/redsemlac.com\/semmexico\/wp-json\/wp\/v2\/comments?post=18015"}],"version-history":[{"count":0,"href":"https:\/\/redsemlac.com\/semmexico\/wp-json\/wp\/v2\/posts\/18015\/revisions"}],"wp:featuredmedia":[{"embeddable":true,"href":"https:\/\/redsemlac.com\/semmexico\/wp-json\/wp\/v2\/media\/18016"}],"wp:attachment":[{"href":"https:\/\/redsemlac.com\/semmexico\/wp-json\/wp\/v2\/media?parent=18015"}],"wp:term":[{"taxonomy":"category","embeddable":true,"href":"https:\/\/redsemlac.com\/semmexico\/wp-json\/wp\/v2\/categories?post=18015"},{"taxonomy":"post_tag","embeddable":true,"href":"https:\/\/redsemlac.com\/semmexico\/wp-json\/wp\/v2\/tags?post=18015"}],"curies":[{"name":"wp","href":"https:\/\/api.w.org\/{rel}","templated":true}]}}