{"id":18010,"date":"2020-03-10T19:40:24","date_gmt":"2020-03-10T19:40:24","guid":{"rendered":"https:\/\/redsemlac.com\/semmexico\/?p=18010"},"modified":"2023-07-21T15:21:32","modified_gmt":"2023-07-21T20:21:32","slug":"opinion-377","status":"publish","type":"post","link":"https:\/\/redsemlac.com\/semmexico\/opinion-377\/","title":{"rendered":"Entresemana"},"content":{"rendered":"\n<h2 class=\"wp-block-heading\"><strong>Conservadores, la derecha y el coro f\u00e1cil<\/strong><\/h2>\n\n\n\n<p class=\"wp-block-paragraph\"><strong>Mois\u00e9s S\u00e1nchez Lim\u00f3n<\/strong><\/p>\n\n\n\n<p class=\"wp-block-paragraph\">SemM\u00e9xico. Cd. de M\u00e9xico. 10 de marzo de 2020.- \u201c\u00a1Insisto en que el grito an\u00f3nimo es cobarde, j\u00f3venes!\u201d, acus\u00f3 voz en cuello el entonces presidente Luis Echeverr\u00eda \u00c1lvarez, la ma\u00f1ana del viernes 14 de marzo de 1975, en el auditorio \u201cSalvador Allende\u201d de la Facultad de Medicina de la Universidad Nacional Aut\u00f3noma de M\u00e9xico.<\/p>\n\n\n\n<p class=\"wp-block-paragraph\">Echeverr\u00eda, a quien se responsabiliza la autor\u00eda intelectual de la matanza del 2 de octubre de 1968 en la Plaza de las Tres Culturas en Tlatelolco y la del Jueves de Corpus el 10 de junio de 1971 en el Casco de Santo Tom\u00e1s, hab\u00eda acudido a declarar la apertura de cursos en esa instituci\u00f3n; a unos pasos estaba la Facultad de Ciencias Pol\u00edticas y Sociales, donde el hoy inquilino de Palacio deb\u00eda haber asistido a clases, pero\u2026<\/p>\n\n\n\n<p class=\"wp-block-paragraph\">La terca historia de la lucha del poder por el poder se repite, por m\u00e1s que se niegue lo evidente despu\u00e9s de la campa\u00f1a de 18 a\u00f1os.<\/p>\n\n\n\n<p class=\"wp-block-paragraph\">C\u00edclica lucha enfundada en nueva piel, perversa nunca filantr\u00f3pica, sus motivos son esencialmente los mismos en ese \u00e1nimo de desvirtuar o ponderar, utilizar para beneficio de intereses mafiosos o infiltrar a la movilizaci\u00f3n social para ofrecerla p\u00fablicamente corrupta.<\/p>\n\n\n\n<p class=\"wp-block-paragraph\">As\u00ed, movilizaciones contra el resultado de elecciones federales o locales, han transitado con contenidos que irritan al olfato por el nauseabundo olor de la corrupci\u00f3n que entra\u00f1a la opacidad y el manto de impunidad hacia actos vand\u00e1licos, hoy superados por aquellas huestes que se asumen defensoras acompa\u00f1antes de manifestaciones contra la inacci\u00f3n oficial en materia de feminicidios que insultan a la civilidad.<\/p>\n\n\n\n<p class=\"wp-block-paragraph\">El pretexto ha sido \u00e9ste de gritar y golpear, destruir, vandalizar para generar animadversi\u00f3n hacia los grupos cuyos motivos para protestar y demandar justicia, son respetables sin manique\u00edsmos y, sin duda alguna, merecen el apoyo social porque se trata de un sector ofendido y expuesto a ser v\u00edctima de criminales, pederastas, violadores, acosadores.<\/p>\n\n\n\n<p class=\"wp-block-paragraph\">\u00bfA qui\u00e9n beneficia la violenta acci\u00f3n de esas j\u00f3venes encapuchadas que incluso en la marcha del domingo 8M llevaron artefactos explosivos y los detonaron? \u00bfPor qu\u00e9 descontextualizar a la declaraci\u00f3n de una chica manifestante, en t\u00e9rminos de que quieren derrocar al presidente L\u00f3pez Obrador?<\/p>\n\n\n\n<p class=\"wp-block-paragraph\">Porque, \u00bfa qui\u00e9n o qui\u00e9nes, sirven esas j\u00f3venes infiltradas que fueron rechazadas por las mujeres marchistas?<\/p>\n\n\n\n<p class=\"wp-block-paragraph\">Fue evidente que las mujeres que protestaron contra la ausencia de voluntad pol\u00edtica de los tres niveles de gobierno, pero especialmente del federal y de la Ciudad de M\u00e9xico, para atender al feminicidio como un mal end\u00e9mico que aterra porque adem\u00e1s transita impune.<\/p>\n\n\n\n<p class=\"wp-block-paragraph\">\u00bfPor qu\u00e9 regatear un pronunciamiento contra los feminicidios y negarse a asumirse feminista? Son, en principio, factores del atavismo social, de la educaci\u00f3n atada a programas caducos, pero tambi\u00e9n de temor a perder el control pol\u00edtico con una pueril convicci\u00f3n de que aqu\u00ed no pasa nada o simplemente hay otros datos.<\/p>\n\n\n\n<p class=\"wp-block-paragraph\">\u00bfUsted cree que no est\u00e1n identificadas las j\u00f3venes y otras no tanto que, encapuchadas y martillo o varilla de acero en ristre, rompieron cristales, puertas, ornamentos p\u00fablicos, y aerosol en mano pintarrajearon monumentos hist\u00f3ricos y, lo extremo, intentaron incendiar, convertir en teas humanas a mujeres polic\u00eda y reporteras gr\u00e1ficas o cualquier muchacha que se les atravesara cuando lanzaran la bomba molotov hacia la multitud?<\/p>\n\n\n\n<p class=\"wp-block-paragraph\">Es pueril la declaraci\u00f3n desde Palacio Nacional y del viejo edificio del Ayuntamiento, que se congratula porque la marcha no pas\u00f3 a mayores, pero la descalifica con la referencia de que marcharon unas 80 mil personas. \u00bfOchenta mil? Solo falt\u00f3 decir que fueron pirrurris, en atenci\u00f3n a la referencia de una columnista cuyos mejores tiempos han pasado&nbsp; y que descalific\u00f3 a las se\u00f1oras de Polanco y de Las Lomas por haber marchado y llevado en mano bolsas de marca.<\/p>\n\n\n\n<p class=\"wp-block-paragraph\">\u00bfPara qu\u00e9 pelearse con fantasmas? \u00bfPara qu\u00e9 si ya est\u00e1n en el poder?<\/p>\n\n\n\n<p class=\"wp-block-paragraph\">Pero, la vicepresidenta de la C\u00e1mara de Diputados, Dolores Padierna Luna, primero aliada con el priismo de los d\u00edas del terremoto de 1985 y junto con su marido el profesor Ren\u00e9 Bejarano, beneficiaria de la industria de la protesta y en demanda de vivienda para sus simpatizantes, luego perredista recalcitrante devenida en morenista de tiempo completo con activismo, incluso, dominical, se alz\u00f3 desde su privilegiado espacio en la C\u00e1mara de Diputados, detractora de los opositores al inquilino de Palacio, porque los imagin\u00f3 en la marcha del domingo 9, en la conmemoraci\u00f3n del D\u00eda Internacional de la Mujer,<\/p>\n\n\n\n<p class=\"wp-block-paragraph\">Y, mire usted, de acuerdo con un comunicado de su oficina de prensa, asegur\u00f3 que los sectores de la derecha que pretendieron subirse a la ola feminista no encontraron eco porque las causas de las mujeres no s\u00f3lo les son ajenas, sino que est\u00e1n en contra.<\/p>\n\n\n\n<p class=\"wp-block-paragraph\">Y m\u00e1s: dijo que las luchas por la igualdad, la equidad y el ejercicio pleno de las libertades han indigestado a la derecha desde siempre.<\/p>\n\n\n\n<p class=\"wp-block-paragraph\">Luego, sin duda con l\u00ednea discursiva de la ma\u00f1anera del Sal\u00f3n Tesorer\u00eda, presumi\u00f3 acad\u00e9mica:<\/p>\n\n\n\n<p class=\"wp-block-paragraph\">\u201cEn esta coyuntura hist\u00f3rica, para las mujeres y sus causas, y para el pa\u00eds entero, las izquierdas, a pesar de las responsabilidades de gobierno, o precisamente por ellas, deben estar en su sitio natural: al lado de la justicia y los derechos, que en esta hora mexicana est\u00e1n en el movimiento feminista\u201d.<\/p>\n\n\n\n<p class=\"wp-block-paragraph\">Usted se preguntar\u00e1 cu\u00e1l es la relaci\u00f3n entre lo declarado por el inquilino de Palacio y la hoy diputada federal de Morena con un cargo en la Mesa Directiva cameral junto a una frase de Luis Echeverr\u00eda.<\/p>\n\n\n\n<p class=\"wp-block-paragraph\">Veamos unas l\u00edneas m\u00e1s del mensaje que en unos quince minutos dijo aquella ma\u00f1ana del viernes 14 de marzo de 1975, el entonces presidente Echeverr\u00eda \u00c1lvarez, a quien por cierto mano an\u00f3nima descalabr\u00f3 en la huida de la Facultad de Medicina, acompa\u00f1ado por el teniente coronel Jorge Carrillo Olea:<\/p>\n\n\n\n<p class=\"wp-block-paragraph\">\u201c\u00a1Escuchen, j\u00f3venes profascistas!, \u00a1ustedes! La universidad y el gobierno desempe\u00f1an funciones complementarias, de ninguna manera opuestas en el seno de la sociedad; el enfrentamiento entre la universidad y el gobierno lo lamenta la naci\u00f3n y lo celebran los heterog\u00e9neos enemigos de M\u00e9xico.<\/p>\n\n\n\n<p class=\"wp-block-paragraph\">\u201cQuienes agreden las universidades, desde dentro o desde fuera, temen a su influencia pol\u00edtica y social; temen a la libertad, a la verdad y a la inteligencia, \u00a1j\u00f3venes fascistas!; son las minor\u00edas privilegiadas, y sus hom\u00f3logos extranjeros (a quienes afecta la denuncia de la explotaci\u00f3n, la miseria y la injusticia social) son los beneficiarios de la dependencia; quisieran detener la formaci\u00f3n de generaciones t\u00e9cnica y moralmente capacitadas para fortalecer nuestro desarrollo aut\u00f3nomo. Esos grupos ven en toda expresi\u00f3n de disentimiento motivos de alarma y excusas represi\u00f3n\u201d, grit\u00f3 literalmente Echeverr\u00eda \u00c1lvarez en esa ma\u00f1ana de celebre recordatorio porque los j\u00f3venes universitarios ten\u00edan frescos los agravios.<\/p>\n\n\n\n<p class=\"wp-block-paragraph\">\u201cPas\u00f3 el tiempo de las conciencias tranquilas&#8230; \u00a1as\u00ed gritaban las juventudes de Mussolini y de Hitler!; \u00a1las juventudes de Salvador Allende sab\u00edan discutir!&#8230; pas\u00f3 el tiempo de las conciencias tranquilas, de la mezquindad profesional, de la mediocridad lucrativa, del aislamiento intelectual; pas\u00f3 tambi\u00e9n la \u00e9poca de la pol\u00edtica como irresponsable juego de intereses y pasiones. Desligar el proceso de modernizaci\u00f3n de nuestros verdaderos objetivos equivale a consolidar la dependencia, la dependencia de los pa\u00edses imperialistas a los que ustedes les hacen el juego, \u00a1ustedes!<\/p>\n\n\n\n<p class=\"wp-block-paragraph\">\u201c\u00a1Escuchen, j\u00f3venes manipulados por la CIA! Desligar el proceso de modernizaci\u00f3n de nuestros verdaderos objetivos equivale a consolidar la dependencia; un esfuerzo que se concentra exclusivamente en el mejoramiento de los sistemas pedag\u00f3gicos sin considerar los prop\u00f3sitos nacionales de la educaci\u00f3n correr\u00eda el riesgo de volver m\u00e1s eficaces los instrumentos que atentan contra la soberan\u00eda.\u201d<\/p>\n\n\n\n<p class=\"wp-block-paragraph\">\u00a1Qu\u00e9 le parece! Casualmente a la Universidad Nacional Aut\u00f3noma de M\u00e9xico la han asediado con tomas de facultades, colegios de Ciencias y Humanidades, Preparatorias. Y, tambi\u00e9n casualmente, como en las marchas de organizaciones feministas han irrumpido mujeres y hombres, j\u00f3venes en su mayor\u00eda, encapuchados con el objetivo de reventar marchas y desacreditarlas.<\/p>\n\n\n\n<p class=\"wp-block-paragraph\">Las versiones son varias. Como la pretensi\u00f3n de tumbar al rector Enrique Graue para instalar en el cargo a John Mill Ackerman Rose, marido de la se\u00f1ora secretaria de la Funci\u00f3n P\u00fablica, Irma Er\u00e9ndira Sandoval Ballesteros, destacados acad\u00e9micos con doctorado y defensores cuanto m\u00e1s simpatizantes de L\u00f3pez Obrador.<\/p>\n\n\n\n<p class=\"wp-block-paragraph\">Pero, pero, pero\u2026 \u00bfQui\u00e9n financia a los y las encapuchados cuya encomienda es infiltrarse en movilizaciones estudiantiles o sociales, como las feministas, para desacreditarlas ante los ciudadanos y dejar sembrada la idea de que se trata de enemigos del gobierno, organismos y personajes pagados por intereses de la derecha, por los conservadores?<\/p>\n\n\n\n<p class=\"wp-block-paragraph\">\u00bfPor qu\u00e9 tanta impunidad si son cien por ciento localizables? Porque eso de que no se reprime ni se persigue y pedir no se proceda contra estas j\u00f3venes que pretendieron incendiar a mujeres polic\u00edas y reporteras y quienes se les pusieran enfrente, tiene olor a protecci\u00f3n. La historia de la lucha por el poder es c\u00edclica y tiene olor a corrupci\u00f3n. Conste.<\/p>\n\n\n\n<p class=\"wp-block-paragraph\"><a href=\"mailto:sanchezlimon@gmail.com\" target=\"_blank\" rel=\"noreferrer noopener\">sanchezlimon@gmail.com<\/a><\/p>\n\n\n\n<p class=\"wp-block-paragraph\"><a href=\"http:\/\/www.entresemana.mx\/\" target=\"_blank\" rel=\"noreferrer noopener\">www.entresemana.mx<\/a><\/p>\n\n\n\n<p class=\"wp-block-paragraph\"><strong>@msanchezlimon<\/strong><br><\/p>\n","protected":false},"excerpt":{"rendered":"<p>Conservadores, la derecha y el coro f\u00e1cil<\/p>\n","protected":false},"author":3,"featured_media":15805,"comment_status":"open","ping_status":"open","sticky":false,"template":"","format":"standard","meta":{"_monsterinsights_skip_tracking":false,"footnotes":""},"categories":[691,105,83],"tags":[],"class_list":["post-18010","post","type-post","status-publish","format-standard","has-post-thumbnail","category-691","category-entresemana","category-moises-sanchez-limon"],"_links":{"self":[{"href":"https:\/\/redsemlac.com\/semmexico\/wp-json\/wp\/v2\/posts\/18010","targetHints":{"allow":["GET"]}}],"collection":[{"href":"https:\/\/redsemlac.com\/semmexico\/wp-json\/wp\/v2\/posts"}],"about":[{"href":"https:\/\/redsemlac.com\/semmexico\/wp-json\/wp\/v2\/types\/post"}],"author":[{"embeddable":true,"href":"https:\/\/redsemlac.com\/semmexico\/wp-json\/wp\/v2\/users\/3"}],"replies":[{"embeddable":true,"href":"https:\/\/redsemlac.com\/semmexico\/wp-json\/wp\/v2\/comments?post=18010"}],"version-history":[{"count":0,"href":"https:\/\/redsemlac.com\/semmexico\/wp-json\/wp\/v2\/posts\/18010\/revisions"}],"wp:featuredmedia":[{"embeddable":true,"href":"https:\/\/redsemlac.com\/semmexico\/wp-json\/wp\/v2\/media\/15805"}],"wp:attachment":[{"href":"https:\/\/redsemlac.com\/semmexico\/wp-json\/wp\/v2\/media?parent=18010"}],"wp:term":[{"taxonomy":"category","embeddable":true,"href":"https:\/\/redsemlac.com\/semmexico\/wp-json\/wp\/v2\/categories?post=18010"},{"taxonomy":"post_tag","embeddable":true,"href":"https:\/\/redsemlac.com\/semmexico\/wp-json\/wp\/v2\/tags?post=18010"}],"curies":[{"name":"wp","href":"https:\/\/api.w.org\/{rel}","templated":true}]}}