{"id":18007,"date":"2020-03-10T19:34:26","date_gmt":"2020-03-10T19:34:26","guid":{"rendered":"https:\/\/redsemlac.com\/semmexico\/?p=18007"},"modified":"2023-07-21T15:21:32","modified_gmt":"2023-07-21T20:21:32","slug":"miradas-de-reportero-32","status":"publish","type":"post","link":"https:\/\/redsemlac.com\/semmexico\/miradas-de-reportero-32\/","title":{"rendered":"Miradas de reportero"},"content":{"rendered":"\n<h2 class=\"has-very-dark-gray-color has-text-color wp-block-heading\"><strong>USAID es convocante en M\u00e9xico a un foro de medios\u2026 \u00a1p\u00fablicos!<\/strong><\/h2>\n\n\n\n<p class=\"wp-block-paragraph\"><strong>Por Rogelio Hern\u00e1ndez L\u00f3pez<\/strong><\/p>\n\n\n\n<p class=\"wp-block-paragraph\">SemM\u00e9xico. 10 de marzo de 2020.- La parte final de ese anuncio provoc\u00f3 una sorpresa a este veterano explorador de asuntos de los medios de comunicaci\u00f3n y del periodismo. \u00bfQui\u00e9n del gobierno de L\u00f3pez Obrador acept\u00f3 que la Agencia para el Desarrollo Internacional de Estados Unidos (muy se\u00f1alada por acciones injerencistas) sea uno de los convocantes a un foro de medios p\u00fablicos de otros pa\u00edses y de M\u00e9xico?<\/p>\n\n\n\n<p class=\"wp-block-paragraph\">El letrero apareci\u00f3 en el sitio web del Instituto Mexicano de la Radio (IMER). All\u00ed se informa que los d\u00edas 19 y 20 de marzo se realizar\u00e1 un&nbsp;<strong><em>Encuentro internacional de medios p\u00fablicos<\/em><\/strong>&nbsp;en el Palacio de Bellas Artes y el gran Hotel Barcel\u00f3 de la Ciudad de M\u00e9xico. Abajo aparecen los logotipos de tres patrocinadores: IMER (Instituto Mexicano de la Radio), SPR (Sistema P\u00fablico de Radiodifusi\u00f3n del Estado Mexicano) y la USAID (siglas en ingl\u00e9s).<\/p>\n\n\n\n<figure class=\"wp-block-gallery columns-1 is-cropped wp-block-gallery-1 is-layout-flex wp-block-gallery-is-layout-flex\"><ul class=\"blocks-gallery-grid\"><li class=\"blocks-gallery-item\"><figure><img decoding=\"async\" src=\"https:\/\/redsemlac.com\/semmexico\/wp-content\/uploads\/2020\/03\/sldr_invitacion_foro_medios_publicos-1024x512.jpg\" alt=\"\" data-id=\"18008\" data-full-url=\"https:\/\/redsemlac.com\/semmexico\/wp-content\/uploads\/2020\/03\/sldr_invitacion_foro_medios_publicos.jpg\" data-link=\"https:\/\/redsemlac.com\/semmexico\/?attachment_id=18008\" class=\"wp-image-18008\"\/><\/figure><\/li><\/ul><\/figure>\n\n\n\n<p class=\"wp-block-paragraph\">Como suele suceder en ese tipo de foros, los participantes ofrecen informes, hacen balances de actividades y proponen v\u00edas de mejoramiento.<\/p>\n\n\n\n<p class=\"wp-block-paragraph\">De asistir las y los directores de medios p\u00fablicos del gobierno federal (SPR, IMER, Canal 22, Canal Capital 21, Canal 14, Canal 11, Televisi\u00f3n Educativa, el IMER, Radio Educaci\u00f3n y otros) sus reportes reflejar\u00e1n los avances que han logrado (casi todos) en 14 meses de gesti\u00f3n.<\/p>\n\n\n\n<p class=\"wp-block-paragraph\">As\u00ed, de acudir y cumplir los procedimientos, los informes de las y los directivos de esos medios p\u00fablicos ser\u00e1n para expertos y observadores de ese foro internacional. \u00bfPor qu\u00e9 no los rinden antes a la sociedad mexicana, por ejemplo, en las conferencias matutinas de la Presidencia de la Rep\u00fablica y\/o en sus p\u00e1ginas digitales.<\/p>\n\n\n\n<p class=\"wp-block-paragraph\"><strong>Avanzan (casi todos).<\/strong><\/p>\n\n\n\n<p class=\"wp-block-paragraph\">Son pocos los datos p\u00fablicos de los medios p\u00fablicos de M\u00e9xico referidos arriba. Por ejemplo, en ninguno de sus sitios web se puede encontrar informaci\u00f3n si han podido operar en 2020 con los magros presupuestos, otra vez muy recortados por el Congreso de la Uni\u00f3n.<\/p>\n\n\n\n<p class=\"wp-block-paragraph\">De lo que ha trascendido hay informaciones parciales que reflejan avances, algunos extraordinarios, en casi todos esos medios desde el mes de febrero:<\/p>\n\n\n\n<p class=\"wp-block-paragraph\"><strong>MxPlay<\/strong>. Es el mayor salto en la coordinaci\u00f3n. El 2 de marzo, el periodista Jenaro Villamil, presidente del Sistema P\u00fablico de Radiodifusi\u00f3n del Estado Mexicano (SPR) anunci\u00f3 por medio de un Twitter que ya se hab\u00eda iniciado la plataforma&nbsp;<strong><em>\u201cMxPlay\u201d<\/em><\/strong>, similar a Netflix, donde se enlazan las se\u00f1ales de Canal 22, Capital 21, Canal 14 y Canal 11.<\/p>\n\n\n\n<p class=\"wp-block-paragraph\">El breve anunci\u00f3 no explic\u00f3 si en un futuro pr\u00f3ximo en esa plataforma estar\u00e1n las televisoras universitarias o las de que tienen los sistemas de radiodifusi\u00f3n de los estados federados.<\/p>\n\n\n\n<p class=\"wp-block-paragraph\"><strong>El 14<\/strong>. Uno de los mayores avances se percibe en el Canal Catorce, se\u00f1al de televisi\u00f3n abierta operada por el SPR y que ya tiene presencia en todas las cableras. A partir del lunes 9 de marzo cambia tambi\u00e9n su programaci\u00f3n con m\u00e1s producciones propias, otras de Televisi\u00f3n Educativa de M\u00e9xico y algunas adquiridas en canales internacionales donde se incluyen noticieros. Destaca como logro el registro muy amplio de 111 productores nacionales independientes por medio en la convocatoria #UnaMiradaIndependiente. Aseguran que su se\u00f1al \u201ccuenta con 26 estaciones ubicadas en 20 Estados de la Rep\u00fablica, lo que permite una cobertura aproximada de 49.72%* a nivel nacional.\u201d<\/p>\n\n\n\n<p class=\"wp-block-paragraph\">Previamente, el 14 de febrero SPR hab\u00eda anunciado que su radio por Internet,&nbsp;<strong><em>Altavoz<\/em><\/strong>&nbsp;lanzaba nueva programaci\u00f3n con 7 propuestas radiof\u00f3nicas creadas \u201cpor j\u00f3venes para la audiencia juvenil digital, reivindicando derechos y la inclusi\u00f3n de la diversidad. Avances.<\/p>\n\n\n\n<p class=\"wp-block-paragraph\"><strong>Canal 22.&nbsp;<\/strong>Adelanto tambi\u00e9n notable ocurre en el canal cultural m\u00e1s importante de alcance nacional. Su sitio web informa que a partir del jueves 5 de marzo cambiar\u00eda su programaci\u00f3n y que hab\u00eda mantenido y ampliado la colaboraci\u00f3n con productores independientes mediante convenios. El canal depende de la Secretar\u00eda de Cultura.<\/p>\n\n\n\n<p class=\"wp-block-paragraph\"><strong>IMER<\/strong>. En la p\u00e1gina web del Instituto Mexicano de la Radio se asegura que \u201ces el medio p\u00fablico federal de comunicaci\u00f3n radiof\u00f3nica con mayor n\u00famero de emisoras a nivel nacional, rebasando millones de escuchas de cobertura. Cuenta con 19 emisoras en el pa\u00eds, 17 terrestres y 2 virtuales (por internet).\u201d<\/p>\n\n\n\n<p class=\"wp-block-paragraph\">Los cambios en el IMER se han ido notando paulatinamente, tanto en su programaci\u00f3n como en las tres ediciones nacionales de su Sistema Nacional de Noticieros con una alta presencia femenina y, por supuesto, conducidos por tres mujeres. Ya se registran en los indicadores de ratings de los noticieros donde todav\u00eda predominan los de la radio comercial.<\/p>\n\n\n\n<p class=\"wp-block-paragraph\"><strong>Radio Educaci\u00f3n<\/strong>. Tiene la se\u00f1al m\u00e1s antigua de la Radio P\u00fablica en las se\u00f1ales 96.5 de FM y 1060 de AM en la Ciudad de M\u00e9xico y seis estaciones repetidoras. Tambi\u00e9n el iniciar marzo (d\u00eda 2) anunci\u00f3 su cambio de programaci\u00f3n con 13 programas nuevos de 39, que representan el 30% de la carta program\u00e1tica.<\/p>\n\n\n\n<p class=\"wp-block-paragraph\">Con la misma orientaci\u00f3n cultural pone \u00e9nfasis en la promoci\u00f3n de las lenguas ind\u00edgenas, la diversidad sexual\u201d, temas para la ni\u00f1ez y como novedad un programa para j\u00f3venes comunicadores y periodistas de nombre \u00abPeriodismo hoy\u00bb, con reflexiones sobre el periodismo profesional y su funci\u00f3n social.<\/p>\n\n\n\n<p class=\"wp-block-paragraph\"><strong>Notimex (?)&nbsp;<\/strong>La Agencia de noticias del Estado Mexicano en lugar de mejoras ha reflejado varios conflictos de sus directivos tanto con su personal como con medios de prensa y hasta con autoridades laborales. El sindicato m\u00e1s antiguo, SutNotimex, decidi\u00f3 ir a huelga (que se manten\u00eda hasta domingo 8 de marzo). Los datos p\u00fablicos indican que se despidieron a la mayor\u00eda de sus corresponsales en el extranjero entre un total de 241 empleados, de los cuales, 172 son mujeres.<\/p>\n\n\n\n<p class=\"wp-block-paragraph\"><strong>La aspiraci\u00f3n<\/strong><\/p>\n\n\n\n<p class=\"wp-block-paragraph\">El 23 de enero de 2019 durante la conferencia matutina fueron presentados quienes dirigir\u00edan los medios p\u00fablicos federales. All\u00ed se ratific\u00f3 la aspiraci\u00f3n de que fuesen con car\u00e1cter de Estado \u201c\u2026 no es una televisi\u00f3n oficialista, \u2026 eso es lo que se va a buscar, tanto en la radio como en la televisi\u00f3n, pero ser\u00e1 un proceso\u201d, explic\u00f3 L\u00f3pez Obrador. Notimex ya tiene ese car\u00e1cter jur\u00eddicamente.<\/p>\n\n\n\n<p class=\"wp-block-paragraph\">En aquella fecha se presentaron como directivos de Canal 22, Armando Casas; de Radio Educaci\u00f3n, Gabriel Sosa Plata; del IMER, Aleida Calleja; de TV Educativa, Lidia Camacho; en Notimex, Sanjuana Mart\u00ednez. En Canal Once qued\u00f3 Jos\u00e9 Antonio \u00c1lvarez Lima y en Canal 14 a Fernando Coca, quien defeccion\u00f3 en poco tiempo. En RTC de la Secretar\u00eda de Gobernaci\u00f3n se design\u00f3 a Rodolfo Gonz\u00e1lez Valderrama y Jenaro Villamil fue nombrado presidente del Sistema P\u00fablico de Radiodifusi\u00f3n del Estado Mexicano (SPR) entidad encargada de coordinar la transformaci\u00f3n de los medios p\u00fablicos.<\/p>\n\n\n\n<p class=\"wp-block-paragraph\">Es muy probable que la mayor\u00eda de estos directivos de los medios p\u00fablicos federales acudan al encuentro internacional anunciado para los d\u00edas 19 y 20 de marzo y all\u00ed ofrezcan informes detallados de estos y otros avances, incluso de sus dificultades. Pero si antes no rinden esa informaci\u00f3n a la ciudadan\u00eda en general y\/o en sus sitios digitales, contrastar\u00e1 que lo hagan en un foro de expertos, observadores y ante los empleados de la agencia norteamericana m\u00e1s pol\u00e9mica por las acusaciones que le acusan de acciones injerencistas: la Agencia para el Desarrollo Internacional de Estados Unidos (USAID). Ve\u00e1se, como ejemplo reciente un trabajo de la revista mexicana Contral\u00ednea.&nbsp;<a href=\"https:\/\/www.contralinea.com.mx\/archivo-revista\/2019\/03\/18\/las-10-funciones-de-la-usaid-la-mega-agencia-humanitaria-de-la-cia\/\" target=\"_blank\" rel=\"noreferrer noopener\">https:\/\/www.contralinea.com.mx\/archivo-revista\/2019\/03\/18\/las-10-funciones-de-la-usaid-la-mega-agencia-humanitaria-de-la-cia\/<\/a><\/p>\n","protected":false},"excerpt":{"rendered":"<p>USAID es convocante en M\u00e9xico a un foro de medios\u2026 \u00a1p\u00fablicos!<\/p>\n","protected":false},"author":3,"featured_media":8473,"comment_status":"open","ping_status":"open","sticky":false,"template":"","format":"standard","meta":{"_monsterinsights_skip_tracking":false,"footnotes":""},"categories":[691,106,85],"tags":[],"class_list":["post-18007","post","type-post","status-publish","format-standard","has-post-thumbnail","category-691","category-mirada-de-reportero","category-rogelio-hernandez-lopez"],"_links":{"self":[{"href":"https:\/\/redsemlac.com\/semmexico\/wp-json\/wp\/v2\/posts\/18007","targetHints":{"allow":["GET"]}}],"collection":[{"href":"https:\/\/redsemlac.com\/semmexico\/wp-json\/wp\/v2\/posts"}],"about":[{"href":"https:\/\/redsemlac.com\/semmexico\/wp-json\/wp\/v2\/types\/post"}],"author":[{"embeddable":true,"href":"https:\/\/redsemlac.com\/semmexico\/wp-json\/wp\/v2\/users\/3"}],"replies":[{"embeddable":true,"href":"https:\/\/redsemlac.com\/semmexico\/wp-json\/wp\/v2\/comments?post=18007"}],"version-history":[{"count":0,"href":"https:\/\/redsemlac.com\/semmexico\/wp-json\/wp\/v2\/posts\/18007\/revisions"}],"wp:featuredmedia":[{"embeddable":true,"href":"https:\/\/redsemlac.com\/semmexico\/wp-json\/wp\/v2\/media\/8473"}],"wp:attachment":[{"href":"https:\/\/redsemlac.com\/semmexico\/wp-json\/wp\/v2\/media?parent=18007"}],"wp:term":[{"taxonomy":"category","embeddable":true,"href":"https:\/\/redsemlac.com\/semmexico\/wp-json\/wp\/v2\/categories?post=18007"},{"taxonomy":"post_tag","embeddable":true,"href":"https:\/\/redsemlac.com\/semmexico\/wp-json\/wp\/v2\/tags?post=18007"}],"curies":[{"name":"wp","href":"https:\/\/api.w.org\/{rel}","templated":true}]}}