{"id":18001,"date":"2020-03-10T19:17:32","date_gmt":"2020-03-10T19:17:32","guid":{"rendered":"https:\/\/redsemlac.com\/semmexico\/?p=18001"},"modified":"2023-07-21T15:21:32","modified_gmt":"2023-07-21T20:21:32","slug":"violenta-municipe-de-oaxaca-de-juarez-sesion-solemne-de-cabildo","status":"publish","type":"post","link":"https:\/\/redsemlac.com\/semmexico\/violenta-municipe-de-oaxaca-de-juarez-sesion-solemne-de-cabildo\/","title":{"rendered":"Violenta mun\u00edcipe de Oaxaca de Ju\u00e1rez sesi\u00f3n solemne de cabildo"},"content":{"rendered":"\n<p class=\"wp-block-paragraph\"><strong>* Impuso, sin acuerdo de cabildo,\nentrega de reconocimiento a servidora p\u00fablica<\/strong><\/p>\n\n\n\n<p class=\"wp-block-paragraph\"><strong>* Le advierte a regidora de Igualdad\n\u201cque no haga show\u201d<\/strong><\/p>\n\n\n\n<p class=\"wp-block-paragraph\"><strong>Soledad Jarqu\u00edn Edgar<\/strong><\/p>\n\n\n\n<p class=\"wp-block-paragraph\">SemM\u00e9xico,\nOaxaca, 10 de marzo 2020.- \u201cTe me callas, no quiero shows\u201d, le advierte el\npresidente municipal de Oaxaca de Ju\u00e1rez, Oswaldo Garc\u00eda Jarqu\u00edn, a la regidora\nde Igualdad de G\u00e9nero y de Derechos Humanos, Mirna L\u00f3pez Torres, previo al\ninicio de la Sesi\u00f3n Solemne de Cabildo, con motivo del D\u00eda Internacional de la\nMujer.<\/p>\n\n\n\n<p class=\"wp-block-paragraph\">As\u00ed\nlo denuncia la regidora, que hasta entonces no imaginaba el atrevimiento del\npresidente de dar un reconocimiento a Jasive Valencia de los Santos, directora del\nCentro de Justicia para las Mujeres (CEJUM), quien no se encontraba entre las\n10 mujeres que el domingo 8 de marzo recibir\u00edan la distinci\u00f3n Mujer Oaxaque\u00f1a\n\u201cAntonia Labastida y de la Lanza\u201d, esto de acuerdo a un dictamen previamente\naprobado por el Cabildo de Oaxaca de Ju\u00e1rez.<\/p>\n\n\n\n<figure class=\"wp-block-video alignleft\"><video height=\"640\" style=\"aspect-ratio: 304 \/ 640;\" width=\"304\" controls src=\"https:\/\/redsemlac.com\/semmexico\/wp-content\/uploads\/2020\/03\/WhatsApp-Video-2020-03-10-at-12.11.15-PM.mp4\"><\/video><\/figure>\n\n\n\n<p class=\"wp-block-paragraph\">La\ndeterminaci\u00f3n de Garc\u00eda Jarqu\u00edn, quien se present\u00f3 tarde a la sesi\u00f3n solemne,\nes una muestra de la violencia institucional y violencia pol\u00edtica en raz\u00f3n de\ng\u00e9nero en su contra, dice la Mirna L\u00f3pez Torres, quien no tuvo otra que tomar\nel micr\u00f3fono y denunciar los hechos en plena sesi\u00f3n solemne de Cabildo sin que\neso inmutara al presiente municipal.<\/p>\n\n\n\n<p class=\"wp-block-paragraph\">Se\u00f1al\u00f3\nque, aunque Valencia de los Santos hab\u00eda sido postulada, esta no reun\u00eda los\nrequisitos debido a su labor como servidora p\u00fablica, como lo establece la\nconvocatoria, as\u00ed que durante reuniones previas para determinar qui\u00e9nes si\nser\u00edan acreedoras de entre 26 mujeres postuladas, la titular del CEJUM no\nrecibi\u00f3 voto alguno a su favor, incluso dentro de la comisi\u00f3n dictaminadora se\nencontraba el propio mun\u00edcipe de la capital oaxaque\u00f1a, acuerdo que fue\nratificado por el pleno de concejales en sesi\u00f3n de Cabildo. Por lo que Oswaldo\nGarc\u00eda Jarqu\u00edn violent\u00f3 el acuerdo del cuerpo colegiado.<\/p>\n\n\n\n<p class=\"wp-block-paragraph\">\u201cNo\nes un asunto personal con la servidora p\u00fablica\u201d, reitera una y otra vez la\nregidora quien asegura que as\u00ed se lo hizo saber y le pidi\u00f3 que no se prestara al\njuego de algunos servidores p\u00fablicos municipales. La respuesta fue tajante: \u201cAy hermosa, quiero decirte\nque tengo m\u00e1s reconocimiento que todas las que est\u00e1n ac\u00e1\u201d, lo que tambi\u00e9n\nmolest\u00f3 a algunas de las galardonadas sentadas a su lado y que escucharon su\ndicho, refiere L\u00f3pez Torres.<\/p>\n\n\n\n<p class=\"wp-block-paragraph\">Un\nd\u00eda antes el s\u00edndico municipal Jorge Castro Campos le comunic\u00f3 a la regidora\nque \u201chab\u00eda la inquietud del presidente de incluir a una galardonada m\u00e1s\u201d, a lo\nque ella respondi\u00f3 que ya estaba dictaminado qui\u00e9nes recibir\u00edan la distinci\u00f3n\nMujer Oaxaque\u00f1a \u201cAntonia Labastida y de la Lanza\u201d y que de ser as\u00ed tendr\u00eda que\ncelebrarse una sesi\u00f3n extraordinaria de cabildo para que se votara a favor o en\ncontra. Incluso, por una llamada del proveedor de los reconocimientos supo,\nincluso, que estaba hecho el de Jasive Valencia.<\/p>\n\n\n\n<figure class=\"wp-block-gallery columns-2 is-cropped wp-block-gallery-1 is-layout-flex wp-block-gallery-is-layout-flex\"><ul class=\"blocks-gallery-grid\"><li class=\"blocks-gallery-item\"><figure><img loading=\"lazy\" decoding=\"async\" width=\"810\" height=\"540\" src=\"https:\/\/redsemlac.com\/semmexico\/wp-content\/uploads\/2020\/03\/foto-oficial.jpeg\" alt=\"\" data-id=\"18003\" data-full-url=\"https:\/\/redsemlac.com\/semmexico\/wp-content\/uploads\/2020\/03\/foto-oficial.jpeg\" data-link=\"https:\/\/redsemlac.com\/semmexico\/?attachment_id=18003\" class=\"wp-image-18003\"\/><\/figure><\/li><li class=\"blocks-gallery-item\"><figure><img decoding=\"async\" src=\"https:\/\/redsemlac.com\/semmexico\/wp-content\/uploads\/2020\/03\/mirna-lopez-torres-al-fondo-el-presidente-1024x768.jpeg\" alt=\"\" data-id=\"18005\" data-full-url=\"https:\/\/redsemlac.com\/semmexico\/wp-content\/uploads\/2020\/03\/mirna-lopez-torres-al-fondo-el-presidente.jpeg\" data-link=\"https:\/\/redsemlac.com\/semmexico\/?attachment_id=18005\" class=\"wp-image-18005\"\/><\/figure><\/li><\/ul><\/figure>\n\n\n\n<p class=\"wp-block-paragraph\">As\u00ed\nque ante representantes de los poderes estatales Legislativo, Judicial y\nEjecutivo y con s\u00f3lo la mitad de los regidores presentes quienes no asistieron\npor diversas razones, uno de ellos argumentando que el domingo se dedica a Dios\ny a la familia, se realiz\u00f3 la ceremonia que termin\u00f3 con la imposici\u00f3n del\npresidente, quien pas\u00f3 por alto la denuncia que hizo la regidora, sin y con micr\u00f3fono\nen mano, pidi\u00f3 al Secretario Municipal se apegara al dictamen de la Comisi\u00f3n de\nIgualdad de G\u00e9nero y explic\u00f3 el procedimiento, sin embargo Garc\u00eda Jarqu\u00edn nunca\nhizo caso y como hubiera existido el extra\u00f1amiento, le pidi\u00f3 al secretario\nmunicipal que leyera la semblanza de Jasive Valencia.<\/p>\n\n\n\n<p class=\"wp-block-paragraph\">En\nuna tercera intervenci\u00f3n de la regidora, se\u00f1al\u00f3 que cu\u00e1ndo nos cuestionamos\ntantas veces por qu\u00e9 nuestro municipio se encuentra entre los 40 con Alerta de\nViolencia de G\u00e9nero contra las Mujeres esta es una prueba plena. <\/p>\n\n\n\n<p class=\"wp-block-paragraph\">P\u00fablicamente\ndenunci\u00f3 que al llegar el presidente y la salud\u00f3 le pido \u201cespero que no haga\nshow, yo lo tomo a broma, pero hoy veo con este actuar que el show lo quieren\ndar otros\u201d.<\/p>\n\n\n\n<p class=\"wp-block-paragraph\">Tambi\u00e9n\nrefiere que lo realizado minutos antes no fue sino una falta de respeto y una violaci\u00f3n\nal acuerdo de Cabildo, firmado por el presidente y al mismo tiempo se\u00f1ala que\nno es un \u201ctema personal\u201d (contra la servidora p\u00fablica). \u201cLamento que hoy\nbusquen confrontarnos a las mujeres, insisto mi tema es de sororidad\u201d.<\/p>\n\n\n\n<p class=\"wp-block-paragraph\">Sostiene\nen su intervenci\u00f3n que en el D\u00eda Internacional de la Mujer en el que todas las\nmujeres llaman a pedir respeto, el preside \u00bfcu\u00e1l es su compromiso?, le\npregunt\u00f3.<\/p>\n\n\n\n<p class=\"wp-block-paragraph\"><strong>Mujeres Oaxaque\u00f1as \u201cAntonia Labastida de la\nLanza\u201d<\/strong><\/p>\n\n\n\n<p class=\"wp-block-paragraph\">Las\nmujeres que recibieron la Distinci\u00f3n de Mujeres Oaxaque\u00f1as \u201cAntonia Labastida\nde la Lanza\u201d son:<\/p>\n\n\n\n<p class=\"wp-block-paragraph\">Carolina\nJ\u00e9ssica L\u00f3pez Gonz\u00e1lez, ingeniera civil; Rosario Guadalupe S\u00e1nchez Pacheco,\npsic\u00f3loga cl\u00ednica y fundadora de la Cl\u00ednica de Atenci\u00f3n Psicol\u00f3gica y Terapias\nAlternativas; Edna Leticia Gonz\u00e1lez Bernal, maestra en Biolog\u00eda Ambiental;\nMartha Lourdes Lescas Caballero, deportista; Karina Lisbeth Castellanos Cruz,\nuniversitaria; Mariana Y\u00e1\u00f1ez Unda, maestra en Ciencias Penales; la ni\u00f1a Aleida\nRuiz Sosa; Zoila Jovita R\u00edos Coca, m\u00e9dica intercultural; Misheyla Eugenia Ruiz\nRam\u00edrez, emprendedora cooperativista, y Nancy Gonz\u00e1lez Rojas, escritora.<\/p>\n\n\n\n<p class=\"wp-block-paragraph\">En\nentrevista a las y los representantes de la prensa, cuestionado sobre los\nhechos, el mun\u00edcipe Oswaldo Garc\u00eda se\u00f1al\u00f3 que se \u201ctrata de no limitar el\nreconocimiento\u2026el pr\u00f3ximo a\u00f1o ser\u00e1n m\u00e1s\u201d, dijo. <\/p>\n\n\n\n<p class=\"wp-block-paragraph\">SEM\/sj<\/p>\n","protected":false},"excerpt":{"rendered":"<p>Le advierte a regidora de Igualdad \u201cque no haga show\u201d<\/p>\n","protected":false},"author":3,"featured_media":18004,"comment_status":"open","ping_status":"open","sticky":false,"template":"","format":"standard","meta":{"_monsterinsights_skip_tracking":false,"footnotes":""},"categories":[691,51],"tags":[],"class_list":["post-18001","post","type-post","status-publish","format-standard","has-post-thumbnail","category-691","category-ejecutivo"],"_links":{"self":[{"href":"https:\/\/redsemlac.com\/semmexico\/wp-json\/wp\/v2\/posts\/18001","targetHints":{"allow":["GET"]}}],"collection":[{"href":"https:\/\/redsemlac.com\/semmexico\/wp-json\/wp\/v2\/posts"}],"about":[{"href":"https:\/\/redsemlac.com\/semmexico\/wp-json\/wp\/v2\/types\/post"}],"author":[{"embeddable":true,"href":"https:\/\/redsemlac.com\/semmexico\/wp-json\/wp\/v2\/users\/3"}],"replies":[{"embeddable":true,"href":"https:\/\/redsemlac.com\/semmexico\/wp-json\/wp\/v2\/comments?post=18001"}],"version-history":[{"count":0,"href":"https:\/\/redsemlac.com\/semmexico\/wp-json\/wp\/v2\/posts\/18001\/revisions"}],"wp:featuredmedia":[{"embeddable":true,"href":"https:\/\/redsemlac.com\/semmexico\/wp-json\/wp\/v2\/media\/18004"}],"wp:attachment":[{"href":"https:\/\/redsemlac.com\/semmexico\/wp-json\/wp\/v2\/media?parent=18001"}],"wp:term":[{"taxonomy":"category","embeddable":true,"href":"https:\/\/redsemlac.com\/semmexico\/wp-json\/wp\/v2\/categories?post=18001"},{"taxonomy":"post_tag","embeddable":true,"href":"https:\/\/redsemlac.com\/semmexico\/wp-json\/wp\/v2\/tags?post=18001"}],"curies":[{"name":"wp","href":"https:\/\/api.w.org\/{rel}","templated":true}]}}