{"id":17996,"date":"2020-03-10T18:17:15","date_gmt":"2020-03-10T18:17:15","guid":{"rendered":"https:\/\/redsemlac.com\/semmexico\/?p=17996"},"modified":"2023-07-21T15:21:32","modified_gmt":"2023-07-21T20:21:32","slug":"frida-viva-la-vida-docuficcion-sobre-un-mito","status":"publish","type":"post","link":"https:\/\/redsemlac.com\/semmexico\/frida-viva-la-vida-docuficcion-sobre-un-mito\/","title":{"rendered":"\u201cFrida. Viva la vida\u201d, docuficci\u00f3n sobre un mito"},"content":{"rendered":"\n<p class=\"wp-block-paragraph\"><strong>Por Mercedes\nArancibia <\/strong><\/p>\n\n\n\n<p class=\"wp-block-paragraph\">SemM\u00e9xico. Periodistas en Espa\u00f1ol. 10 de marzo 2020.- Dirigida\npor el acreditado fot\u00f3grafo Giovanni Troilo, quien debuta en la realizaci\u00f3n con\neste largometraje, y narrada por la actriz Asia Argento, la docuficci\u00f3n \u201cFrida.\nViva la vida\u201d es un fantasioso recorrido por las obras, la geograf\u00eda y los\nobjetos personales de la pintora mexicana Frida Khalo, reivindicada como icono\nfeminista cuando ya se han cumplido m\u00e1s de sesenta a\u00f1os de su muerte, el 13 de\njulio de 1954, y de que poco antes escribiera con pincel sobre una sand\u00eda de su\n\u00faltima obra un desgarrado \u201cviva la vida\u201d, lo que explica que la pel\u00edcula se\nestrene este 8 de marzo 2020.<\/p>\n\n\n\n<p class=\"wp-block-paragraph\">&nbsp;\u201cFrida. Viva la vida\u201d\nalterna entrevistas exclusivas con documentos de \u00e9poca, reconstrucciones\nevocadoras y obras de la propia Kahlo, incluyendo algunas de las m\u00e1s famosas\ncomo el retrato de Diego Rivera en 1931, \u00abLas dos Fridas\u00bb en 1939, \u201cSogno\u201d de\n1940, \u00abLa columna rota\u00bb de 1944 o \u00abEl ciervo herido\u00bb de 1946.<\/p>\n\n\n\n<p class=\"wp-block-paragraph\">Del inicio de la pel\u00edcula me sobran las definiciones de\n\u201csanta\u201d y \u201cm\u00e1rtir\u201d, y del desarrollo tanta enso\u00f1aci\u00f3n con im\u00e1genes de una joven\nen camis\u00f3n que deambula por los bosques.<\/p>\n\n\n\n<p class=\"wp-block-paragraph\">La apertura en 2004 del cuarto de ba\u00f1o de su casa de Ciudad\nde M\u00e9xico, cerrado a cal y canto durante m\u00e1s de medio siglo, junto a los\nobjetos encontrados en algunos ba\u00fales y cajas, ha sacado a la luz unos cuantos\nobjetos personales de la artista, \u201cmaravillas \u2013en palabras de Hilda Trujillo,\ndirectora del Museo Frida Khalo, instalado en la \u201ccasa azul\u201d que fue residencia\nde esta mujer tan especial- que han dado un giro a la historia de Frida\u201d.<\/p>\n\n\n\n<p class=\"wp-block-paragraph\">Objetos que, seg\u00fan los expertos, revelan una Frida m\u00e1s\nhumana y alegre, capaz de vivir plenamente transformando en arte el dolor que\nle acompa\u00f1\u00f3 desde la juventud y fue aumentando con el tiempo: lo que fueron las\nsecuelas de un accidente de tr\u00e1fico a los dieciocho a\u00f1os, del que sali\u00f3\nmalherida, afectada en la columna vertebral, el abdomen y la pierna, se fueron\ntransformando con los a\u00f1os en diagn\u00f3sticos grav\u00edsimos, como la gangrena que\nprovoc\u00f3 una amputaci\u00f3n o las v\u00e9rtebras dislocadas que hubo que soldar.<\/p>\n\n\n\n<p class=\"wp-block-paragraph\">Quiz\u00e1 sea \u201cLas dos Fridas\u201d el cuadro que mejor explica a la\nmujer fuerte y casi siempre&nbsp;\nindependiente de una parte, y la que viv\u00eda pendiente de un cuerpo\nmartirizado de otra.<\/p>\n\n\n\n<p class=\"wp-block-paragraph\">Es la actriz Asia Argento, introductora de la pel\u00edcula y de\nla figura de Frida Khalo, la que invita a descubrir las dos facetas de la\nartista a trav\u00e9s de sus propias palabras y tambi\u00e9n de cartas, diarios y\nconfesiones: la de pintora comprometida con su tiempo y la de la mujer v\u00edctima\nde un cuerpo torturado y una relaci\u00f3n tormentosa con el pintor Diego Rivera:\nunidos en un&nbsp; matrimonio fallido y de\nnuevo amantes fundidos por una suerte de amor inoxidable hasta la muerte.<\/p>\n\n\n\n<figure class=\"wp-block-embed-youtube wp-block-embed is-type-video is-provider-youtube wp-embed-aspect-16-9 wp-has-aspect-ratio\"><div class=\"wp-block-embed__wrapper\">\n<iframe loading=\"lazy\" title=\"Frida. Viva La Vida - trailer\" width=\"696\" height=\"392\" src=\"https:\/\/www.youtube.com\/embed\/-OGuYHIViXc?feature=oembed&#038;enablejsapi=1\" frameborder=\"0\" allow=\"accelerometer; autoplay; clipboard-write; encrypted-media; gyroscope; picture-in-picture; web-share\" referrerpolicy=\"strict-origin-when-cross-origin\" allowfullscreen><\/iframe>\n<\/div><\/figure>\n\n\n\n<p class=\"wp-block-paragraph\">En la pel\u00edcula de Troilo encontramos los principales valores\nde la obra de Frida Khalo, para empezar color, mucho color, rojo de sangre\nsiempre presente, y tambi\u00e9n su relaci\u00f3n con la tradici\u00f3n popular, amor, muerte,\nmestizaje, una personalidad magn\u00e9tica y ese algo potente que el poeta Andr\u00e9\nBreton \u2013de viaje en M\u00e9xico para redactar con Trostky y Rivera el \u201cManifiesto\nSurrealista\u201d- defini\u00f3 como \u201cuna cinta atada en torno a una bomba\u201d. \u201cJunto a las\npr\u00f3tesis, los r\u00edgidos cors\u00e9s de la mujer f\u00edsicamente humillada, est\u00e1 la energ\u00eda\nde la enamorada del tequila y los mariachis, capaz de transformar el dolor en\nobra de arte\u201d.<\/p>\n\n\n\n<p class=\"wp-block-paragraph\">SEM\/Periodistas en Espa\u00f1ol<\/p>\n","protected":false},"excerpt":{"rendered":"<p>\u201cFrida. Viva la vida\u201d alterna entrevistas exclusivas con documentos de \u00e9poca, reconstrucciones evocadoras y obras de la propia Kahlo, incluyendo algunas de las m\u00e1s famosas<\/p>\n","protected":false},"author":3,"featured_media":17997,"comment_status":"open","ping_status":"open","sticky":false,"template":"","format":"standard","meta":{"_monsterinsights_skip_tracking":false,"footnotes":""},"categories":[691,45,46],"tags":[],"class_list":["post-17996","post","type-post","status-publish","format-standard","has-post-thumbnail","category-691","category-cultura","category-cultura-cultura"],"_links":{"self":[{"href":"https:\/\/redsemlac.com\/semmexico\/wp-json\/wp\/v2\/posts\/17996","targetHints":{"allow":["GET"]}}],"collection":[{"href":"https:\/\/redsemlac.com\/semmexico\/wp-json\/wp\/v2\/posts"}],"about":[{"href":"https:\/\/redsemlac.com\/semmexico\/wp-json\/wp\/v2\/types\/post"}],"author":[{"embeddable":true,"href":"https:\/\/redsemlac.com\/semmexico\/wp-json\/wp\/v2\/users\/3"}],"replies":[{"embeddable":true,"href":"https:\/\/redsemlac.com\/semmexico\/wp-json\/wp\/v2\/comments?post=17996"}],"version-history":[{"count":0,"href":"https:\/\/redsemlac.com\/semmexico\/wp-json\/wp\/v2\/posts\/17996\/revisions"}],"wp:featuredmedia":[{"embeddable":true,"href":"https:\/\/redsemlac.com\/semmexico\/wp-json\/wp\/v2\/media\/17997"}],"wp:attachment":[{"href":"https:\/\/redsemlac.com\/semmexico\/wp-json\/wp\/v2\/media?parent=17996"}],"wp:term":[{"taxonomy":"category","embeddable":true,"href":"https:\/\/redsemlac.com\/semmexico\/wp-json\/wp\/v2\/categories?post=17996"},{"taxonomy":"post_tag","embeddable":true,"href":"https:\/\/redsemlac.com\/semmexico\/wp-json\/wp\/v2\/tags?post=17996"}],"curies":[{"name":"wp","href":"https:\/\/api.w.org\/{rel}","templated":true}]}}