{"id":17993,"date":"2020-03-10T17:54:18","date_gmt":"2020-03-10T17:54:18","guid":{"rendered":"https:\/\/redsemlac.com\/semmexico\/?p=17993"},"modified":"2023-07-21T15:21:32","modified_gmt":"2023-07-21T20:21:32","slug":"zenobio-saldivia-2020","status":"publish","type":"post","link":"https:\/\/redsemlac.com\/semmexico\/zenobio-saldivia-2020\/","title":{"rendered":"Sara Lovera L\u00f3pez, galardonada con el premio latinoamericano \u201cZenobio Saldivia 2020\u201d"},"content":{"rendered":"\n<ul class=\"wp-block-list\"><li><strong>Galard\u00f3n entregado\npor la agencia de noticias Prensam\u00e9rica, con sede en Santiago, Chile. <\/strong><\/li><li><strong>Este\npremio latinoamericano ya se ha entregado en Costa Rica (2016), Ecuador (2018)\ny ahora ser\u00e1 en M\u00e9xico.<\/strong><\/li><\/ul>\n\n\n\n<p class=\"wp-block-paragraph\"><strong>Redacci\u00f3n<\/strong><\/p>\n\n\n\n<p class=\"wp-block-paragraph\">SemM\u00e9xico\/Prensam\u00e9ricana. &nbsp;SANTIAGO, CHILE. 10 de marzo 2020.- M\u00e1s que un\nespaldarazo de talla mundial es el que las feministas mexicanas y las mujeres\nen general han recibido por parte de la agencia de noticias Prensam\u00e9rica\nInternacional\u00a9 desde Santiago de Chile, luego que su directorio internacional\nanunciara la tarde de este s\u00e1bado la designaci\u00f3n del Premio Latinoamericano Dr.\nZenobio Saldivia 2020 en la categor\u00eda Derechos Humanos para activista y\nfeminista mexicana, Sara Lovera L\u00f3pez.<\/p>\n\n\n\n<p class=\"wp-block-paragraph\">El anuncio lleg\u00f3 a ser oficial tras meses de estar\ndeliberando los distintos directores de la Agencia de los 19 pa\u00edses en los que\nPrensam\u00e9rica mantiene presencia operativa, quienes seleccionaron entre 30\ncandidatos a esa categor\u00eda a nivel de Latinoam\u00e9rica. <\/p>\n\n\n\n<p class=\"wp-block-paragraph\">\u00abEl D\u00eda Mundial de la Mujer se celebra este domingo 8 de\nmarzo, por eso y por muchas razones m\u00e1s quiero hacer llegar a las mujeres\nmexicanas en la figura de Sarita Lovera L\u00f3pez nuestro abrazo latinoamericano.\nEsta periodista labor\u00f3 en diarios, revistas, agencias de noticias, noticiarios\nde televisi\u00f3n y medios digitales desde hace 51 a\u00f1os, y tambi\u00e9n se ha destacado\ncomo reportera, editora, editorialista, coordinadora y directora de diversos\nmedios. Aqu\u00ed no estamos hablando de alguien reci\u00e9n llegado a los medios, es una\ngran periodista que a lo largo de este medio siglo de trabajo informativo se ha\nganado la credibilidad, respeto y admiraci\u00f3n de muchos dentro y fuera de\nM\u00e9xico. Actualmente Sara es coordinadora regional del Servicio de Noticias de\nla Mujer de Latinoam\u00e9rica y el Caribe, Semlac; dirige el portal informativo SemM\u00e9xico\nde la misma agencia; escribe la columna semanal Palabra de Ant\u00edgona; es\nfuncionaria de la agencia feminista La Independent, de Catalu\u00f1a Espa\u00f1a;\npresidenta de la Casa de los Derechos de Periodistas en la Ciudad de M\u00e9xico, y\nSecretaria de Comunicaci\u00f3n, Educaci\u00f3n y Desarrollo para la Igualdad CEDI. Ella\ncoordin\u00f3 la investigaci\u00f3n que sobre Feminicidio que realiz\u00f3 la C\u00e1mara de\nDiputados (2005-2006). Cre\u00f3 y dirigi\u00f3 el suplemento Doble Jornada (1987- 1998)\ny Comunicaci\u00f3n e Informaci\u00f3n de la Mujer, Asociaci\u00f3n Civil. (CIMAC)\n(1992-2004). Claro que se ha ganado este galard\u00f3n internacional y claro que lo\notorgamos con much\u00edsimo gusto, recordemos que ella tambi\u00e9n es docente en g\u00e9nero\ny tiene amplia experiencia en organizaci\u00f3n e impartici\u00f3n de talleres,\nseminarios y diplomados de g\u00e9nero, educaci\u00f3n y comunicaci\u00f3n, pues estudi\u00f3\nperiodismo, trabajo social, Teor\u00eda del Estado y educaci\u00f3n para adultos\u00bb,\ncoment\u00f3 a medios y agencias digitales el director general de Prensam\u00e9rica en\nChile, Roberto Gonz\u00e1lez Short.<\/p>\n\n\n\n<p class=\"wp-block-paragraph\"><strong>Sara Lovera L\u00f3pez, \u00edcono\ny referente nacional del feminismo mexicano en su m\u00e1xima expresi\u00f3n<\/strong><\/p>\n\n\n\n<p class=\"wp-block-paragraph\"><strong>M\u00e1s sobre ella<\/strong><\/p>\n\n\n\n<p class=\"wp-block-paragraph\">Sara Lovera es autora, coordinadora y editora de m\u00e1s de 40\npublicaciones, y acreedora a m\u00e1s de 30 reconocimientos y premios, nacionales e\ninternacionales. Recibi\u00f3 el Premio Nacional de Periodismo, por su trayectoria\nen 2015. Ha impartido talleres y seminarios de periodismo no sexista y otros temas\ncomo ciudadan\u00eda, g\u00e9nero, derechos humanos de las mujeres, lenguaje no sexista,\nmarco jur\u00eddico de los derechos humanos de las mujeres y el funcionamiento de\nlos mecanismos de la mujer en M\u00e9xico, Am\u00e9rica Latina, Estados Unidos, Europa\n(Espa\u00f1a, Inglaterra y Alemania) y Marruecos (1995-2018). <\/p>\n\n\n\n<p class=\"wp-block-paragraph\"><strong>ROBERTO GOD\u00cdNEZ SOTO,\nDIRECTOR NACIONAL DE PRENSAM\u00c9RICA M\u00c9XICO.<\/strong><\/p>\n\n\n\n<p class=\"wp-block-paragraph\">\u00a1EN HORA BUENA!<\/p>\n\n\n\n<p class=\"wp-block-paragraph\">Qui\u00e9n tambi\u00e9n defendi\u00f3 con ah\u00ednco la postulaci\u00f3n de esta\nperiodista mexicana durante todo el proceso de selecci\u00f3n fue el propio director\nnacional de Prensam\u00e9rica M\u00e9xico, Roberto God\u00ednez Soto, quien a su vez indic\u00f3\nque \u00abhoy precisamente que se celebra el D\u00eda Internacional de la Mujer,\nPrensam\u00e9rica M\u00e9xico se congratula con la designaci\u00f3n de este galard\u00f3n\ninternacional a nuestra extraordinaria compatriota y destacada periodista Sara\nLovera L\u00f3pez. Qu\u00e9 mejor designaci\u00f3n para dicho premio, para alguien que ha laborado\nen diarios, revistas, agencias de noticias, noticiarios de televisi\u00f3n y medios\ndigitales desde hace 51 a\u00f1os, como reportera, editora, editorialista,\ncoordinadora y directora de diversos medios. Sabemos que como sociedad tenemos\nque apoyar los cambios que est\u00e1n tocando nuestras puertas para el beneficio de\ntodos los seres humanos, las mujeres han llevado las de perder durante siglos,\nes hora de poner de nuestra parte como agencia digital de noticias. \u00a1En Hora\nbuena!\u00bb, coment\u00f3 el director de Prensam\u00e9rica M\u00e9xico. <\/p>\n\n\n\n<p class=\"wp-block-paragraph\"><strong>Cambio de paradigmas<\/strong><\/p>\n\n\n\n<p class=\"wp-block-paragraph\">Este premio latinoamericano ya se ha entregado en Costa Rica\n(2016), Ecuador (2018) y ahora ser\u00e1 en M\u00e9xico.<\/p>\n\n\n\n<p class=\"wp-block-paragraph\">\u00abEn las siguientes semanas estaremos anunciando de manera\nindividual cada una de las personas e instituciones que recibir\u00e1n esta alta\ndistinci\u00f3n, recordemos que lo acostumbrado en el mundo acad\u00e9mico y en relaci\u00f3n\nal tema de las premiaciones internacionales era que los dignatarios de premios\nde este calibre siempre fueran honorables personas ya fallecidas, en esta\nocasi\u00f3n Prensam\u00e9rica prefiri\u00f3 cambiar el paradigma que reg\u00eda estos\nprocedimientos protocolares de primer nivel, pues este proyecto implica que el\ndignatario est\u00e1 vivo, y a\u00fan est\u00e1 ejerciendo su profesi\u00f3n exitosamente, me\nparece prudente recalcar los ejes de acci\u00f3n de nuestro Holding period\u00edstico\ncomo agencia de noticias, para poder as\u00ed entender la importancia de este\ninmenso esfuerzo que hacemos por galardonar a los m\u00e1s destacados periodistas y\nprofesionales de la medicina en Latinoam\u00e9rica, as\u00ed como a instituciones y\ncomunicadores del m\u00e1s alto merecer\u00bb, concluy\u00f3 el fundador de Prensam\u00e9rica\u00a9,\nRoberto Gonz\u00e1lez.<\/p>\n\n\n\n<p class=\"wp-block-paragraph\"><strong>\u00bfQui\u00e9n es el\ndignatario?<\/strong><\/p>\n\n\n\n<p class=\"wp-block-paragraph\">Zenobio Saldivia Maldonado. Profesor de filosof\u00eda (U. de\nChile), Mg. en Filosof\u00eda de las Cs. (Usach) y Doctor en Pensamiento americano,\ncon menci\u00f3n en Historia de las ciencias, (Usach), Santiago de Chile. Profesor\nHonorario de la U. Continental, Huancayo, Per\u00fa., Miembro Honorario del Colegio\nde Psic\u00f3logos del Per\u00fa, Ica Per\u00fa. Premio Dr. Rafael Loret de Mola \u2018Pergamino de\nOro\u2019 2015, Valledupar Colombia. Dr. Honoris Causa U. Ada Byron, Chincha, Ica,\nPer\u00fa. Miembro Honorario de la Universidad Continental de Ciencias y Tecnolog\u00eda,\nHuancayo, Per\u00fa. Profesor titular de la U. Tecnol\u00f3gica Metropolitana, (UTEM),\nSantiago. Diversos art\u00edculos suyos, sobre historia de las ciencias y\nepistemolog\u00eda, han aparecido en publicaciones de su pa\u00eds y de Argentina,\nInglaterra, Estados Unidos, Per\u00fa, Uruguay, Nicaragua, Panam\u00e1, El Salvador,\nM\u00e9xico, Brasil, Espa\u00f1a, Costa Rica y EUA. Ha participado en eventos nacionales\ne internacionales. A la fecha tiene 21 libros publicados; entre los \u00faltimos se\ndestacan: Lecturas de Epistemolog\u00eda, Editorial Bravo y Allende, Santiago 2020.\nEl Mercurio de Valpara\u00edso. Su rol de difusi\u00f3n de la Ciencia y la Tecnolog\u00eda en\nel Chile Decimon\u00f3nico, (Bravo y Allende Editores, Stgo., 2010). Ensayos de\nEpistemolog\u00eda, (Compilador) (Bravo y Allende Editores, Stgo., 2012). Ensayos de\nFilosof\u00eda, (Bravo y Allende Editores, e Ilustre Municipalidad de Sta. Mar\u00eda,\nStgo., 2012), Adi\u00f3s a la \u00c9poca Contempor\u00e1nea, Bravo y Allende editores, Stgo.,\nChile y U. Continental de Cs,. e Ingenier\u00eda, Per\u00fa, 2014). Actualmente se\ndesempe\u00f1a como profesor de Epistemolog\u00eda e Historia de las Cs., en la U.\nTecnol\u00f3gica Metropolitana, Stgo., Chile y como Director del Depto. de Hdes. de\nla misma instituci\u00f3n y Director de la Rev. Electr\u00f3nica Th\u00e9los del Depto. de\nHdes. de la U. Tecnol\u00f3gica Metropolitana.<\/p>\n","protected":false},"excerpt":{"rendered":"<p>Este premio latinoamericano ya se ha entregado en Costa Rica (2016), Ecuador (2018) y ahora ser\u00e1 en M\u00e9xico.<\/p>\n","protected":false},"author":3,"featured_media":17994,"comment_status":"open","ping_status":"open","sticky":false,"template":"","format":"standard","meta":{"_monsterinsights_skip_tracking":false,"footnotes":""},"categories":[691,54],"tags":[],"class_list":["post-17993","post","type-post","status-publish","format-standard","has-post-thumbnail","category-691","category-mujeres"],"_links":{"self":[{"href":"https:\/\/redsemlac.com\/semmexico\/wp-json\/wp\/v2\/posts\/17993","targetHints":{"allow":["GET"]}}],"collection":[{"href":"https:\/\/redsemlac.com\/semmexico\/wp-json\/wp\/v2\/posts"}],"about":[{"href":"https:\/\/redsemlac.com\/semmexico\/wp-json\/wp\/v2\/types\/post"}],"author":[{"embeddable":true,"href":"https:\/\/redsemlac.com\/semmexico\/wp-json\/wp\/v2\/users\/3"}],"replies":[{"embeddable":true,"href":"https:\/\/redsemlac.com\/semmexico\/wp-json\/wp\/v2\/comments?post=17993"}],"version-history":[{"count":0,"href":"https:\/\/redsemlac.com\/semmexico\/wp-json\/wp\/v2\/posts\/17993\/revisions"}],"wp:featuredmedia":[{"embeddable":true,"href":"https:\/\/redsemlac.com\/semmexico\/wp-json\/wp\/v2\/media\/17994"}],"wp:attachment":[{"href":"https:\/\/redsemlac.com\/semmexico\/wp-json\/wp\/v2\/media?parent=17993"}],"wp:term":[{"taxonomy":"category","embeddable":true,"href":"https:\/\/redsemlac.com\/semmexico\/wp-json\/wp\/v2\/categories?post=17993"},{"taxonomy":"post_tag","embeddable":true,"href":"https:\/\/redsemlac.com\/semmexico\/wp-json\/wp\/v2\/tags?post=17993"}],"curies":[{"name":"wp","href":"https:\/\/api.w.org\/{rel}","templated":true}]}}