{"id":17990,"date":"2020-03-10T17:34:20","date_gmt":"2020-03-10T17:34:20","guid":{"rendered":"https:\/\/redsemlac.com\/semmexico\/?p=17990"},"modified":"2023-07-21T15:21:32","modified_gmt":"2023-07-21T20:21:32","slug":"mexico-pide-contundencia-para-solventar-retroceso-en-igualdad-de-genero-y-empoderamiento-de-mujeres-y-ninas-en-el-mundo","status":"publish","type":"post","link":"https:\/\/redsemlac.com\/semmexico\/mexico-pide-contundencia-para-solventar-retroceso-en-igualdad-de-genero-y-empoderamiento-de-mujeres-y-ninas-en-el-mundo\/","title":{"rendered":"M\u00e9xico pide contundencia para solventar retroceso en igualdad de g\u00e9nero y empoderamiento de mujeres y ni\u00f1as en el mundo"},"content":{"rendered":"\n<ul class=\"wp-block-list\"><li><strong>La Misi\u00f3n\npermanente de M\u00e9xico en la ONU tambi\u00e9n lament\u00f3 que la Declaraci\u00f3n sobre Beijing\n25 no incluya referencia al Foro Generaci\u00f3n Igualdad, que tendr\u00e1 lugar en\nM\u00e9xico y en Francia.<\/strong><\/li><\/ul>\n\n\n\n<p class=\"wp-block-paragraph\">Redacci\u00f3n<\/p>\n\n\n\n<p class=\"wp-block-paragraph\">SemM\u00e9xico. Naciones Unidas. 10 marzo 2020.- En el marco de\nla adopci\u00f3n de la Declaraci\u00f3n Pol\u00edtica sobre Beijing 25 en la 64 CSW, M\u00e9xico\ndestac\u00f3 que a\u00fan falta un largo camino para alcanzar la igualdad de g\u00e9nero y el\nempoderamiento de mujeres y ni\u00f1as en el mundo, y que es urgente atender los\ndiversos problemas que las aquejan para lograr tal objetivo.<\/p>\n\n\n\n<p class=\"wp-block-paragraph\">Flor de Lis V\u00e1squez Mu\u00f1oz, Consejera en la tercera Comisi\u00f3n\nde Asuntos de G\u00e9nero en la Misi\u00f3n Permanente de M\u00e9xico ante las Naciones\nUnidas, represent\u00f3 de manera en\u00e9rgica en su intervenci\u00f3n a M\u00e9xico en el 64\u00b0\nPer\u00edodo de la Comisi\u00f3n de la Condici\u00f3n Jur\u00eddica y Social de la Mujer (CSW), con\nun discurso terminante por parte de la representaci\u00f3n mexicana.<\/p>\n\n\n\n<p class=\"wp-block-paragraph\">La Comisi\u00f3n de la Condici\u00f3n Jur\u00eddica y Social de la Mujer\n(CSW) es el principal \u00f3rgano intergubernamental mundial dedicado exclusivamente\na la promoci\u00f3n de la igualdad entre los g\u00e9neros y el empoderamiento de las\nmujeres y las ni\u00f1as.<\/p>\n\n\n\n<p class=\"wp-block-paragraph\">Al Dirigirse al Presidente del organismo, la representante\nde M\u00e9xico en la CSW dej\u00f3 claro que en primer lugar, \u201cM\u00e9xico endosa por completo\nel posicionamiento le\u00eddo por el Representante Permanente de Argentina, en\nnombre del Grupo de Santiago, y reitero el agradecimiento a las cofacilitadoras\ny a usted por su liderazgo en el proceso de negociaci\u00f3n\u201d.<\/p>\n\n\n\n<p class=\"wp-block-paragraph\">En la segunda parte del posicionamiento V\u00e1squez Mu\u00f1oz, en\ncapacidad nacional, se\u00f1al\u00f3 que al conmemorar el 25 aniversario de la adopci\u00f3n\nde la Declaraci\u00f3n y Plataforma de Acci\u00f3n de Beijing, los Estados han coincidido\nen reconocer que a\u00fan falta un largo camino por recorrer para alcanzar la\nigualdad de g\u00e9nero y el empoderamiento de las mujeres y ni\u00f1as en el mundo.<\/p>\n\n\n\n<p class=\"wp-block-paragraph\">&nbsp;\u201cEn consonancia con\nello, M\u00e9xico habr\u00eda deseado un lenguaje contundente en la Declaraci\u00f3n, que\nsubrayara el sentido de urgencia para atender los principales problemas que\naquejan a las mujeres, adolescentes y ni\u00f1as, en toda su diversidad\u201d, refiri\u00f3 la\nrepresentante de M\u00e9xico.<\/p>\n\n\n\n<p class=\"wp-block-paragraph\">En ese sentido la consejera mexicana en asuntos de g\u00e9nero\ndestac\u00f3 que desde un inicio se dej\u00f3 clara la prioridad del pa\u00eds de incluir\nreferencia a la salud y los derechos sexuales y reproductivos en el texto y\nconsider\u00f3 que se enfrenta un retroceso en la materia.<\/p>\n\n\n\n<p class=\"wp-block-paragraph\">&nbsp;\u201cEl goce efectivo de\nlos derechos humanos de todas las mujeres y ni\u00f1as pasa por garantizar el\nderecho a su autonom\u00eda corporal y a decidir libremente sobre los asuntos\nrelacionados con su sexualidad y reproducci\u00f3n, de manera responsable y\npositiva, tal como lo acordamos hace 25 a\u00f1os en Beijing. Lamentablemente nos\nenfrentamos a un retroceso, a un pushback\u201d.<\/p>\n\n\n\n<p class=\"wp-block-paragraph\">V\u00e1squez Mu\u00f1oz extern\u00f3 a nombre de M\u00e9xico un sentimiento de\ndecepci\u00f3n al no haber incluido alusi\u00f3n a la resoluci\u00f3n 1325 del Consejo de\nSeguridad, sobre la agenda Mujer Paz y Seguridad a pesar del poco avance que ha\ntenido su implementaci\u00f3n.<\/p>\n\n\n\n<p class=\"wp-block-paragraph\">&nbsp;\u201cAl conmemorar el 20\u00b0\naniversario de la adopci\u00f3n de la Resoluci\u00f3n 1325 por el Consejo de Seguridad\nsobre la agenda Mujer, Paz y Seguridad y considerando el poco avance que ha\ntenido su implementaci\u00f3n, esper\u00e1bamos que el texto permitiera alguna alusi\u00f3n.\nExpresamos nuestra decepci\u00f3n por no haberlo logrado\u201d, declar\u00f3 con diplom\u00e1tica\ncontundencia.<\/p>\n\n\n\n<p class=\"wp-block-paragraph\">Adem\u00e1s M\u00e9xico lament\u00f3 que la Declaraci\u00f3n no incluya\nreferencia al Foro Generaci\u00f3n Igualdad, que tendr\u00e1 lugar en M\u00e9xico y en\nFrancia, con el apoyo de ONU Mujeres. Esta iniciativa busca forjar alianzas\nentre diversos actores, para acelerar el paso en los pr\u00f3ximos a\u00f1os y lograr la\nigualdad de g\u00e9nero antes del 2030.<\/p>\n\n\n\n<p class=\"wp-block-paragraph\">&nbsp;\u201cAgradecemos a las\ndelegaciones que apoyaron firmemente su inclusi\u00f3n y continuaremos trabajando\npara crear una coalici\u00f3n de pa\u00edses progresistas dispuestos a pasar de la\npalabra a la acci\u00f3n para hacer realidad los derechos humanos de las mujeres en\nesta nueva d\u00e9cada del siglo\u201d.<\/p>\n\n\n\n<p class=\"wp-block-paragraph\">V\u00e1squez Mu\u00f1oz, representando al Estado mexicano cumpli\u00f3 con\nelevar la voz de las mujeres y ni\u00f1as que sufren desigualdad en un a\u00f1o clave\npara la revisi\u00f3n del marco de sus derechos, la Declaraci\u00f3n de Beijing 25+.\nAdem\u00e1s de uno sus mandatos en la consejer\u00eda, que es la de coordinar las\niniciativas dirigidas a promover un entorno de protecci\u00f3n paras las mujeres y\nlas ni\u00f1as frente a la violencia sexual y de g\u00e9nero.<\/p>\n\n\n\n<p class=\"wp-block-paragraph\"><strong>Resoluci\u00f3n 1325<\/strong><\/p>\n\n\n\n<p class=\"wp-block-paragraph\">La resoluci\u00f3n 1325 (2000) del Consejo de Seguridad fue la\nprimera resoluci\u00f3n en la que se reconocieron las repercusiones\ndesproporcionadas y \u00fanicas que sufren las mujeres y ni\u00f1as a ra\u00edz de los\nconflictos armados, se pusieron de relieve las contribuciones de las mujeres y\nlas ni\u00f1as con respecto a la prevenci\u00f3n de conflictos, el mantenimiento de la\npaz, la resoluci\u00f3n de conflictos y la consolidaci\u00f3n de la paz, y se destac\u00f3 la\nimportancia de su participaci\u00f3n plena y en pie de igualdad como agentes activas\npara la paz y la seguridad.<\/p>\n\n\n\n<p class=\"wp-block-paragraph\">Desde entonces, se han aprobado ocho resoluciones sobre las\nmujeres, la paz y la seguridad (1820, 1888, 1889, 1960, 2106, 2122, 2242,\n2467), en las que se destaca la importancia del liderazgo y la participaci\u00f3n\nsignificativa de las mujeres en la prevenci\u00f3n y la resoluci\u00f3n de conflictos; se\nabordan los efectos de la violencia sexual; se promueven la elaboraci\u00f3n y el\nuso de medidas y normas para vigilar la aplicaci\u00f3n de los mandatos sobre las\nmujeres, la paz y la seguridad; se contemplan la formaci\u00f3n y la creaci\u00f3n de\ncapacidad en materia de igualdad de g\u00e9nero y mujeres, paz y seguridad para el\npersonal de mantenimiento de la paz; se promueve una colaboraci\u00f3n m\u00e1s amplia\ncon la sociedad civil, y se fomenta una interpretaci\u00f3n m\u00e1s adecuada de la\ndin\u00e1mica de g\u00e9nero en los conflictos<\/p>\n","protected":false},"excerpt":{"rendered":"<p>La Misi\u00f3n permanente de M\u00e9xico en la ONU tambi\u00e9n lament\u00f3 que la Declaraci\u00f3n sobre Beijing 25 no incluya referencia al Foro Generaci\u00f3n Igualdad, que tendr\u00e1 lugar en M\u00e9xico y en Francia. Redacci\u00f3n SemM\u00e9xico. Naciones Unidas. 10 marzo 2020.- En el marco de la adopci\u00f3n de la Declaraci\u00f3n Pol\u00edtica sobre Beijing 25 en la 64 CSW, [&hellip;]<\/p>\n","protected":false},"author":3,"featured_media":17991,"comment_status":"open","ping_status":"open","sticky":false,"template":"","format":"standard","meta":{"_monsterinsights_skip_tracking":false,"footnotes":""},"categories":[691,53],"tags":[],"class_list":["post-17990","post","type-post","status-publish","format-standard","has-post-thumbnail","category-691","category-internacional"],"_links":{"self":[{"href":"https:\/\/redsemlac.com\/semmexico\/wp-json\/wp\/v2\/posts\/17990","targetHints":{"allow":["GET"]}}],"collection":[{"href":"https:\/\/redsemlac.com\/semmexico\/wp-json\/wp\/v2\/posts"}],"about":[{"href":"https:\/\/redsemlac.com\/semmexico\/wp-json\/wp\/v2\/types\/post"}],"author":[{"embeddable":true,"href":"https:\/\/redsemlac.com\/semmexico\/wp-json\/wp\/v2\/users\/3"}],"replies":[{"embeddable":true,"href":"https:\/\/redsemlac.com\/semmexico\/wp-json\/wp\/v2\/comments?post=17990"}],"version-history":[{"count":0,"href":"https:\/\/redsemlac.com\/semmexico\/wp-json\/wp\/v2\/posts\/17990\/revisions"}],"wp:featuredmedia":[{"embeddable":true,"href":"https:\/\/redsemlac.com\/semmexico\/wp-json\/wp\/v2\/media\/17991"}],"wp:attachment":[{"href":"https:\/\/redsemlac.com\/semmexico\/wp-json\/wp\/v2\/media?parent=17990"}],"wp:term":[{"taxonomy":"category","embeddable":true,"href":"https:\/\/redsemlac.com\/semmexico\/wp-json\/wp\/v2\/categories?post=17990"},{"taxonomy":"post_tag","embeddable":true,"href":"https:\/\/redsemlac.com\/semmexico\/wp-json\/wp\/v2\/tags?post=17990"}],"curies":[{"name":"wp","href":"https:\/\/api.w.org\/{rel}","templated":true}]}}