{"id":17979,"date":"2020-03-09T04:51:39","date_gmt":"2020-03-09T04:51:39","guid":{"rendered":"https:\/\/redsemlac.com\/semmexico\/?p=17979"},"modified":"2023-07-21T15:21:33","modified_gmt":"2023-07-21T20:21:33","slug":"popurri-jacaranda","status":"publish","type":"post","link":"https:\/\/redsemlac.com\/semmexico\/popurri-jacaranda\/","title":{"rendered":"Popurr\u00ed Jacaranda"},"content":{"rendered":"\n<p class=\"wp-block-paragraph\"><strong>Por Ana Valderrama<\/strong><\/p>\n\n\n\n<p class=\"wp-block-paragraph\">SemM\u00e9xico. 08 de marzo 2020.<\/p>\n\n\n\n<p class=\"wp-block-paragraph\">Ahora que estamos juntas, ahora que si nos ven:<\/p>\n\n\n\n<p class=\"wp-block-paragraph\">Hoy hablar\u00e9 por aquellas que no se encuentran aqu\u00ed, hablar\u00e9\npor ti, por m\u00ed, por nosotras y por ellas, de las que no encuentran huella, de\nlas que no hay quien enumere, hablo porque soy y eres, mujer, y aunque me\nsentencien, no dejar\u00e9 que silencien nuestras voces de mujeres. <\/p>\n\n\n\n<p class=\"wp-block-paragraph\">Esta no es mi voz, \u00e9stas no son mis palabras, me estoy\narropando con el pensamiento de mis encentras, mis vecinas, mis amigas, mis\nmaestras, mis hermanas y mis madres\u2026<\/p>\n\n\n\n<p class=\"wp-block-paragraph\">Grito por las que no est\u00e1n, por aquellas a las que les\narrebataron la voz. Grito, porque si ma\u00f1ana no estoy, quiero que griten por m\u00ed.\n<\/p>\n\n\n\n<p class=\"wp-block-paragraph\">Justicia y justicia. Hasta que la dignidad se haga\ncostumbre. <\/p>\n\n\n\n<p class=\"wp-block-paragraph\">Nos pidieron m\u00e1s creatividad, sin calcular que somos las\ncreadoras de esta vida. Siempre hemos estado creando, siempre hemos sido\ncreativas. Bajo yugos o sobre privilegios. <\/p>\n\n\n\n<p class=\"wp-block-paragraph\">Y s\u00ed, es contra nosotras esta violencia atroz. Y estoy,\nestamos y estaremos para repetir una y otra vez: nunca m\u00e1s un minuto de\nsilencio. <\/p>\n\n\n\n<p class=\"wp-block-paragraph\">Ni mi silencio me protegi\u00f3, ni tu silencio te proteger\u00e1,\ncompa\u00f1era. <\/p>\n\n\n\n<p class=\"wp-block-paragraph\">Ignoramos nuestra verdadera estatura, hasta que nos ponemos\nde pie. <\/p>\n\n\n\n<p class=\"wp-block-paragraph\">Quienes no se mueven, no notan sus cadenas. <\/p>\n\n\n\n<p class=\"wp-block-paragraph\">Y hoy, ya siempre, estaremos de pie y en movimiento. Nunca\nm\u00e1s un minuto de silencio. <\/p>\n\n\n\n<p class=\"wp-block-paragraph\">Y \u00bfSabes por qu\u00e9 las feministas somos feas? Porque somos\nlibres y nos atacan con lo que creen m\u00e1s importante en una mujer: la est\u00e9tica. <\/p>\n\n\n\n<p class=\"wp-block-paragraph\">As\u00ed que, aparte de nunca m\u00e1s: calladita te ves m\u00e1s bonita,\nvamos a poner de moda ser y vernos como queramos. Porque somos diversas, nunca\nm\u00e1s cortadas con la misma tijera. Viva nuestra diversidad. <\/p>\n\n\n\n<p class=\"wp-block-paragraph\">Marchar hoy, parar ma\u00f1ana, son actos revolucionarios, que no\nson accesibles ni asequibles para todas. Hablar de feminismo y de g\u00e9nero ya es\nun privilegio. Hay que visibilizarlo en todos los rincones, que de nosotras\npermee, sea manantial en la arena, agua, abrazo, para todas y por todas. <\/p>\n\n\n\n<p class=\"wp-block-paragraph\">Matan a 11 a diario&#8230; imag\u00ednense cu\u00e1ntas sobreviven a un\nintento de feminicidio. <\/p>\n\n\n\n<p class=\"wp-block-paragraph\">Porque las sobrevivientes, las que est\u00e1n vivas por un\nsegundo, tambi\u00e9n cuentan y viven para contarlo. Justicia para no morir. <\/p>\n\n\n\n<p class=\"wp-block-paragraph\">Matan a diario a 11 mujeres. Y atr\u00e1s de cada una hay todo un\nentorno trastocado. <\/p>\n\n\n\n<p class=\"wp-block-paragraph\">Y s\u00ed, es contra nosotras esta violencia atroz. Hay que\ndejarlo claro. Hoy no se felicita, hoy se conmemora, se pone la memoria sobre\nla deuda hist\u00f3rica. Ya me los imagino dici\u00e9ndole a Mart\u00edn Luther King: \u201cNo\nMart\u00edn, no es basta de violencia contra los negros, es basta de violencia\ncontra todos\u201d.&nbsp; Demostrando que no\nentienden que no entienden. <\/p>\n\n\n\n<p class=\"wp-block-paragraph\">Y saben, la verdad, es que si queremos que entiendan. Nos\nurge que entiendan. Nos va la vida en ello. <\/p>\n\n\n\n<p class=\"wp-block-paragraph\">Qu\u00e9 mi enojo se exprese, que mi furia sea vista, y quiero\ntambi\u00e9n llorar, y cantar, y re\u00edr. <\/p>\n\n\n\n<p class=\"wp-block-paragraph\">Si no puedo bailar, esta revoluci\u00f3n no me interesa. <\/p>\n\n\n\n<p class=\"wp-block-paragraph\">No deseo que las mujeres tengan poder sobre los hombres,\nsino sobre ellas mismas. <\/p>\n\n\n\n<p class=\"wp-block-paragraph\">El feminismo no puede ni debe construir a los hombres como\nsus enemigos naturales, el enemigo es el orden patriarcal que a veces est\u00e1\nencarnado por mujeres. Y a veces, por hombres. <\/p>\n\n\n\n<p class=\"wp-block-paragraph\">Nadie en el mundo, nadie en la historia ha conseguido nunca\nsu libertad apelando al sentido moral de sus opresores. <\/p>\n\n\n\n<p class=\"wp-block-paragraph\">Te digo lo que es la libertad para m\u00ed: No tener miedo. <\/p>\n\n\n\n<p class=\"wp-block-paragraph\">Soy mujer. Y un entra\u00f1able calor me abriga cuando el mundo\nme golpea. Es el calor de otras mujeres, de aquellas que hicieron de la vida\neste rinc\u00f3n sensible, luchador, de piel sueva y tierno coraz\u00f3n guerrero. <\/p>\n\n\n\n<p class=\"wp-block-paragraph\">En esta revoluci\u00f3n ning\u00fan hijo es soldado, ninguno se manda\na la guerra. En esta revoluci\u00f3n cantamos, bailamos, escribimos, investigamos,\ncomunicamos y hacemos nacer palabras y significados, las ponemos en boca de\ntodos: sororidad, feminismo, feminicidio, afidantamiento, patriarcado, macho,\nigualdad, memoria, verdad, reparaci\u00f3n del da\u00f1o, garant\u00eda de no repetici\u00f3n.\nAmiga, date cuenta. <\/p>\n\n\n\n<p class=\"wp-block-paragraph\">Y vamos a poner de moda, a normalizar que la violencia\ncontra la mujer no es cualquier delito, es un crimen. Queremos garant\u00eda de que\ndenunciar no ser\u00e1 un infierno, que se atender\u00e1 y velar\u00e1 por cerrar carpetas\nbajo impartici\u00f3n de justicia. Ya no tener miedo a denunciar. <\/p>\n\n\n\n<p class=\"wp-block-paragraph\">Nos han ense\u00f1ado a tener miedo a la libertad, miedo a tomar\ndecisiones, miedo a la soledad. El miedo a la soledad es el gran impedimento en\nla construcci\u00f3n de la autonom\u00eda. <\/p>\n\n\n\n<p class=\"wp-block-paragraph\">Pero hoy: nos dimos cuenta que nos cortaron las alas, y\nluego nos culparon por no saber volar. <\/p>\n\n\n\n<p class=\"wp-block-paragraph\">Hoy, qu\u00e9 tiemble el estado, los cielos, las calles, que\nteman los fuertes y los judiciales, hoy las mujeres nos quitan la calma, nos\nsembraron miedo, pero nos crecieron alas. <\/p>\n\n\n\n<p class=\"wp-block-paragraph\">A todas, a cada una de nosotras. <\/p>\n\n\n\n<p class=\"wp-block-paragraph\">Nunca m\u00e1s est\u00e1 L\u00f3gica machista: violentar\u00e9 y me burlar\u00e9 de\nlas feministas para hacerles ver que la violencia no existe y que est\u00e1n\nexagerando. <\/p>\n\n\n\n<p class=\"wp-block-paragraph\">Hoy por siempre:<\/p>\n\n\n\n<p class=\"wp-block-paragraph\">\u00abY retiemble su centro la tierra, al sororo rugir del\namor!\u00bb.<\/p>\n\n\n\n<p class=\"wp-block-paragraph\">Todas las que escucharon o leyeron nuestras palabras:<\/p>\n\n\n\n<p class=\"wp-block-paragraph\">T\u00fa, yo, tirando el patriarcado, no s\u00e9, pi\u00e9nsalo. <\/p>\n","protected":false},"excerpt":{"rendered":"<p>Ahora que estamos juntas, ahora que si nos ven<\/p>\n","protected":false},"author":3,"featured_media":17980,"comment_status":"open","ping_status":"open","sticky":false,"template":"","format":"standard","meta":{"_monsterinsights_skip_tracking":false,"footnotes":""},"categories":[691,82,110],"tags":[],"class_list":["post-17979","post","type-post","status-publish","format-standard","has-post-thumbnail","category-691","category-la-opinion","category-la-opinion-columnas"],"_links":{"self":[{"href":"https:\/\/redsemlac.com\/semmexico\/wp-json\/wp\/v2\/posts\/17979","targetHints":{"allow":["GET"]}}],"collection":[{"href":"https:\/\/redsemlac.com\/semmexico\/wp-json\/wp\/v2\/posts"}],"about":[{"href":"https:\/\/redsemlac.com\/semmexico\/wp-json\/wp\/v2\/types\/post"}],"author":[{"embeddable":true,"href":"https:\/\/redsemlac.com\/semmexico\/wp-json\/wp\/v2\/users\/3"}],"replies":[{"embeddable":true,"href":"https:\/\/redsemlac.com\/semmexico\/wp-json\/wp\/v2\/comments?post=17979"}],"version-history":[{"count":0,"href":"https:\/\/redsemlac.com\/semmexico\/wp-json\/wp\/v2\/posts\/17979\/revisions"}],"wp:featuredmedia":[{"embeddable":true,"href":"https:\/\/redsemlac.com\/semmexico\/wp-json\/wp\/v2\/media\/17980"}],"wp:attachment":[{"href":"https:\/\/redsemlac.com\/semmexico\/wp-json\/wp\/v2\/media?parent=17979"}],"wp:term":[{"taxonomy":"category","embeddable":true,"href":"https:\/\/redsemlac.com\/semmexico\/wp-json\/wp\/v2\/categories?post=17979"},{"taxonomy":"post_tag","embeddable":true,"href":"https:\/\/redsemlac.com\/semmexico\/wp-json\/wp\/v2\/tags?post=17979"}],"curies":[{"name":"wp","href":"https:\/\/api.w.org\/{rel}","templated":true}]}}