{"id":17972,"date":"2020-03-09T04:18:39","date_gmt":"2020-03-09T04:18:39","guid":{"rendered":"https:\/\/redsemlac.com\/semmexico\/?p=17972"},"modified":"2023-07-21T15:21:33","modified_gmt":"2023-07-21T20:21:33","slug":"chiapas-20","status":"publish","type":"post","link":"https:\/\/redsemlac.com\/semmexico\/chiapas-20\/","title":{"rendered":"\u00a1Ni Una m\u00e1s! \u00a1Justicia! en Chiapas; consignas en la marcha del #8M"},"content":{"rendered":"\n<ul class=\"wp-block-list\"><li><strong>2019 se\nregistraron 199 muertes violentas de mujeres en la entidad, de las cuales 84\nson feminicidios confirmados.<\/strong><\/li><\/ul>\n\n\n\n<p class=\"wp-block-paragraph\"><strong>Por Itzel Grajales<\/strong><\/p>\n\n\n\n<p class=\"wp-block-paragraph\">SemM\u00e9xico. Tuxtla Guti\u00e9rrez, Chiapas. 08 de marzo 2020.- Unas\ntres mil mujeres marcharon en Tuxtla Guti\u00e9rrez, Chiapas, en conmemoraci\u00f3n del 8\nde marzo, D\u00eda Internacional de la Mujer, para pronunciarse en contra de la\nviolencia de g\u00e9nero y exigir condiciones de igualdad en el \u00e1mbito p\u00fablico como\nen el privado.<\/p>\n\n\n\n<p class=\"wp-block-paragraph\">El contingente parti\u00f3 del Parque Bicentenario hacia el\nParque Central, trayecto en el que gritaron consignas y mostraron lonas y\ncartulinas alusivas a la causa. Exigieron al Estado acciones para frenar los\nfeminicidios y justicia para las mujeres asesinadas y sus familias.<\/p>\n\n\n\n<p class=\"wp-block-paragraph\">De acuerdo al Observatorio Feminista contra la Violencia\nhacia las Mujeres en Chiapas, en 2019 se registraron 199 muertes violentas de\nmujeres en la entidad, de las cuales 84 son feminicidios confirmados.<\/p>\n\n\n\n<p class=\"wp-block-paragraph\">Adem\u00e1s prevalecen situaciones de acoso que est\u00e1n siendo\ndenunciadas por alumnas de diferentes universidades p\u00fablicas en\n\u00abtendederos y muros de la verg\u00fcenza\u00bb, donde han expuesto las\nconductas abusivas e incluso de violaci\u00f3n sexual de maestros hacia estudiantes.<\/p>\n\n\n\n<figure class=\"wp-block-gallery columns-2 is-cropped wp-block-gallery-1 is-layout-flex wp-block-gallery-is-layout-flex\"><ul class=\"blocks-gallery-grid\"><li class=\"blocks-gallery-item\"><figure><img decoding=\"async\" src=\"https:\/\/redsemlac.com\/semmexico\/wp-content\/uploads\/2020\/03\/CHIAPAS-5-1024x768.jpg\" alt=\"\" data-id=\"17977\" data-full-url=\"https:\/\/redsemlac.com\/semmexico\/wp-content\/uploads\/2020\/03\/CHIAPAS-5-scaled.jpg\" data-link=\"https:\/\/redsemlac.com\/semmexico\/?attachment_id=17977\" class=\"wp-image-17977\"\/><\/figure><\/li><li class=\"blocks-gallery-item\"><figure><img decoding=\"async\" src=\"https:\/\/redsemlac.com\/semmexico\/wp-content\/uploads\/2020\/03\/CHIAPAS-4-1024x873.jpg\" alt=\"\" data-id=\"17976\" data-full-url=\"https:\/\/redsemlac.com\/semmexico\/wp-content\/uploads\/2020\/03\/CHIAPAS-4-scaled.jpg\" data-link=\"https:\/\/redsemlac.com\/semmexico\/?attachment_id=17976\" class=\"wp-image-17976\"\/><\/figure><\/li><li class=\"blocks-gallery-item\"><figure><img decoding=\"async\" src=\"https:\/\/redsemlac.com\/semmexico\/wp-content\/uploads\/2020\/03\/CHIAPAS-1-1024x576.jpg\" alt=\"\" data-id=\"17973\" data-full-url=\"https:\/\/redsemlac.com\/semmexico\/wp-content\/uploads\/2020\/03\/CHIAPAS-1.jpg\" data-link=\"https:\/\/redsemlac.com\/semmexico\/?attachment_id=17973\" class=\"wp-image-17973\"\/><\/figure><\/li><li class=\"blocks-gallery-item\"><figure><img decoding=\"async\" src=\"https:\/\/redsemlac.com\/semmexico\/wp-content\/uploads\/2020\/03\/CHIAPAS-3-1024x768.jpg\" alt=\"\" data-id=\"17975\" data-full-url=\"https:\/\/redsemlac.com\/semmexico\/wp-content\/uploads\/2020\/03\/CHIAPAS-3.jpg\" data-link=\"https:\/\/redsemlac.com\/semmexico\/?attachment_id=17975\" class=\"wp-image-17975\"\/><\/figure><\/li><\/ul><\/figure>\n\n\n\n<p class=\"wp-block-paragraph\">Uno de los grupos que marcharon estuvo integrado por mujeres\nperiodistas, quienes expusieron que en 2019, en M\u00e9xico, la Red Nacional de\nPeriodistas document\u00f3 118 agresiones contra mujeres periodistas, lo que incluye\namenazas, y acoso sexual, difamaci\u00f3n, calumnias con cargas sexistas,\ndesplazamiento forzado y dos feminicidios.<\/p>\n\n\n\n<p class=\"wp-block-paragraph\">\u00abSomos las mujeres periodistas quienes hemos puesto en\nla mesa temas como: el derecho a decidir de las mujeres, las dobles y triples\njornadas, la desigualdad salarial, la violencia de g\u00e9nero y los feminicidios.<\/p>\n\n\n\n<p class=\"wp-block-paragraph\">Somos las que ponemos el cuerpo en las redacciones, las que\npeleamos porque estas notas vayan en primera plana, porque salgan de la secci\u00f3n\nde nota roja. Si no podemos informar por temor a las represalias, la ciudadan\u00eda\ntambi\u00e9n sale perdiendo porque no tendr\u00e1n informaci\u00f3n veraz, que les ayude a tomar\nmejores decisiones\u00bb, destacaron las comunicadoras.<\/p>\n\n\n\n<p class=\"wp-block-paragraph\">En esta manifestaci\u00f3n caminaron tambi\u00e9n estudiantes, mujeres ind\u00edgenas v\u00edctimas de desplazamiento forzado, las madres de las v\u00edctimas de feminicidio, activistas e integrantes de organizaciones civiles y sindicatos.<\/p>\n\n\n\n<p class=\"wp-block-paragraph\">SEM\/ig\/IL<\/p>\n","protected":false},"excerpt":{"rendered":"<p>2019 se registraron 199 muertes violentas de mujeres en la entidad, de las cuales 84 son feminicidios confirmados.<\/p>\n","protected":false},"author":3,"featured_media":17974,"comment_status":"open","ping_status":"open","sticky":false,"template":"","format":"standard","meta":{"_monsterinsights_skip_tracking":false,"footnotes":""},"categories":[691,54],"tags":[],"class_list":["post-17972","post","type-post","status-publish","format-standard","has-post-thumbnail","category-691","category-mujeres"],"_links":{"self":[{"href":"https:\/\/redsemlac.com\/semmexico\/wp-json\/wp\/v2\/posts\/17972","targetHints":{"allow":["GET"]}}],"collection":[{"href":"https:\/\/redsemlac.com\/semmexico\/wp-json\/wp\/v2\/posts"}],"about":[{"href":"https:\/\/redsemlac.com\/semmexico\/wp-json\/wp\/v2\/types\/post"}],"author":[{"embeddable":true,"href":"https:\/\/redsemlac.com\/semmexico\/wp-json\/wp\/v2\/users\/3"}],"replies":[{"embeddable":true,"href":"https:\/\/redsemlac.com\/semmexico\/wp-json\/wp\/v2\/comments?post=17972"}],"version-history":[{"count":0,"href":"https:\/\/redsemlac.com\/semmexico\/wp-json\/wp\/v2\/posts\/17972\/revisions"}],"wp:featuredmedia":[{"embeddable":true,"href":"https:\/\/redsemlac.com\/semmexico\/wp-json\/wp\/v2\/media\/17974"}],"wp:attachment":[{"href":"https:\/\/redsemlac.com\/semmexico\/wp-json\/wp\/v2\/media?parent=17972"}],"wp:term":[{"taxonomy":"category","embeddable":true,"href":"https:\/\/redsemlac.com\/semmexico\/wp-json\/wp\/v2\/categories?post=17972"},{"taxonomy":"post_tag","embeddable":true,"href":"https:\/\/redsemlac.com\/semmexico\/wp-json\/wp\/v2\/tags?post=17972"}],"curies":[{"name":"wp","href":"https:\/\/api.w.org\/{rel}","templated":true}]}}