{"id":17969,"date":"2020-03-09T03:34:30","date_gmt":"2020-03-09T03:34:30","guid":{"rendered":"https:\/\/redsemlac.com\/semmexico\/?p=17969"},"modified":"2023-07-21T15:21:33","modified_gmt":"2023-07-21T20:21:33","slug":"hidalgo-5","status":"publish","type":"post","link":"https:\/\/redsemlac.com\/semmexico\/hidalgo-5\/","title":{"rendered":"\u201c\u00a1Basta, la violencia machista tiene que parar!\u201d, miles de mujeres hidalguenses gritan"},"content":{"rendered":"\n<p class=\"wp-block-paragraph\"><strong>Martha Canseco Gonz\u00e1lez <\/strong><\/p>\n\n\n\n<p class=\"wp-block-paragraph\">SemM\u00e9xico. Pachuca, Hgo. 8 de marzo\nde 2020.- Para comprender la magnitud de la respuesta de las mujeres de Pachuca\na la marcha de este domingo 8 de marzo, basta se\u00f1alar que el a\u00f1o anterior,\ndesfilaron por las calles de la capital hidalguense unas 200 mujeres, ahora lo\nhicieron tres mil.<\/p>\n\n\n\n<p class=\"wp-block-paragraph\">A las diez de la ma\u00f1ana en punto se\ncit\u00f3 a los pies del emblem\u00e1tico Reloj Monumental, donde arribaron mujeres de\ntodas las edades y condiciones para sumarse al grito de \u00a1Basta, la violencia\nmachista tiene que parar!, junto con decenas de consignas m\u00e1s.<\/p>\n\n\n\n<p class=\"wp-block-paragraph\">Encabezando con un 8M gigante, los\ncontingentes se integraron de la siguiente manera: primero, las familias de las\nmujeres asesinadas y desaparecidas en los \u00faltimos a\u00f1os en Hidalgo, despu\u00e9s el\ngrupo m\u00e1s nutrido que conformaron las feministas que marchan cada a\u00f1o,\nacompa\u00f1adas de mujeres j\u00f3venes y universitarias que se han sumado al movimiento\nen fechas recientes.<\/p>\n\n\n\n<p class=\"wp-block-paragraph\">Les sigui\u00f3 la ola de la Marea Verde\nHidalgo, despu\u00e9s madres y padres con sus hijas e hijos, que fueron arropados\npor otro contingente de mujeres diversas que los acompa\u00f1aron y finalmente un\ngrupo de 20 hombres simpatizantes del movimiento de mujeres.<\/p>\n\n\n\n<p class=\"wp-block-paragraph\">La marcha recorri\u00f3 toda la calle de\nVicente Guerrero, la m\u00e1s comercial de la zona centro, hasta llegar a la Plaza\nJu\u00e1rez, donde se encuentra el Palacio de Gobierno ah\u00ed se dieron a conocer los\nposicionamientos de los diferentes colectivos y organizaciones de mujeres. <\/p>\n\n\n\n<p class=\"wp-block-paragraph\">Despu\u00e9s se abri\u00f3 el micr\u00f3fono para\nescuchar los testimonios tanto de los familiares de las mujeres asesinadas y\ndesaparecidas en Hidalgo, como las denuncias de mujeres que han sido v\u00edctimas\nde la violencia machista.<\/p>\n\n\n\n<p class=\"wp-block-paragraph\">Las actividades en este d\u00eda\nhist\u00f3rico terminaron alrededor de las tres de la tarde.<\/p>\n","protected":false},"excerpt":{"rendered":"<p>Se escucharon testimonios de familiares de mujeres asesinadas y desaparecidas en Hidalgo, como las denuncias delas v\u00edctimas de la violencia machista.<\/p>\n","protected":false},"author":3,"featured_media":17970,"comment_status":"open","ping_status":"open","sticky":false,"template":"","format":"standard","meta":{"_monsterinsights_skip_tracking":false,"footnotes":""},"categories":[691,54],"tags":[],"class_list":["post-17969","post","type-post","status-publish","format-standard","has-post-thumbnail","category-691","category-mujeres"],"_links":{"self":[{"href":"https:\/\/redsemlac.com\/semmexico\/wp-json\/wp\/v2\/posts\/17969","targetHints":{"allow":["GET"]}}],"collection":[{"href":"https:\/\/redsemlac.com\/semmexico\/wp-json\/wp\/v2\/posts"}],"about":[{"href":"https:\/\/redsemlac.com\/semmexico\/wp-json\/wp\/v2\/types\/post"}],"author":[{"embeddable":true,"href":"https:\/\/redsemlac.com\/semmexico\/wp-json\/wp\/v2\/users\/3"}],"replies":[{"embeddable":true,"href":"https:\/\/redsemlac.com\/semmexico\/wp-json\/wp\/v2\/comments?post=17969"}],"version-history":[{"count":0,"href":"https:\/\/redsemlac.com\/semmexico\/wp-json\/wp\/v2\/posts\/17969\/revisions"}],"wp:featuredmedia":[{"embeddable":true,"href":"https:\/\/redsemlac.com\/semmexico\/wp-json\/wp\/v2\/media\/17970"}],"wp:attachment":[{"href":"https:\/\/redsemlac.com\/semmexico\/wp-json\/wp\/v2\/media?parent=17969"}],"wp:term":[{"taxonomy":"category","embeddable":true,"href":"https:\/\/redsemlac.com\/semmexico\/wp-json\/wp\/v2\/categories?post=17969"},{"taxonomy":"post_tag","embeddable":true,"href":"https:\/\/redsemlac.com\/semmexico\/wp-json\/wp\/v2\/tags?post=17969"}],"curies":[{"name":"wp","href":"https:\/\/api.w.org\/{rel}","templated":true}]}}