{"id":17961,"date":"2020-03-09T02:59:55","date_gmt":"2020-03-09T02:59:55","guid":{"rendered":"https:\/\/redsemlac.com\/semmexico\/?p=17961"},"modified":"2023-07-21T15:21:33","modified_gmt":"2023-07-21T20:21:33","slug":"en-morelos-unen-voces-para-exigir-basta-a-la-violencia-contra-la-mujer","status":"publish","type":"post","link":"https:\/\/redsemlac.com\/semmexico\/en-morelos-unen-voces-para-exigir-basta-a-la-violencia-contra-la-mujer\/","title":{"rendered":"En Morelos unen voces para exigir basta a la violencia contra la mujer"},"content":{"rendered":"\n<ul class=\"wp-block-list\"><li><strong>Hist\u00f3rica\njornada en Morelos para conmemorar 8 de marzo<\/strong><\/li><li><strong>Miles salieron\na exigir alto a los feminicidios <\/strong><\/li><\/ul>\n\n\n\n<p class=\"wp-block-paragraph\"><strong>Estrella&nbsp; Pedroza <\/strong><\/p>\n\n\n\n<p class=\"wp-block-paragraph\">SemM\u00e9xico. Cuernavaca, Morelos. 08 de marzo 2020.- En\nMorelos se registr\u00f3 una hist\u00f3rica participaci\u00f3n&nbsp;\ndurante la jornada del 8 de marzo,&nbsp;\nmiles de mujeres&nbsp; salieron a las\ncalles para participar en actos conmemorativos, marchas y procesiones con el\nobjetivo de&nbsp; unificar su voz&nbsp; y exigir al Estado un alto a las violencias\ncontra las mujeres&nbsp; y que se frenen\nlos&nbsp; feminicidios que no paran en la\nentidad.<\/p>\n\n\n\n<p class=\"wp-block-paragraph\">Desde\u00a0 hace 20 a\u00f1os en Morelos los \u00edndices de violencia feminicida van a la alza, a pesar que desde agosto del 2015 se decret\u00f3 Alerta de Violencia\u00a0 de G\u00e9nero (AVG) y como ejemplo en lo que va del sexenio de Cuauht\u00e9moc\u00a0 Blanco Bravo son 108 mujeres\u00a0 que han sido asesinadas por\u00a0 cuesti\u00f3n de g\u00e9nero. <\/p>\n\n\n\n<p class=\"wp-block-paragraph\">Las actividades, la mayor\u00eda &nbsp;convocadas por j\u00f3venes universitarias,\niniciaron desde muy temprano en la glorieta la Paloma de La Paz, situada al\nnorte de &nbsp;Cuernavaca, donde colocaron cruces\ncolor rosa&nbsp; y ti\u00f1eron&nbsp; de rojo el agua de la fuente&nbsp; y adem\u00e1s&nbsp;\ncolocaron&nbsp; un mo\u00f1o morado.<\/p>\n\n\n\n<p class=\"wp-block-paragraph\">Para visibilizar que en Morelos sigue corriendo sangre de mujeres sin que las autoridades sean\u00a0capaces de implementar acciones para evitarlo. <\/p>\n\n\n\n<p class=\"wp-block-paragraph\">Una hora m\u00e1s tarde el Colectivo Marea Verde realiz\u00f3 una\nmarcha y colocaron pa\u00f1uelos&nbsp; verdes&nbsp; a algunos monumentos entre ellos Emiliano Zapata\nSalazar como un s\u00edmbolo en contra del aborto. <\/p>\n\n\n\n<figure class=\"wp-block-gallery columns-2 is-cropped wp-block-gallery-1 is-layout-flex wp-block-gallery-is-layout-flex\"><ul class=\"blocks-gallery-grid\"><li class=\"blocks-gallery-item\"><figure><img decoding=\"async\" src=\"https:\/\/redsemlac.com\/semmexico\/wp-content\/uploads\/2020\/03\/morelos-3-1024x498.jpeg\" alt=\"\" data-id=\"17963\" data-full-url=\"https:\/\/redsemlac.com\/semmexico\/wp-content\/uploads\/2020\/03\/morelos-3.jpeg\" data-link=\"https:\/\/redsemlac.com\/semmexico\/?attachment_id=17963\" class=\"wp-image-17963\"\/><\/figure><\/li><li class=\"blocks-gallery-item\"><figure><img decoding=\"async\" src=\"https:\/\/redsemlac.com\/semmexico\/wp-content\/uploads\/2020\/03\/morelos-5-1024x498.jpeg\" alt=\"\" data-id=\"17965\" data-full-url=\"https:\/\/redsemlac.com\/semmexico\/wp-content\/uploads\/2020\/03\/morelos-5.jpeg\" data-link=\"https:\/\/redsemlac.com\/semmexico\/?attachment_id=17965\" class=\"wp-image-17965\"\/><\/figure><\/li><li class=\"blocks-gallery-item\"><figure><img decoding=\"async\" src=\"https:\/\/redsemlac.com\/semmexico\/wp-content\/uploads\/2020\/03\/morelos-7-1024x498.jpeg\" alt=\"\" data-id=\"17967\" data-full-url=\"https:\/\/redsemlac.com\/semmexico\/wp-content\/uploads\/2020\/03\/morelos-7.jpeg\" data-link=\"https:\/\/redsemlac.com\/semmexico\/?attachment_id=17967\" class=\"wp-image-17967\"\/><\/figure><\/li><li class=\"blocks-gallery-item\"><figure><img decoding=\"async\" src=\"https:\/\/redsemlac.com\/semmexico\/wp-content\/uploads\/2020\/03\/morelos-6-1024x498.jpeg\" alt=\"\" data-id=\"17966\" data-full-url=\"https:\/\/redsemlac.com\/semmexico\/wp-content\/uploads\/2020\/03\/morelos-6.jpeg\" data-link=\"https:\/\/redsemlac.com\/semmexico\/?attachment_id=17966\" class=\"wp-image-17966\"\/><\/figure><\/li><li class=\"blocks-gallery-item\"><figure><img decoding=\"async\" src=\"https:\/\/redsemlac.com\/semmexico\/wp-content\/uploads\/2020\/03\/morelos-4-1024x498.jpeg\" alt=\"\" data-id=\"17964\" data-full-url=\"https:\/\/redsemlac.com\/semmexico\/wp-content\/uploads\/2020\/03\/morelos-4.jpeg\" data-link=\"https:\/\/redsemlac.com\/semmexico\/?attachment_id=17964\" class=\"wp-image-17964\"\/><\/figure><\/li><\/ul><\/figure>\n\n\n\n<p class=\"wp-block-paragraph\">Ya por la tarde, pasada launa de la tarde, unas tres mil\nmujeres se dieron cita&nbsp; en la\nGlorieta&nbsp; de Tlaltenago, al grito de\n\u201carriba mis ovarios,&nbsp; abajo el\npatriarcado\u201d&nbsp; inici\u00f3&nbsp; la marcha&nbsp;\nfeminista que recorri\u00f3 las principales calles&nbsp; de la ciudad. <\/p>\n\n\n\n<p class=\"wp-block-paragraph\">Dividieron por&nbsp;\ncontingentes de v\u00edctimas&nbsp; y&nbsp; colectivos pero&nbsp; fue&nbsp;\ntotalmente separatista, no se permiti\u00f3 la participaci\u00f3n de hombres en la\nmarcha&nbsp; y se prohibi\u00f3 a los hombres\nperiodistas&nbsp; ingresar a los contingentes.\n<\/p>\n\n\n\n<p class=\"wp-block-paragraph\">Entre las&nbsp;\nconsignas&nbsp; que se escucharon\nfiguraron: \u201cSe\u00f1or, se\u00f1ora no sea indiferente&nbsp;\nse mata a las mujeres en la cara de gente\u201d,&nbsp; \u201cCuauht\u00e9moc huevo, encu\u00e9ntralas cabr\u00f3n\u201d, \u201cNi\nuna m\u00e1s, ni una m\u00e1s, ni una asesinada m\u00e1s\u201d&nbsp;\ny \u201c\u00bfTe acos\u00f3, te abus\u00f3?&nbsp; Yo si te\ncreo\u201d. <\/p>\n\n\n\n<p class=\"wp-block-paragraph\">Un peque\u00f1o&nbsp; grupo de\nmujeres j\u00f3venes realiz\u00f3 pintas&nbsp; en\ninmuebles&nbsp; p\u00fablicos y algunos&nbsp; privados&nbsp;\ndonde expresaban su apoyo al aborto, o sus rabias por los feminicidios y\na las mujeres desaparecidas.<\/p>\n\n\n\n<p class=\"wp-block-paragraph\">Al llegar&nbsp;&nbsp; al&nbsp; Centro&nbsp;\nHist\u00f3rico de&nbsp; Cuernavaca&nbsp; realizaron&nbsp;\nun mitin&nbsp; en Plaza de Armas,&nbsp; frente a Palacio&nbsp; de Gobierno- sede oficial&nbsp; del gobierno estatal- en el que\nfamiliares&nbsp; de v\u00edctimas de feminicidio o\nalg\u00fan tipo de violencia, la mayor\u00eda&nbsp;\nocurridos&nbsp; en este&nbsp; sexenio, dieron&nbsp; su testimonio sobre&nbsp; las&nbsp;\nnulas acciones&nbsp; por parte&nbsp; de las autoridades para hacerles&nbsp; justicia. <\/p>\n\n\n\n<p class=\"wp-block-paragraph\">Apenas&nbsp;\ntrascurr\u00eda&nbsp; la primera parte de la\nprotesta, cuando&nbsp; un grupo de &nbsp;25&nbsp;\nmujeres&nbsp; j\u00f3venes ingreso a la\nplancha&nbsp; de la plaza con una tela&nbsp; morada&nbsp;\ny cubrieron el frente&nbsp; de palacio\nde gobierno.<\/p>\n\n\n\n<p class=\"wp-block-paragraph\">Mientras&nbsp; unas&nbsp; de sus&nbsp;\ncompa\u00f1eras&nbsp; aventaran&nbsp; una botella&nbsp;\ncon gasolina&nbsp; prendida e&nbsp; intentaron&nbsp;\nrealizar&nbsp; destrozos&nbsp; en las&nbsp;\nventanas y pintas&nbsp; en los&nbsp; muros y arcos. <\/p>\n\n\n\n<p class=\"wp-block-paragraph\">De inmediato, un grupo de mujeres&nbsp; se acercaron gritando \u201cno a la\nviolencia,&nbsp; grupos de choque no\u201d e\nintentaban quitarles la tela. <\/p>\n\n\n\n<p class=\"wp-block-paragraph\">Una de las j\u00f3venes&nbsp;\nexplic\u00f3&nbsp; que&nbsp; \u201cnos somos un grupo de choque, ante la\nviolencia&nbsp; es la forma&nbsp; como te puedes defender\u201d. <\/p>\n\n\n\n<p class=\"wp-block-paragraph\">Sin m\u00e1s, salieron&nbsp; de\nla plaza. <\/p>\n\n\n\n<p class=\"wp-block-paragraph\">Minutos&nbsp; despu\u00e9s,\narrib\u00f3&nbsp; la&nbsp; procesi\u00f3n con el&nbsp; f\u00e9retro&nbsp;\nintervenido&nbsp; con los&nbsp;&nbsp;&nbsp; nombres&nbsp;\nbordados&nbsp; de las&nbsp; 108&nbsp;\nv\u00edctimas&nbsp; de feminidicios\nocurridos en 2019&nbsp; y en lo&nbsp; que va&nbsp;\ndel&nbsp; 2020. <\/p>\n\n\n\n<p class=\"wp-block-paragraph\"><strong>Exigencias\u00a0 al\u00a0 gobierno de\u00a0 Cuauht\u00e9moc Blanco Bravo<\/strong><\/p>\n\n\n\n<p class=\"wp-block-paragraph\">Integrantes&nbsp; de\ndistintos&nbsp; colectivos&nbsp; las&nbsp;\ncolectivas&nbsp; Morelos&nbsp; Sin Acoso ,&nbsp;\nVivas nos queremos Morelos, Feministas y artistas de Morelos&nbsp; dieron lectura&nbsp; a un&nbsp;\npronunciamiento en el que&nbsp;\nrecordaron los&nbsp; m\u00e1s recientes&nbsp; feminicidios, entre ellos&nbsp; el de&nbsp;\nuna peque\u00f1a de 5 a\u00f1os.<\/p>\n\n\n\n<p class=\"wp-block-paragraph\">\u201cLa administraci\u00f3n de Cuauht\u00e9moc Blanco cerr\u00f3 el 2019 con\n100 asesinatos de mujeres en todo el estado de Morelos. En lo que va del 2020\nse han registrado 8 asesinatos en nuestra entidad. Desde el que se activ\u00f3 la\nAlerta de violencia de G\u00e9nero en el estado de Morelos (AVG), hasta el d\u00eda de\nhoy se han documentado 394 casos de feminicidios\u2026\u201d, reprocharon.<\/p>\n\n\n\n<p class=\"wp-block-paragraph\">&nbsp;Por ello, \u201ccondenamos\nseveramente la pasividad y la tibieza en la que se ha sumido el Gobierno\nEstatal dirigido por Cuauht\u00e9moc Blanco y exigimos rendici\u00f3n de cuentas a \u00e9l y a\ntodos los presidentes municipales de los municipios en los que se decret\u00f3 la\nalerta de violencia de g\u00e9nero desde 2016\u201d. <\/p>\n\n\n\n<p class=\"wp-block-paragraph\">Adem\u00e1s&nbsp; dieron\nlectura&nbsp; a un pliego petitorio de ocho\npuntos: <\/p>\n\n\n\n<ul class=\"wp-block-list\"><li>Mejor iluminaci\u00f3n y vigilancia en nuestras\ncalles porque es b\u00e1sico para cualquier entidad contar con infraestructura de\nalumbrado p\u00fablico que contribuya a mejorar la iluminaci\u00f3n en las calles y nos\nhaga sentir seguras al transitar en las noches. Porque las calles y las noches\ntambi\u00e9n son nuestras.<\/li><li>Programas de prevenci\u00f3n temprana con ni\u00f1as,\nni\u00f1os, j\u00f3venes\/as en temas de violencia de g\u00e9nero en escuelas p\u00fablicas y\nprivadas.<\/li><li>Dise\u00f1o de campa\u00f1as de prevenci\u00f3n y denuncia\nfocalizada a los distintos grupos, con pertenencia cultural, incluyendo\nmateriales&nbsp; traducidos en lenguas\nind\u00edgenas. .<\/li><li>La implementaci\u00f3n de prisi\u00f3n preventiva oficiosa\nen caso de violencia de g\u00e9nero.<\/li><li>Capacitaci\u00f3n para todo el personal de los\njuzgados e instituciones gubernamentales en perspectiva de g\u00e9nero y violencia\ncontra las mujeres. <\/li><li>Capacitaci\u00f3n del cuerpo policial y guardia\nnacional en perspectiva de g\u00e9nero y violencia contra las mujeres.<\/li><li>Transparencia en las acciones de la fiscal\u00eda\ngeneral del estado y las fiscal\u00edas especializadas en desaparici\u00f3n forzada de\npersonas, as\u00ed como para la investigaci\u00f3n y persecuci\u00f3n del delito de\nfeminicidio. <\/li><li>Entrega de informes y seguimiento a familias de\nlas v\u00edctimas y a la sociedad civil organizada y datos accesibles sobre el\nn\u00famero de feminicidios.<\/li><\/ul>\n\n\n\n<p class=\"wp-block-paragraph\">Y&nbsp; advirtieron a las\nautoridades&nbsp; que \u201cnunca m\u00e1s tendr\u00e1n la\ncomodidad de nuestro silencio, porque callar es caer en la complicidad.\nSeguiremos saliendo a las calles siempre que sea necesario para nombrar y\nrecordar a las que nos han arrebatado y siguen sin recibir justicia.\nContinuaremos la lucha por las v\u00edctimas de feminicidio, de desaparici\u00f3n, por\nlas v\u00edctimas de cualquier tipo de violencia de g\u00e9nero. Esta lucha es de todas,\nporque no queremos que ninguna ni\u00f1a, adolescente, joven y mujer sea golpeada,\nabusada, tratada, desaparecida o asesinada\u201d.<\/p>\n","protected":false},"excerpt":{"rendered":"<p>Desde  hace 20 a\u00f1os en Morelos los \u00edndices de violencia feminicida van a la alza, a pesar que desde agosto del 2015 se decret\u00f3 Alerta de Violencia  de G\u00e9nero<\/p>\n","protected":false},"author":3,"featured_media":17962,"comment_status":"open","ping_status":"open","sticky":false,"template":"","format":"standard","meta":{"_monsterinsights_skip_tracking":false,"footnotes":""},"categories":[691,54],"tags":[],"class_list":["post-17961","post","type-post","status-publish","format-standard","has-post-thumbnail","category-691","category-mujeres"],"_links":{"self":[{"href":"https:\/\/redsemlac.com\/semmexico\/wp-json\/wp\/v2\/posts\/17961","targetHints":{"allow":["GET"]}}],"collection":[{"href":"https:\/\/redsemlac.com\/semmexico\/wp-json\/wp\/v2\/posts"}],"about":[{"href":"https:\/\/redsemlac.com\/semmexico\/wp-json\/wp\/v2\/types\/post"}],"author":[{"embeddable":true,"href":"https:\/\/redsemlac.com\/semmexico\/wp-json\/wp\/v2\/users\/3"}],"replies":[{"embeddable":true,"href":"https:\/\/redsemlac.com\/semmexico\/wp-json\/wp\/v2\/comments?post=17961"}],"version-history":[{"count":0,"href":"https:\/\/redsemlac.com\/semmexico\/wp-json\/wp\/v2\/posts\/17961\/revisions"}],"wp:featuredmedia":[{"embeddable":true,"href":"https:\/\/redsemlac.com\/semmexico\/wp-json\/wp\/v2\/media\/17962"}],"wp:attachment":[{"href":"https:\/\/redsemlac.com\/semmexico\/wp-json\/wp\/v2\/media?parent=17961"}],"wp:term":[{"taxonomy":"category","embeddable":true,"href":"https:\/\/redsemlac.com\/semmexico\/wp-json\/wp\/v2\/categories?post=17961"},{"taxonomy":"post_tag","embeddable":true,"href":"https:\/\/redsemlac.com\/semmexico\/wp-json\/wp\/v2\/tags?post=17961"}],"curies":[{"name":"wp","href":"https:\/\/api.w.org\/{rel}","templated":true}]}}