{"id":17949,"date":"2020-03-09T01:55:15","date_gmt":"2020-03-09T01:55:15","guid":{"rendered":"https:\/\/redsemlac.com\/semmexico\/?p=17949"},"modified":"2023-07-21T15:21:33","modified_gmt":"2023-07-21T20:21:33","slug":"8m-3","status":"publish","type":"post","link":"https:\/\/redsemlac.com\/semmexico\/8m-3\/","title":{"rendered":"MESECVI aprueba Ley Modelo contra feminicidio; pide a los Estados que la incorporen a sus legislaciones"},"content":{"rendered":"\n<ul class=\"wp-block-list\"><li><strong>Se busca, un verdadero acceso a la justicia y proceso reparador.<\/strong><\/li><li><strong>Es alarmante que el feminicidio siga al alza como una de las formas m\u00e1s extremas de violencia contra las mujeres, a pesar de los esfuerzos realizados.<\/strong><\/li><\/ul>\n\n\n\n<p class=\"wp-block-paragraph\"><strong>Elda Montiel <\/strong><\/p>\n\n\n\n<p class=\"wp-block-paragraph\">SemM\u00e9xico. 08 de marzo 2020.- En el marco del D\u00eda Internacional de la Mujer, el Comit\u00e9 de Expertas del Mecanismo de Seguimiento de la Convenci\u00f3n de Bel\u00e9m do Par\u00e1 (MESECVI), ha propuesto la aprobaci\u00f3n de la Ley Modelo para Prevenir, Sancionar y Erradicar la Muerte Violenta de Mujeres y Ni\u00f1as (Feminicidio\/Femicidio), y que los Estados parte lo incorporen en sus legislaciones internas para que con los est\u00e1ndares jur\u00eddicos m\u00ednimos, las v\u00edctimas y familiares tengan un verdadero acceso a la justicia y a un proceso reparador y dignificante.<\/p>\n\n\n\n<p class=\"wp-block-paragraph\">Considera\ntambi\u00e9n que sumado a una tipificaci\u00f3n y adecuada adjudicaci\u00f3n de los casos de\nfeminicidios, deben tomarse acciones integrales de prevenci\u00f3n y atenci\u00f3n,\nporque las muertes de mujeres por razones de violencia son prevenibles, ya que\nen la mayor\u00eda de los casos se trata de situaciones de continua violencia por\nraz\u00f3n de g\u00e9nero.&nbsp;&nbsp; <\/p>\n\n\n\n<p class=\"wp-block-paragraph\">El Comit\u00e9 de\nExpertas destaca que es alarmante que el feminicidio siga al alza como una de\nlas formas m\u00e1s extremas de violencia contra las mujeres a pesar de los\nesfuerzos que han realizado para su prevenci\u00f3n y erradicaci\u00f3n.<\/p>\n\n\n\n<p class=\"wp-block-paragraph\">Dan cuenta\ndel alto grado de impunidad en la regi\u00f3n las cifras que han encontrado respecto\na la proporci\u00f3n de casos sentenciados en relaci\u00f3n a los casos de violencia de\ng\u00e9nero, que en promedio son 16%, y en los casos de feminicidio este sube a 29%.\nEn los informes del Seguimiento de la Tercera Ronda de Evaluaci\u00f3n Multilateral\ndel MESECVI, han observado en los informes brechas de tiempo amplias, entre el\ninicio de la investigaci\u00f3n o judicializaci\u00f3n, y la sentencia de los casos.\nAunado a los observatorios de violencia de g\u00e9nero que han dado cuenta de\nsubregistros. <\/p>\n\n\n\n<p class=\"wp-block-paragraph\">El Comit\u00e9 de\nExpertas ha encontrado que son 18 pa\u00edses de la regi\u00f3n que han tipificado o han\nagravado los homicidios de mujeres por razones de g\u00e9nero; sin embargo, la\nprolijidad legislativa no ha tenido impacto real en la reducci\u00f3n de muertes\nviolentas de mujeres.&nbsp; <\/p>\n\n\n\n<p class=\"wp-block-paragraph\">Han concluido que para que las leyes que castigan el feminicidio cumplan con sus objetivos se tiene que hacer este tipo de delitos sean de f\u00e1cil comprobaci\u00f3n, y que no se contin\u00fae con la impunidad en la investigaci\u00f3n ni se utilicen estereotipos de g\u00e9nero que re victimicen y se culpabilicen a las mujeres.<\/p>\n\n\n\n<p class=\"wp-block-paragraph\">Sumado a la\ntipificaci\u00f3n y adecuada adjudicaci\u00f3n de los casos de feminicidio, es necesario\nque la violencia contra las mujeres y el feminicidio, en particular, se\nenfrenten a partir de acciones integrales que atiendan las ra\u00edces a trav\u00e9s de\npol\u00edticas eficaces de prevenci\u00f3n, atenci\u00f3n, investigaci\u00f3n, sanci\u00f3n y\nreparaci\u00f3n. <\/p>\n\n\n\n<p class=\"wp-block-paragraph\">El Comit\u00e9 de\nExpertas hace un llamado a los Estados, principalmente a los Estados del\nCaribe, en los que hasta la fecha no existe reconocimiento del tipo de\nfeminicidio\/femicidio en el marco legal sobre la violencia contra las mujeres,\npara que incorporen los preceptos contenidos en la Ley Modelo en su legislaci\u00f3n\ninterna y a tomar, sin dilaci\u00f3n, todas las medidas necesarias para prevenir,\natender, investigar y sancionar estos cr\u00edmenes. <\/p>\n\n\n\n<p class=\"wp-block-paragraph\">La Ley Modelo tiene como eje la acci\u00f3n p\u00fablica en cuanto a prevenci\u00f3n, adjudicaci\u00f3n de las conductas delictivas, investigaci\u00f3n, juzgamiento, sanci\u00f3n y reparaci\u00f3n, as\u00ed como la importancia de que en \u00e9stos procedimientos las autoridades centren sus esfuerzos en las necesidades de las v\u00edctimas y los familiares. \u00a0\u00a0<\/p>\n\n\n\n<p class=\"wp-block-paragraph\">SEM\/em\/IL<\/p>\n","protected":false},"excerpt":{"rendered":"<p>Se busca, un verdadero acceso a la justicia y proceso reparador.<\/p>\n","protected":false},"author":3,"featured_media":17950,"comment_status":"open","ping_status":"open","sticky":false,"template":"","format":"standard","meta":{"_monsterinsights_skip_tracking":false,"footnotes":""},"categories":[691,129],"tags":[],"class_list":["post-17949","post","type-post","status-publish","format-standard","has-post-thumbnail","category-691","category-convencion-de-belem-do-para"],"_links":{"self":[{"href":"https:\/\/redsemlac.com\/semmexico\/wp-json\/wp\/v2\/posts\/17949","targetHints":{"allow":["GET"]}}],"collection":[{"href":"https:\/\/redsemlac.com\/semmexico\/wp-json\/wp\/v2\/posts"}],"about":[{"href":"https:\/\/redsemlac.com\/semmexico\/wp-json\/wp\/v2\/types\/post"}],"author":[{"embeddable":true,"href":"https:\/\/redsemlac.com\/semmexico\/wp-json\/wp\/v2\/users\/3"}],"replies":[{"embeddable":true,"href":"https:\/\/redsemlac.com\/semmexico\/wp-json\/wp\/v2\/comments?post=17949"}],"version-history":[{"count":0,"href":"https:\/\/redsemlac.com\/semmexico\/wp-json\/wp\/v2\/posts\/17949\/revisions"}],"wp:featuredmedia":[{"embeddable":true,"href":"https:\/\/redsemlac.com\/semmexico\/wp-json\/wp\/v2\/media\/17950"}],"wp:attachment":[{"href":"https:\/\/redsemlac.com\/semmexico\/wp-json\/wp\/v2\/media?parent=17949"}],"wp:term":[{"taxonomy":"category","embeddable":true,"href":"https:\/\/redsemlac.com\/semmexico\/wp-json\/wp\/v2\/categories?post=17949"},{"taxonomy":"post_tag","embeddable":true,"href":"https:\/\/redsemlac.com\/semmexico\/wp-json\/wp\/v2\/tags?post=17949"}],"curies":[{"name":"wp","href":"https:\/\/api.w.org\/{rel}","templated":true}]}}