{"id":17939,"date":"2020-03-09T01:26:32","date_gmt":"2020-03-09T01:26:32","guid":{"rendered":"https:\/\/redsemlac.com\/semmexico\/?p=17939"},"modified":"2023-07-21T15:21:33","modified_gmt":"2023-07-21T20:21:33","slug":"morelos-26","status":"publish","type":"post","link":"https:\/\/redsemlac.com\/semmexico\/morelos-26\/","title":{"rendered":"Feministas de Morelos arrancaron el #8M con funeral simb\u00f3lico y tejido de nombres de v\u00edctimas de feminicidio"},"content":{"rendered":"\n<ul class=\"wp-block-list\"><li><strong>Previo&nbsp;\nhubo&nbsp;una cadena&nbsp;humana, unas rodadas por el Centro hist\u00f3rico y un\nacto cultural&nbsp;<\/strong><\/li><\/ul>\n\n\n\n<p class=\"wp-block-paragraph\"><strong>Estrella&nbsp;\nPedroza&nbsp;<\/strong><\/p>\n\n\n\n<p class=\"wp-block-paragraph\">SemM\u00e9xico. Cuernavaca, Morelos. 08 de marzo 2020.- En\nMorelos&nbsp;feministas iniciaron&nbsp; la Jornada&nbsp; del&nbsp; D\u00eda\nInternacional de la Mujer con un funeral simb\u00f3lico&nbsp; donde&nbsp;\nbordaron&nbsp; toda la noche y madrugada&nbsp; parches con nombres&nbsp; de\nlas&nbsp; 108&nbsp; ni\u00f1as, j\u00f3venes&nbsp; y mujeres&nbsp; v\u00edctimas&nbsp; de\nfeminicidio, en lo que va del&nbsp; sexenio de&nbsp; Cuauht\u00e9moc Blanco\nBravo,&nbsp; para intervenir un ata\u00fad que ser\u00e1 parte de una procesi\u00f3n y\nmarcha&nbsp; que se realizar\u00e1 este domingo&nbsp; para exigir un alto a\nlas&nbsp; violencias contra las&nbsp; mujeres y&nbsp; alto a los\nfeminicidios.&nbsp;<\/p>\n\n\n\n<p class=\"wp-block-paragraph\">Esta&nbsp; actividad , inicialmente&nbsp; estaba&nbsp;\nprogramada&nbsp; para realizarse&nbsp; en&nbsp; &nbsp;los pasillos de Palacio\nde Gobierno &#8211; sede oficial del Poder&nbsp; Ejecutivo-&nbsp; &nbsp;pero&nbsp;\ndebido a los recientes hechos violentos (donde&nbsp; fue asesinado un\ncomerciante&nbsp; en pleno Centro Hist\u00f3rico de Cuernavaca)&nbsp; de\n\u00faltima&nbsp; hora&nbsp; se modific\u00f3 la convocatoria&nbsp; y&nbsp; decidieron\nreunirse en una casa.&nbsp;<\/p>\n\n\n\n<p class=\"wp-block-paragraph\">&nbsp;En&nbsp; agosto&nbsp; del&nbsp; 2015&nbsp; se&nbsp;\ndecret\u00f3&nbsp; Alerta&nbsp; de Violencia de&nbsp; G\u00e9nero (AVG)&nbsp; en esta\nentidad por el alto&nbsp; \u00edndice de&nbsp; violencia&nbsp; feminicida pero\nla&nbsp; violencia no&nbsp; ha parado.<\/p>\n\n\n\n<p class=\"wp-block-paragraph\">Del&nbsp; 2000 a la fecha&nbsp; han ocurrido&nbsp; m\u00e1s&nbsp;\nde&nbsp; mil&nbsp; 30&nbsp; feminicidios&nbsp; de acuerdo a lo documentado por\nla&nbsp; Comisi\u00f3n Independiente&nbsp; de&nbsp; Derechos Humanos (CIDH) .&nbsp;<\/p>\n\n\n\n<p class=\"wp-block-paragraph\">Por esa raz\u00f3n, decenas&nbsp; de&nbsp; mujeres de todas\nlas&nbsp; edades ,&nbsp; j\u00f3venes en su mayor\u00eda, acudieron al&nbsp;\nfuneral&nbsp; como&nbsp; un s\u00edmbolo de uni\u00f3n y acompa\u00f1amiento&nbsp; en el\ndolor&nbsp; de las v\u00edctimas&nbsp; de&nbsp; feminicidio del&nbsp; 2019&nbsp; y\nen lo que va del 2020.&nbsp;<\/p>\n\n\n\n<p class=\"wp-block-paragraph\">&nbsp;\u201c Durante el&nbsp; 2019\nse registraron 100 feminicidios y&nbsp; en lo que va del&nbsp; 2020&nbsp; se\nhan registrado&nbsp; 8 feminicidios en&nbsp; el estado de Morelos,&nbsp; todo\nesto durante la administraci\u00f3n&nbsp; de&nbsp; nuestro&nbsp; gobernador&nbsp;\nCuauht\u00e9moc Blanco y lo \u00fanico que nos hace&nbsp; pensar&nbsp; es que el gobierno\nno tiene&nbsp; protocolos&nbsp; y ninguna manera&nbsp; de frenar&nbsp; este\nproblema\u2026\u201c, sostuvo Coral Arag\u00f3n, feminista.&nbsp;<\/p>\n\n\n\n<p class=\"wp-block-paragraph\">Desde las&nbsp; &nbsp;10 de la noche, tomaron aros, agujas e\nhilos de colores y&nbsp; bordaron los nombres o citaron a las&nbsp; v\u00edctimas,\nentre ellas&nbsp; figur\u00f3 la ni\u00f1a&nbsp; de&nbsp; 5&nbsp; a\u00f1os&nbsp; que fue\nencontrada&nbsp; sin vida&nbsp; en los&nbsp; cultivos de rosa&nbsp; del\nmunicipio de&nbsp; Temixco&nbsp; y Aniel Michelle Blechen Tovar, una&nbsp;\njoven de&nbsp; 16&nbsp; a\u00f1os&nbsp; que fue&nbsp; asesinada&nbsp; en la puerta\nde su casa&nbsp; el 14&nbsp; de febrero.&nbsp;<\/p>\n\n\n\n<p class=\"wp-block-paragraph\">Para las&nbsp; integrantes de los&nbsp; colectivos&nbsp; convocantes,\nMorelos Sin Acoso y Nos Queremos Vivas Morelos, con este acto&nbsp;\nsimb\u00f3lico&nbsp; se honra la memoria&nbsp; de todas las v\u00edctimas de feminicidio\ny&nbsp; se entrelazan las mujeres&nbsp; para&nbsp; &nbsp;en unidad&nbsp;\namortiguar el dolor que experimentan las mujeres&nbsp; vivas que son testigos\ndel horror de una sociedad&nbsp; machista.<\/p>\n\n\n\n<p class=\"wp-block-paragraph\">Mientras bordaban de fondo&nbsp; se escuchaba&nbsp;\nm\u00fasica&nbsp; feminista, entre ellas&nbsp; \u201cSin Miedo\u201d (canci\u00f3n que&nbsp; Mon\nLafarte&nbsp; interpret\u00f3&nbsp; en el Z\u00f3calo de la Ciudad de M\u00e9xico como parte\ndel festival Tiempo de Mujeres 2020).<\/p>\n\n\n\n<p class=\"wp-block-paragraph\"><strong>Actividades previas<\/strong><\/p>\n\n\n\n<p class=\"wp-block-paragraph\">La tarde&nbsp; de&nbsp; este s\u00e1bado, en el Centro Hist\u00f3rico\nde la ciudad&nbsp; se&nbsp; realizaron&nbsp; actividades previas&nbsp;\npara&nbsp; visibilizar las&nbsp; violencias contra las&nbsp; mujeres.&nbsp;<\/p>\n\n\n\n<p class=\"wp-block-paragraph\">Iniciaron con una cadena&nbsp; humana a lo largo de Plaza de\nArmas, situada&nbsp; frente al palacio de gobierno&nbsp; y a unos metros del\nz\u00f3calo de Cuernavaca,&nbsp; convocada&nbsp; por&nbsp; la organizaci\u00f3n&nbsp;\ncivil Comunicaci\u00f3n, Intercambio y Desarrollo Humano en Am\u00e9rica Latina\n(CIDHAL).&nbsp;<\/p>\n\n\n\n<figure class=\"wp-block-gallery columns-2 is-cropped wp-block-gallery-1 is-layout-flex wp-block-gallery-is-layout-flex\"><ul class=\"blocks-gallery-grid\"><li class=\"blocks-gallery-item\"><figure><img decoding=\"async\" src=\"https:\/\/redsemlac.com\/semmexico\/wp-content\/uploads\/2020\/03\/WhatsApp-Image-2020-03-08-at-7.07.29-PM-1-1024x498.jpeg\" alt=\"\" data-id=\"17940\" data-full-url=\"https:\/\/redsemlac.com\/semmexico\/wp-content\/uploads\/2020\/03\/WhatsApp-Image-2020-03-08-at-7.07.29-PM-1.jpeg\" data-link=\"https:\/\/redsemlac.com\/semmexico\/?attachment_id=17940\" class=\"wp-image-17940\"\/><\/figure><\/li><li class=\"blocks-gallery-item\"><figure><img decoding=\"async\" src=\"https:\/\/redsemlac.com\/semmexico\/wp-content\/uploads\/2020\/03\/WhatsApp-Image-2020-03-08-at-7.07.30-PM-1024x498.jpeg\" alt=\"\" data-id=\"17943\" data-full-url=\"https:\/\/redsemlac.com\/semmexico\/wp-content\/uploads\/2020\/03\/WhatsApp-Image-2020-03-08-at-7.07.30-PM.jpeg\" data-link=\"https:\/\/redsemlac.com\/semmexico\/?attachment_id=17943\" class=\"wp-image-17943\"\/><\/figure><\/li><li class=\"blocks-gallery-item\"><figure><img decoding=\"async\" src=\"https:\/\/redsemlac.com\/semmexico\/wp-content\/uploads\/2020\/03\/WhatsApp-Image-2020-03-08-at-7.07.33-PM-1024x498.jpeg\" alt=\"\" data-id=\"17947\" data-full-url=\"https:\/\/redsemlac.com\/semmexico\/wp-content\/uploads\/2020\/03\/WhatsApp-Image-2020-03-08-at-7.07.33-PM.jpeg\" data-link=\"https:\/\/redsemlac.com\/semmexico\/?attachment_id=17947\" class=\"wp-image-17947\"\/><\/figure><\/li><li class=\"blocks-gallery-item\"><figure><img decoding=\"async\" src=\"https:\/\/redsemlac.com\/semmexico\/wp-content\/uploads\/2020\/03\/WhatsApp-Image-2020-03-08-at-7.07.32-PM-1024x498.jpeg\" alt=\"\" data-id=\"17946\" data-full-url=\"https:\/\/redsemlac.com\/semmexico\/wp-content\/uploads\/2020\/03\/WhatsApp-Image-2020-03-08-at-7.07.32-PM.jpeg\" data-link=\"https:\/\/redsemlac.com\/semmexico\/?attachment_id=17946\" class=\"wp-image-17946\"\/><\/figure><\/li><li class=\"blocks-gallery-item\"><figure><img decoding=\"async\" src=\"https:\/\/redsemlac.com\/semmexico\/wp-content\/uploads\/2020\/03\/WhatsApp-Image-2020-03-08-at-7.07.31-PM-1024x498.jpeg\" alt=\"\" data-id=\"17945\" data-full-url=\"https:\/\/redsemlac.com\/semmexico\/wp-content\/uploads\/2020\/03\/WhatsApp-Image-2020-03-08-at-7.07.31-PM.jpeg\" data-link=\"https:\/\/redsemlac.com\/semmexico\/?attachment_id=17945\" class=\"wp-image-17945\"\/><\/figure><\/li><li class=\"blocks-gallery-item\"><figure><img decoding=\"async\" src=\"https:\/\/redsemlac.com\/semmexico\/wp-content\/uploads\/2020\/03\/WhatsApp-Image-2020-03-08-at-7.07.31-PM-1-1024x768.jpeg\" alt=\"\" data-id=\"17944\" data-full-url=\"https:\/\/redsemlac.com\/semmexico\/wp-content\/uploads\/2020\/03\/WhatsApp-Image-2020-03-08-at-7.07.31-PM-1.jpeg\" data-link=\"https:\/\/redsemlac.com\/semmexico\/?attachment_id=17944\" class=\"wp-image-17944\"\/><\/figure><\/li><li class=\"blocks-gallery-item\"><figure><img decoding=\"async\" src=\"https:\/\/redsemlac.com\/semmexico\/wp-content\/uploads\/2020\/03\/WhatsApp-Image-2020-03-08-at-7.07.30-PM-1-1024x307.jpeg\" alt=\"\" data-id=\"17942\" data-full-url=\"https:\/\/redsemlac.com\/semmexico\/wp-content\/uploads\/2020\/03\/WhatsApp-Image-2020-03-08-at-7.07.30-PM-1.jpeg\" data-link=\"https:\/\/redsemlac.com\/semmexico\/?attachment_id=17942\" class=\"wp-image-17942\"\/><\/figure><\/li><\/ul><\/figure>\n\n\n\n<p class=\"wp-block-paragraph\">En este&nbsp; contexto, Ang\u00e9lica S\u00e1nchez, representante\nde&nbsp; CIDHAL, calific\u00f3 de&nbsp; \u201cinadmisible que pr\u00f3ximo a cumplirse 5 a\u00f1os\nde haberse decretado la Alerta de Violencia de G\u00e9nero en Morelos, se tengan\nregistrados 394 feminicidios y se haya incrementado en un 51 por ciento este\ndelito\u201d.<\/p>\n\n\n\n<p class=\"wp-block-paragraph\">Y posteriormente&nbsp; una&nbsp; rodada, organizada por el\ncolectivo Intr\u00e9pidas,&nbsp; que rodaron sus&nbsp; bicicletas&nbsp; por las\nprincipales&nbsp; calles de la ciudad, como&nbsp; muestra&nbsp; de&nbsp;\nrecuperar&nbsp; los espacios&nbsp; p\u00fablicos.&nbsp;<\/p>\n\n\n\n<p class=\"wp-block-paragraph\">Al concluir, Barbar\u00e1 Duran,&nbsp; lanz\u00f3&nbsp; un\npronunciamiento po\u00e9tico,&nbsp; haciendo&nbsp; referencia&nbsp; al&nbsp; Paro\nNacional&nbsp; de Mujeres \u201cun d\u00eda&nbsp; sin mujeres es un d\u00eda sin la mitad de\nla valent\u00eda&nbsp; del mundo&nbsp; Paro porque es necesario&nbsp; hacer un\nsilencio, mirarnos, articular las&nbsp; coincidencias, organizarnos desde ser\ndiversas, reconocernos a nosotras&nbsp; entre nosotras, son momentos de&nbsp;\nhacer clivia, sumar, cada lucha&nbsp; ha sido luchada por&nbsp;\nmujeres\u2026\u201d&nbsp;&nbsp;<\/p>\n\n\n\n<p class=\"wp-block-paragraph\"><strong>Aquelarre Feminista: Yo\nsi te creo<\/strong><\/p>\n\n\n\n<p class=\"wp-block-paragraph\">Con un aquelarre feminista (reuni\u00f3n nocturna de brujas) bajo\nel nombre \u201cFlorecemos en todos los&nbsp; rincones\u201d,&nbsp; j\u00f3venes artistas\nrealizaron&nbsp; un performance para&nbsp; retratar las&nbsp; violencias que\nlas mujeres enfrentan diariamente desde la m\u00e1s sutil hasta una violaci\u00f3n o un\nfeminicidio.<\/p>\n\n\n\n<p class=\"wp-block-paragraph\">\u00abNuestro lema ante cada una de estas violencia es: yo\nsi te creo y exhibici\u00f3n a los violentadores\u00bb, gritaron las artistas.<\/p>\n\n\n\n<p class=\"wp-block-paragraph\">En este contexto, denunciaron el acoso al que por a\u00f1os\nfueron sometidas por Enrique Torres Agat\u00f3n Peralta, profesor del Centro\nMorelense de las Artes (CEMA).<\/p>\n\n\n\n<p class=\"wp-block-paragraph\">&nbsp;Y celebraron&nbsp; que&nbsp; &nbsp;hace&nbsp; unos\nd\u00edas&nbsp; la direcci\u00f3n de&nbsp; esa&nbsp; instancia&nbsp; valid\u00f3 y verific\u00f3\nlas&nbsp; acusaciones&nbsp; por lo que&nbsp; determin\u00f3&nbsp; darlo&nbsp; de\nbaja.&nbsp;<\/p>\n\n\n\n<p class=\"wp-block-paragraph\">&nbsp;\u201cLas feministas y\ncolectivas abajo firmantes, reconocemos y aplaudimos la acci\u00f3n inmediata del\nCMA, sabemos que la omisi\u00f3n y la complicidad en casos de abuso ha permitido que\nlos acosadores sigan actuando en impunidad a lo largo de m\u00e1s de quince a\u00f1os\u201d.<\/p>\n\n\n\n<p class=\"wp-block-paragraph\">Cerraron el aquelarre feminista con canciones feministas\ninterpretadas por La Jijas del Ma\u00edz.&nbsp;<\/p>\n","protected":false},"excerpt":{"rendered":"<p>Previo  hubo una cadena humana, unas rodadas por el Centro hist\u00f3rico y un acto cultural <\/p>\n","protected":false},"author":3,"featured_media":17941,"comment_status":"open","ping_status":"open","sticky":false,"template":"","format":"standard","meta":{"_monsterinsights_skip_tracking":false,"footnotes":""},"categories":[691,54],"tags":[],"class_list":["post-17939","post","type-post","status-publish","format-standard","has-post-thumbnail","category-691","category-mujeres"],"_links":{"self":[{"href":"https:\/\/redsemlac.com\/semmexico\/wp-json\/wp\/v2\/posts\/17939","targetHints":{"allow":["GET"]}}],"collection":[{"href":"https:\/\/redsemlac.com\/semmexico\/wp-json\/wp\/v2\/posts"}],"about":[{"href":"https:\/\/redsemlac.com\/semmexico\/wp-json\/wp\/v2\/types\/post"}],"author":[{"embeddable":true,"href":"https:\/\/redsemlac.com\/semmexico\/wp-json\/wp\/v2\/users\/3"}],"replies":[{"embeddable":true,"href":"https:\/\/redsemlac.com\/semmexico\/wp-json\/wp\/v2\/comments?post=17939"}],"version-history":[{"count":0,"href":"https:\/\/redsemlac.com\/semmexico\/wp-json\/wp\/v2\/posts\/17939\/revisions"}],"wp:featuredmedia":[{"embeddable":true,"href":"https:\/\/redsemlac.com\/semmexico\/wp-json\/wp\/v2\/media\/17941"}],"wp:attachment":[{"href":"https:\/\/redsemlac.com\/semmexico\/wp-json\/wp\/v2\/media?parent=17939"}],"wp:term":[{"taxonomy":"category","embeddable":true,"href":"https:\/\/redsemlac.com\/semmexico\/wp-json\/wp\/v2\/categories?post=17939"},{"taxonomy":"post_tag","embeddable":true,"href":"https:\/\/redsemlac.com\/semmexico\/wp-json\/wp\/v2\/tags?post=17939"}],"curies":[{"name":"wp","href":"https:\/\/api.w.org\/{rel}","templated":true}]}}