{"id":17933,"date":"2020-03-09T00:59:38","date_gmt":"2020-03-09T00:59:38","guid":{"rendered":"https:\/\/redsemlac.com\/semmexico\/?p=17933"},"modified":"2023-07-21T15:21:33","modified_gmt":"2023-07-21T20:21:33","slug":"8m-brasil","status":"publish","type":"post","link":"https:\/\/redsemlac.com\/semmexico\/8m-brasil\/","title":{"rendered":"Fuera Bolsonaro, voz un\u00e1nime de la marcha de mujeres en Sao Paulo"},"content":{"rendered":"\n<p class=\"wp-block-paragraph\"><strong> Miriam Ruiz Mendoza<\/strong><\/p>\n\n\n\n<p class=\"wp-block-paragraph\">SemM\u00e9xico. S\u00e3o Paulo, Brasil. 08 de marzo 2020.- Mujeres de medio centenar de organizaciones marcharon este domingo 8 de marzo sobre la famosa avenida Paulista en S\u00e3o Paulo bajo una lluvia tenue y persistente.\u00a0<\/p>\n\n\n\n<p class=\"wp-block-paragraph\"><br>Sumaban miles y pertenecen a organizaciones de la izquierda partidista, del sindicalismo, movimientos de vivienda y aquellas coaliciones feministas como la campa\u00f1a Pan y Rosas, la Marcha Mundial de Mujeres o la Articulaci\u00f3n Brasile\u00f1a de Mujeres.\u00a0<\/p>\n\n\n\n<figure class=\"wp-block-gallery columns-2 is-cropped wp-block-gallery-1 is-layout-flex wp-block-gallery-is-layout-flex\"><ul class=\"blocks-gallery-grid\"><li class=\"blocks-gallery-item\"><figure><img decoding=\"async\" src=\"https:\/\/redsemlac.com\/semmexico\/wp-content\/uploads\/2020\/03\/IMG_20200308_162420-1024x768.jpg\" alt=\"\" data-id=\"17936\" data-full-url=\"https:\/\/redsemlac.com\/semmexico\/wp-content\/uploads\/2020\/03\/IMG_20200308_162420-scaled.jpg\" data-link=\"https:\/\/redsemlac.com\/semmexico\/?attachment_id=17936\" class=\"wp-image-17936\"\/><\/figure><\/li><li class=\"blocks-gallery-item\"><figure><img decoding=\"async\" src=\"https:\/\/redsemlac.com\/semmexico\/wp-content\/uploads\/2020\/03\/IMG_20200308_162112-1024x768.jpg\" alt=\"\" data-id=\"17935\" data-full-url=\"https:\/\/redsemlac.com\/semmexico\/wp-content\/uploads\/2020\/03\/IMG_20200308_162112-scaled.jpg\" data-link=\"https:\/\/redsemlac.com\/semmexico\/?attachment_id=17935\" class=\"wp-image-17935\"\/><\/figure><\/li><li class=\"blocks-gallery-item\"><figure><img decoding=\"async\" src=\"https:\/\/redsemlac.com\/semmexico\/wp-content\/uploads\/2020\/03\/IMG_20200308_160522-1024x768.jpg\" alt=\"\" data-id=\"17934\" data-full-url=\"https:\/\/redsemlac.com\/semmexico\/wp-content\/uploads\/2020\/03\/IMG_20200308_160522-scaled.jpg\" data-link=\"https:\/\/redsemlac.com\/semmexico\/?attachment_id=17934\" class=\"wp-image-17934\"\/><\/figure><\/li><\/ul><\/figure>\n\n\n\n<p class=\"wp-block-paragraph\"><br>Para la marcha de 8 de marzo de 2020, por encima de exigencias sobre salarios iguales, aborto libre, justicia para la activista Marielle Franco o alto al feminicidio, se consens\u00f3 un mensaje claro: Fuera Bolsonaro.\u00a0<\/p>\n\n\n\n<p class=\"wp-block-paragraph\"><br>Las consignas contra el gobierno acusado desde ser de extrema derecha hasta fascista se han creado por las feministas desde la llegada al poder de Jair Bolsonaro quien prohibi\u00f3 hablar de g\u00e9nero en las escuelas y design\u00f3 a Damares Alvez como ministra de la Mujer, Familia y Derechos Humanos.\u00a0<\/p>\n\n\n\n<p class=\"wp-block-paragraph\"><br>Alvez, pastora evang\u00e9lica, ha dicho que las ni\u00f1as visten de rosa y los ni\u00f1os de azul, entre otras declaraciones contra los derechos humanos. <\/p>\n","protected":false},"excerpt":{"rendered":"<p>Sumaban miles y pertenecen a organizaciones de la izquierda partidista, del sindicalismo, movimientos de vivienda y aquellas coaliciones feministas como la campa\u00f1a Pan y Rosas, la Marcha Mundial de Mujeres o la Articulaci\u00f3n Brasile\u00f1a de Mujeres. <\/p>\n","protected":false},"author":3,"featured_media":17937,"comment_status":"open","ping_status":"open","sticky":false,"template":"","format":"standard","meta":{"_monsterinsights_skip_tracking":false,"footnotes":""},"categories":[691,53],"tags":[],"class_list":["post-17933","post","type-post","status-publish","format-standard","has-post-thumbnail","category-691","category-internacional"],"_links":{"self":[{"href":"https:\/\/redsemlac.com\/semmexico\/wp-json\/wp\/v2\/posts\/17933","targetHints":{"allow":["GET"]}}],"collection":[{"href":"https:\/\/redsemlac.com\/semmexico\/wp-json\/wp\/v2\/posts"}],"about":[{"href":"https:\/\/redsemlac.com\/semmexico\/wp-json\/wp\/v2\/types\/post"}],"author":[{"embeddable":true,"href":"https:\/\/redsemlac.com\/semmexico\/wp-json\/wp\/v2\/users\/3"}],"replies":[{"embeddable":true,"href":"https:\/\/redsemlac.com\/semmexico\/wp-json\/wp\/v2\/comments?post=17933"}],"version-history":[{"count":0,"href":"https:\/\/redsemlac.com\/semmexico\/wp-json\/wp\/v2\/posts\/17933\/revisions"}],"wp:featuredmedia":[{"embeddable":true,"href":"https:\/\/redsemlac.com\/semmexico\/wp-json\/wp\/v2\/media\/17937"}],"wp:attachment":[{"href":"https:\/\/redsemlac.com\/semmexico\/wp-json\/wp\/v2\/media?parent=17933"}],"wp:term":[{"taxonomy":"category","embeddable":true,"href":"https:\/\/redsemlac.com\/semmexico\/wp-json\/wp\/v2\/categories?post=17933"},{"taxonomy":"post_tag","embeddable":true,"href":"https:\/\/redsemlac.com\/semmexico\/wp-json\/wp\/v2\/tags?post=17933"}],"curies":[{"name":"wp","href":"https:\/\/api.w.org\/{rel}","templated":true}]}}