{"id":17930,"date":"2020-03-09T00:17:21","date_gmt":"2020-03-09T00:17:21","guid":{"rendered":"https:\/\/redsemlac.com\/semmexico\/?p=17930"},"modified":"2023-07-21T15:21:33","modified_gmt":"2023-07-21T20:21:33","slug":"la-cidh-pide-a-los-gobiernos-latinoamericanos-que-protejan-a-las-mujeres","status":"publish","type":"post","link":"https:\/\/redsemlac.com\/semmexico\/la-cidh-pide-a-los-gobiernos-latinoamericanos-que-protejan-a-las-mujeres\/","title":{"rendered":"La CIDH pide a los gobiernos latinoamericanos que protejan a las mujeres"},"content":{"rendered":"\n<p class=\"wp-block-paragraph\"><strong>Por Concha Moreno <\/strong><\/p>\n\n\n\n<p class=\"wp-block-paragraph\">SemM\u00e9xico\/Periodistas En Espa\u00f1ol. 08 de marzo 2020.- En el\nmarco del D\u00eda Internacional de la Mujer, la Comisi\u00f3n Interamericana de Derechos\nHumanos (CIDH) llama a los Estados de la regi\u00f3n a seguir avanzando en la\nadopci\u00f3n de medidas de protecci\u00f3n integral hacia las mujeres a partir de un\nenfoque interseccional, teniendo en cuenta los contextos y condiciones que\npotencializan la violencia y la discriminaci\u00f3n en su contra.<\/p>\n\n\n\n<p class=\"wp-block-paragraph\">Para ello, insta a los pa\u00edses a que implementen medidas\norientadas a prevenir, sancionar y erradicar la violencia y la discriminaci\u00f3n\nen contra de las mujeres, y que tengan en cuenta la desigualdad en las\nrelaciones de poder entre mujeres y varones.<\/p>\n\n\n\n<p class=\"wp-block-paragraph\">Reconocen que algunos Estados han avanzado algo, y que sus\nesfuerzos incluyen pol\u00edticas p\u00fablicas, decisiones judiciales, legislaci\u00f3n, y\notras normativas que buscan garantizar a las mujeres el acceso a la justicia y\na la salud con perspectiva de g\u00e9nero; adem\u00e1s, han implementado medidas\nenfocadas a corregir la discriminaci\u00f3n hist\u00f3rica en la vida pol\u00edtica, y\npriorizan el cambio cultural mediante una educaci\u00f3n con perspectiva de g\u00e9nero.<\/p>\n\n\n\n<p class=\"wp-block-paragraph\">En concreto, se refieren a Per\u00fa, Chile y Argentina, donde ya\nexisten leyes que sanciona el acoso callejero a nivel nacional.<\/p>\n\n\n\n<p class=\"wp-block-paragraph\"><strong>La violencia persiste<\/strong><\/p>\n\n\n\n<p class=\"wp-block-paragraph\">No obstante, la Comisi\u00f3n advierte con preocupaci\u00f3n la\npersistencia de violencia y la discriminaci\u00f3n en contra de las mujeres que se\nmanifiestan de distintas maneras. Porque las mujeres siguen siendo v\u00edctimas de\nasesinatos, desapariciones, trata de personas, violencia sexual, discriminaci\u00f3n\ny acoso laboral, embarazos precoces y matrimonio infantil.<\/p>\n\n\n\n<p class=\"wp-block-paragraph\">Destaca que dicha violencia y discriminaci\u00f3n en contra de\nlas mujeres se ve agravada, de manera particular, por factores como origen\n\u00e9tnico racial, clase, orientaci\u00f3n sexual, identidad de g\u00e9nero, estatus\nmigratorio, expresi\u00f3n de g\u00e9nero, discapacidad, por su condici\u00f3n de ni\u00f1as o\nadultas mayores, o por ejercer la defensa de los derechos humanos, territorio y\nmedio ambiente. Aunado a ello, la subsistencia de obst\u00e1culos serios en los\nsistemas de administraci\u00f3n de justicia les impide tener un acceso oportuno a medidas\nde restauraci\u00f3n, reparaci\u00f3n y protecci\u00f3n integral.<\/p>\n\n\n\n<p class=\"wp-block-paragraph\">Adem\u00e1s, la Comisi\u00f3n nota la existencia de distintos\nobst\u00e1culos que afectan el ejercicio de los derechos pol\u00edticos de las mujeres,\nempezando por la prevalencia de estereotipos de g\u00e9nero discriminatorios, que\nlas encasillan en el \u00e1mbito dom\u00e9stico y desconocen su rol fundamental en el\nespacio de participaci\u00f3n representativa. En ese contexto, aquellas mujeres que\nse involucran activamente en la vida pol\u00edtica de sus pa\u00edses enfrentan numerosas\nformas de violencia que restringen e inhiben su participaci\u00f3n, incluyendo actos\ncomo la quema de materiales de campa\u00f1a electoral y acoso y presiones para que\nrenuncien a sus cargos y, en especial, el acoso y los ataques basados en g\u00e9nero\nen redes sociales; as\u00ed como amenazas de violencia sexual y de muerte e incluso,\nasesinatos.<\/p>\n\n\n\n<p class=\"wp-block-paragraph\">Esta organizaci\u00f3n tambi\u00e9n es consciente de la creciente\ntendencia de discursos estereotipados pronunciados por altas autoridades\np\u00fablicas, en los que incluso se culpabiliza a la mujer de los abusos que son\nv\u00edctimas. Por ello, recuerda a los funcionarios con responsabilidades pol\u00edticas\nque tienen obligaciones particulares al pronunciarse sobre las mujeres y que\ndeben, con sus expresiones, contribuir a combatir la violencia de g\u00e9nero.<\/p>\n\n\n\n<p class=\"wp-block-paragraph\"><strong>Los grupos m\u00e1s\ncastigados<\/strong><\/p>\n\n\n\n<p class=\"wp-block-paragraph\">Las mujeres con discapacidad a menudo sufren privaci\u00f3n de su\nautonom\u00eda y movilidad, al estar expuestas a un riesgo mayor, dentro y fuera del\nhogar, de violencia, lesiones o abuso, abandono o trato negligente, malos\ntratos o explotaci\u00f3n. En similar sentido, las mujeres adultas mayores sufren\nabandono o trato negligente, y la violencia intrafamiliar practicada por\ncompa\u00f1eros \u00edntimos o familiares cercanos, incluidos actos de violencia f\u00edsica,\nemocional y comportamientos de control.<\/p>\n\n\n\n<p class=\"wp-block-paragraph\">En ese particular, la CIDH destaca la Sentencia T-573-16, de\nla Corte Constitucional de Colombia, que en 2018 consider\u00f3 que ninguna\ncircunstancia habilita la adopci\u00f3n de decisiones que incumben a las mujeres con\ndiscapacidad por v\u00eda del consentimiento sustituto en materia de sus derechos\nsexuales y reproductivos.<\/p>\n\n\n\n<p class=\"wp-block-paragraph\">Por otra parte, la Comisi\u00f3n hace un registro de los patrones\nde violencia basados en g\u00e9nero y potencializados por el origen \u00e9tnico-racial de\nlas v\u00edctimas y enmarcados en un contexto de profunda exclusi\u00f3n socioecon\u00f3mica.\nEn ese sentido, la CIDH llama la atenci\u00f3n a los estereotipos raciales que\ngeneran la objetificaci\u00f3n, sexualizaci\u00f3n e inferiorizaci\u00f3n de las mujeres\nafrodescendientes como resultado de procesos hist\u00f3ricos de esclavitud,\ncolonialismo, explotaci\u00f3n y exclusi\u00f3n social. Dichas pr\u00e1cticas se reflejan en\nlas altas tasas de feminicidios, en la violencia sexual como pr\u00e1ctica social\nsist\u00e9mica y en la violencia obst\u00e9trica.<\/p>\n\n\n\n<p class=\"wp-block-paragraph\">La Comisi\u00f3n destaca que la violencia basada en g\u00e9nero afecta\ngravemente el desarrollo integral de las ni\u00f1as y adolescentes, y tiene un\nimpacto significativo al reducir y afectar sus oportunidades de desarrollo\npersonal, educativo, profesional, y en su capacidad de tomar decisiones\nimportantes sobre sus vidas. La violencia reproduce ciclos de pobreza y\nexclusi\u00f3n de las ni\u00f1as y adolescentes, al someterlas desde una edad temprana a\ncomportamientos definidos por patrones socioculturales de discriminaci\u00f3n y\nroles estereotipados de la mujer, provocando da\u00f1os f\u00edsicos y psicol\u00f3gicos, e\nimpidiendo el libre ejercicio de sus derechos humanos, as\u00ed como la capacidad de\ndesarrollar todo su potencial y sus habilidades.<\/p>\n\n\n\n<p class=\"wp-block-paragraph\">Respecto a las mujeres ind\u00edgenas, la Comisi\u00f3n observa que la\nfalta de armonizaci\u00f3n entre leyes y medidas estatales y las pr\u00e1cticas ancestrales\nde los pueblos ind\u00edgenas, ha generado da\u00f1os f\u00edsicos, psicol\u00f3gicos,\nespirituales, sexuales y econ\u00f3micos a las mujeres ind\u00edgenas. En particular,\ndestaca los procesos de asimilaci\u00f3n cultural forzosa que padecen; la\nexplotaci\u00f3n o esclavizaci\u00f3n para ejercer labores dom\u00e9sticas, incluso desde\ntemprana edad; la criminalizaci\u00f3n de la protesta social por la defensa de la\ntierra territorios, y medio ambiente; programas y pr\u00e1cticas de esterilizaci\u00f3n\nforzada, entre otros.<\/p>\n\n\n\n<p class=\"wp-block-paragraph\">Sobre esta tem\u00e1tica, la CIDH destaca la Ley del Instituto\nNacional de Los Pueblos Ind\u00edgenas de M\u00e9xico, de 2018, cuyo fin es garantizar,\npromover e instrumentar las medidas y acciones para el reconocimiento, respeto\ny ejercicio de los derechos y el desarrollo integral de las mujeres ind\u00edgenas.<\/p>\n\n\n\n<p class=\"wp-block-paragraph\">Por otra parte, la CIDH sigue identificado profundos\ndesaf\u00edos relacionados a mujeres en el contexto de migraciones, desplazamiento\nforzado y situaciones de emergencia. Han constatado que las mujeres y ni\u00f1as\nsufren, en los distintos escenarios de movilidad humana, mayores riesgos y\nvulneraciones concretas a sus derechos, y que tal violencia se produce tanto en\nlos contextos de origen, frecuentemente a causa de los desplazamientos, como en\nlos pa\u00edses de tr\u00e1nsito y destino. Adem\u00e1s ha recabado informaci\u00f3n acerca del\nimpacto desproporcional de los desastres naturales, conflictos armados y otros\nprocesos de desestabilizaci\u00f3n que generan procesos de movilidad humana sobre\nlas mujeres, y las dificultades adicionales que padecen antes de poder recibir\nasistencia y acompa\u00f1amiento.<\/p>\n\n\n\n<p class=\"wp-block-paragraph\">En estos contextos, las mujeres quedan en condiciones\nextremamente vulnerables a ser objeto de amenazas y extorsiones, en particular,\ncuando son mujeres adultas mayores o no poseen los recursos econ\u00f3micos\nnecesarios o estatus migratorio regular en el pa\u00eds de destino. En el mismo\nsentido, mujeres y ni\u00f1as est\u00e1n sobrerrepresentadas entre las v\u00edctimas de trata\nde personas, acoso, explotaci\u00f3n laboral y sexual, as\u00ed como encuentran m\u00e1s\nbarreras de acceso a servicios esenciales como salud, educaci\u00f3n; al acceso\neficaz a sus derechos econ\u00f3micos, sociales y culturales.<\/p>\n\n\n\n<p class=\"wp-block-paragraph\">Una vez m\u00e1s, destaca que las mujeres lesbianas, bisexuales,\ntrans e intersex sufren m\u00faltiples actos de discriminaci\u00f3n y violencia basados\nen su g\u00e9nero, su orientaci\u00f3n sexual, identidad y\/o expresi\u00f3n de g\u00e9nero, y\ncaracter\u00edsticas sexuales.<\/p>\n\n\n\n<p class=\"wp-block-paragraph\">A todo lo anterior se suma la situaci\u00f3n de empobrecimiento\nmaterial de las mujeres, el empeoramiento de sus condiciones de vida y, lo que\nes a\u00fan m\u00e1s grave, la alarmante tasa de feminicidios registradas por la Comisi\u00f3n\nEcon\u00f3mica para Am\u00e9rica Latina (Cepal) en la regi\u00f3n, en particular en El\nSalvador, Honduras, Bolivia, Guatemala y Rep\u00fablica Dominicana en 2018. En ese\ncontexto, la Comisi\u00f3n afirma que dicho fen\u00f3meno no obedece a hechos aislados de\nviolencia, sino que forma parte de una cultura social de construcci\u00f3n de\nestereotipos negativos y que buscan hacer inferiores a las mujeres.<\/p>\n\n\n\n<p class=\"wp-block-paragraph\">Por \u00faltimo, la CIDH hace un llamamiento a los pa\u00edses de la\nregi\u00f3n a que avancen con proyectos educativos que contemplen la perspectiva de\ng\u00e9nero, as\u00ed como la promoci\u00f3n de eventos de capacitaci\u00f3n de las personas que\nejercen funci\u00f3n p\u00fablica dentro de las instituciones del Estado.<\/p>\n","protected":false},"excerpt":{"rendered":"<p>Llama a los Estados de la regi\u00f3n a seguir avanzando en la adopci\u00f3n de medidas de protecci\u00f3n integral hacia las mujeres a partir de un enfoque interseccional.<\/p>\n","protected":false},"author":3,"featured_media":17931,"comment_status":"open","ping_status":"open","sticky":false,"template":"","format":"standard","meta":{"_monsterinsights_skip_tracking":false,"footnotes":""},"categories":[691,53],"tags":[],"class_list":["post-17930","post","type-post","status-publish","format-standard","has-post-thumbnail","category-691","category-internacional"],"_links":{"self":[{"href":"https:\/\/redsemlac.com\/semmexico\/wp-json\/wp\/v2\/posts\/17930","targetHints":{"allow":["GET"]}}],"collection":[{"href":"https:\/\/redsemlac.com\/semmexico\/wp-json\/wp\/v2\/posts"}],"about":[{"href":"https:\/\/redsemlac.com\/semmexico\/wp-json\/wp\/v2\/types\/post"}],"author":[{"embeddable":true,"href":"https:\/\/redsemlac.com\/semmexico\/wp-json\/wp\/v2\/users\/3"}],"replies":[{"embeddable":true,"href":"https:\/\/redsemlac.com\/semmexico\/wp-json\/wp\/v2\/comments?post=17930"}],"version-history":[{"count":0,"href":"https:\/\/redsemlac.com\/semmexico\/wp-json\/wp\/v2\/posts\/17930\/revisions"}],"wp:featuredmedia":[{"embeddable":true,"href":"https:\/\/redsemlac.com\/semmexico\/wp-json\/wp\/v2\/media\/17931"}],"wp:attachment":[{"href":"https:\/\/redsemlac.com\/semmexico\/wp-json\/wp\/v2\/media?parent=17930"}],"wp:term":[{"taxonomy":"category","embeddable":true,"href":"https:\/\/redsemlac.com\/semmexico\/wp-json\/wp\/v2\/categories?post=17930"},{"taxonomy":"post_tag","embeddable":true,"href":"https:\/\/redsemlac.com\/semmexico\/wp-json\/wp\/v2\/tags?post=17930"}],"curies":[{"name":"wp","href":"https:\/\/api.w.org\/{rel}","templated":true}]}}