{"id":17916,"date":"2020-03-08T19:55:08","date_gmt":"2020-03-08T19:55:08","guid":{"rendered":"https:\/\/redsemlac.com\/semmexico\/?p=17916"},"modified":"2023-07-21T15:21:34","modified_gmt":"2023-07-21T20:21:34","slug":"para-la-justicia-militar-fue-suicidio-para-la-familia-feminicidio","status":"publish","type":"post","link":"https:\/\/redsemlac.com\/semmexico\/para-la-justicia-militar-fue-suicidio-para-la-familia-feminicidio\/","title":{"rendered":"Para la \u201cjusticia militar\u201d fue suicidio; para la familia, feminicidio"},"content":{"rendered":"\n<p class=\"wp-block-paragraph\"><strong>Paulina R\u00edos Olivera<\/strong><\/p>\n\n\n\n<p class=\"wp-block-paragraph\">SemM\u00e9xico\/Pagina3. OAXACA. 08 de marzo 2020.- &nbsp;Susana Sayas Garc\u00eda era subteniente intendente\ny viv\u00eda en una base militar. El 8 de marzo de 2019 aparece herida de muerte y\nla Sedena dice que es suicidio, aunque las pruebas apuntan a feminicidio.<\/p>\n\n\n\n<p class=\"wp-block-paragraph\">\u00bfQu\u00e9 pas\u00f3? \u00bfQu\u00e9 trata de ocultar la Sedena?<\/p>\n\n\n\n<p class=\"wp-block-paragraph\">A las 04:30 horas del 8 de marzo de 2019, la subteniente\nintendente Susana Sayas Garc\u00eda \u201cdecide suicidarse\u201d en la base militar del 37\nBatall\u00f3n de Infanter\u00eda, ubicado en Villahermosa, Tabasco. <\/p>\n\n\n\n<p class=\"wp-block-paragraph\">El primer peritaje establece que la prueba de radizonato de\nsodio que le aplicaron es negativa. Uno m\u00e1s hecho en la necropsia, cinco d\u00edas\ndespu\u00e9s, arroja el mismo resultado: negativo.<\/p>\n\n\n\n<p class=\"wp-block-paragraph\">Ha pasado un a\u00f1o y pese a los peritajes y testimonios, la\nFiscal\u00eda militar no acepta que se trate de un feminicidio; sin embargo, Carmen\nPech Calzada cree que a\u00fan puede obtener justicia para su sobrina. \u00bfQu\u00e9\ndescubri\u00f3 Susana Sayas en el campo militar que le llev\u00f3 a la muerte?<\/p>\n\n\n\n<p class=\"wp-block-paragraph\">Carmen, la t\u00eda de Susana, asegura que el capit\u00e1n dijo que el\nd\u00eda de los hechos sali\u00f3 de viaje, \u201cpero no es cierto, no pudo comprobar que\nefectivamente estuvo fuera.<\/p>\n\n\n\n<p class=\"wp-block-paragraph\">\u201cElla (Susana) manejaba y repart\u00eda los recursos en la zona\nde ah\u00ed, esa era su comisi\u00f3n. A las 5 de la ma\u00f1ana iba a salir de Villahermosa a\nTuxtla Guti\u00e9rrez, Chiapas, a donde iba a dejar recursos (alimentos e insumos)\npara la tropa.<\/p>\n\n\n\n<p class=\"wp-block-paragraph\">\u201cY qu\u00e9 casualidad que a las cuatro y media la mataron, con\nla pistola de su capit\u00e1n. <\/p>\n\n\n\n<p class=\"wp-block-paragraph\">\u201cElla hab\u00eda dicho d\u00edas antes que parec\u00eda que el Capit\u00e1n\nestaba haciendo malos manejos de los recursos, y ella era una persona \u00edntegra y\nque no le gustaban ese tipo de cosas.<\/p>\n\n\n\n<p class=\"wp-block-paragraph\">Tambi\u00e9n comenta que Susana les dijo d\u00edas antes de su muerte\nque el Capit\u00e1n le hac\u00eda la vida imposible. <\/p>\n\n\n\n<p class=\"wp-block-paragraph\">Les impon\u00eda (a ella y algunas de sus compa\u00f1eras) ir a las\nreuniones a las que ellos iban, y si no iba con el Mayor y sus otros jefes, las\ncastigaban.<\/p>\n\n\n\n<p class=\"wp-block-paragraph\">\u201c\u00bfY cu\u00e1les eran esas reuniones? Eran reuniones donde ellos\nse embrutec\u00edan, tragaban licor y que a fuerza ten\u00edan que estar, que no pod\u00edan\nsalirse, por obediencia\u201d, se\u00f1ala Carmen Pech tras sostener que no tiene miedo\nde hablar, porque quiere justicia.<\/p>\n\n\n\n<p class=\"wp-block-paragraph\">Susana Sayas Garc\u00eda es su sobrina e hija de crianza, naci\u00f3\nen el municipio de Salina Cruz, en la regi\u00f3n del Istmo de Tehuantepec, en el\nestado de Oaxaca.<\/p>\n\n\n\n<p class=\"wp-block-paragraph\">Nieta de una de sus hermanas, Susana tuvo una vida azarosa\nen la que enfrent\u00f3 hasta abusos sexuales en la infancia y que pese a ello logr\u00f3\nsalir adelante. Cuando tuvo la edad suficiente se enrol\u00f3 en el Ej\u00e9rcito\nMexicano, narra Carmen Pech.<\/p>\n\n\n\n<p class=\"wp-block-paragraph\">Tras concluir su carrera militar, Susana Sayas es enviada a\nla base de Astata, en Villahermosa, Tabasco. Apenas ten\u00eda cuatro meses que\nhab\u00eda egresado. Era amante de los deportes y de su carrera. <\/p>\n\n\n\n<p class=\"wp-block-paragraph\">Todo iba bien, estaba feliz, dice con tristeza Carmen, la\nt\u00eda de Susana.<\/p>\n\n\n\n<p class=\"wp-block-paragraph\">\u201cA las 4.30 de la ma\u00f1ana se sucedi\u00f3 un incidente en la base\nmilitar del 37 Batall\u00f3n de Infanter\u00eda, ubicado en Villahermosa, Tabasco.<\/p>\n\n\n\n<p class=\"wp-block-paragraph\">\u201cNos avisaron alrededor de las 5 de la ma\u00f1ana, que mi\nsobrina la subcomandante Susana Sayas Garc\u00eda se dio un balazo en la sien.<\/p>\n\n\n\n<p class=\"wp-block-paragraph\">Todav\u00eda estaba viva. La Sedena nos avisa, porque todav\u00eda\nestaba viva\u201d, recuerda.<\/p>\n\n\n\n<p class=\"wp-block-paragraph\">Pese a contar con ambulancia a\u00e9rea, la Sedena traslada v\u00eda\nterrestre a Susana a un hospital de M\u00e9rida, lugar al que familiares de la\nv\u00edctima tambi\u00e9n llegan. \u201cEstaban dando tiempo para ella muriera\u201d, eso me queda\nclaro, afirma la t\u00eda de Susana.<\/p>\n\n\n\n<p class=\"wp-block-paragraph\">Uno de los primeros comentarios que recibe la familia de\nSusana es del m\u00e9dico militar que la recibe y les dice que se trata de un\nhomicidio no de un suicidio. <\/p>\n\n\n\n<p class=\"wp-block-paragraph\">\u201cSuponemos que lo dijo por la forma de la herida y la\ntrayectoria de la bala, pero tambi\u00e9n porque dijo: A ella (Susana), su capit\u00e1n\nla asesin\u00f3. Eso dice el m\u00e9dico, el de M\u00e9rida, el que la recibe\u201d, asevera Carmen\nal recordar lo que supo otra de sus sobrinas -Martha- que tambi\u00e9n es militar y\nquien fue la primera en llegar a M\u00e9rida y escuchar al m\u00e9dico.<\/p>\n\n\n\n<p class=\"wp-block-paragraph\"><strong>El \u201csuicidio\u201d<\/strong><\/p>\n\n\n\n<p class=\"wp-block-paragraph\">Susana Sayas vive en la base militar de 37 Batall\u00f3n de\nInfanter\u00eda y compart\u00eda habitaci\u00f3n con una dentista, ubicada casi a la entrada\ndel edificio. <\/p>\n\n\n\n<p class=\"wp-block-paragraph\">De la puerta de entrada hacia el interior, despu\u00e9s de las\nhabitaciones, est\u00e1 ubicado el comedor y hasta el fondo la habitaci\u00f3n del\ncapit\u00e1n de Susana, donde ocurri\u00f3 el crimen.<\/p>\n\n\n\n<p class=\"wp-block-paragraph\">\u201cDicen que ella tom\u00f3 el camino desde la entrada, camin\u00f3 todo\nhasta el fondo, dando varias vueltas para llegar a la habitaci\u00f3n del capit\u00e1n y\nah\u00ed tom\u00f3 el arma 380 de su capit\u00e1n para suicidarse ah\u00ed.<\/p>\n\n\n\n<p class=\"wp-block-paragraph\">\u201cAhora, lo m\u00e1s l\u00f3gico era que si quer\u00eda suicidarse, entrara\na su cuarto y tomara su arma, porque ella tambi\u00e9n ten\u00eda su arma de cargo ah\u00ed.\nHab\u00eda dos armas de cargo ah\u00ed, la de la subteniente Ver\u00f3nica y la de ella.<\/p>\n\n\n\n<p class=\"wp-block-paragraph\">\u00bfEntonces c\u00f3mo es posible que ella diera tantas vueltas\ncuando en todo caso pudo irse a su habitaci\u00f3n y \u201csuicidarse\u201d ah\u00ed?<\/p>\n\n\n\n<p class=\"wp-block-paragraph\">Despu\u00e9s de los hechos, tambi\u00e9n hubo irregularidades. <\/p>\n\n\n\n<p class=\"wp-block-paragraph\">\u201cLleg\u00f3 un primer MP Militar que no sab\u00eda hacer las cosas.\nLevant\u00f3 el arma, la cambi\u00f3 de lugar, y eso me generan muchas dudas\u201d. <\/p>\n\n\n\n<p class=\"wp-block-paragraph\">Esa informaci\u00f3n la obtuve extraoficialmente y fuera del\ncampo militar, para que indagara m\u00e1s, pero las personas que le confiaron esos\ndatos le pidieron que no fueran involucradas.<\/p>\n\n\n\n<p class=\"wp-block-paragraph\">Carmen refiere que antes de ser trasladada a M\u00e9rida, a\nSusana le toman muestras para an\u00e1lisis de residuos met\u00e1licos -la prueba de\nradizonato de sodio-, la cual sale negativa. Es decir, ella nunca habr\u00eda\naccionado un arma antes de caer herida.<\/p>\n\n\n\n<p class=\"wp-block-paragraph\">Aunado a los supuestos errores del Ministerio P\u00fablico\nmilitar, se suma una posible negligencia en la atenci\u00f3n m\u00e9dica para Susana,\npues en lugar de ser trasladada en ambulancia a\u00e9rea, la llevan v\u00eda terrestre y\ndilatan su atenci\u00f3n.<\/p>\n\n\n\n<p class=\"wp-block-paragraph\">\u201cMi sobrina llega a la ciudad de M\u00e9rida hasta el d\u00eda 9 y la\noperan hasta la ma\u00f1ana del lunes 11 de marzo y fallece el 13\u201d; no permiten la\nentrada a nadie, pero a la familia no pudieron evitarla, no quer\u00edan que le\nhicieran preguntas\u201d.<\/p>\n\n\n\n<p class=\"wp-block-paragraph\">Cuando el caso estaba fresco, abunda Carmen, le ped\u00ed a\nCordero que me ayudara, en referencia a la petici\u00f3n que hizo a la titular de la\nSecretar\u00eda de Gobernaci\u00f3n (Segob), Olga S\u00e1nchez Cordero, para que hubiera\njusticia, pero no fue respaldada.<\/p>\n\n\n\n<p class=\"wp-block-paragraph\">\u201cHice muchos viajes a la Ciudad de M\u00e9xico y en una de esas\nme fui a la Secretar\u00eda de Gobernaci\u00f3n a decirle a la secretaria de Gobernaci\u00f3n,\nCordero, porque desde un principio se vio la mala fe de la Sedena. Le puedo\nense\u00f1ar toda la carpeta de investigaci\u00f3n, todo lo que he solicitado se hacen\u2026 y\nno me entregan nada. <\/p>\n\n\n\n<p class=\"wp-block-paragraph\">Siento una gran frustraci\u00f3n porque no conseguimos justicia.\nTodas las pruebas apuntan al capit\u00e1n, narra con la voz entrecortada por la\nrabia y las l\u00e1grimas que busca contener.<\/p>\n\n\n\n<p class=\"wp-block-paragraph\">Cuando Susana fallece, solicito al gobierno del estado de\nYucat\u00e1n que haga la autopsia a Susana y no los m\u00e9dicos militares. El gobierno\nla hace y en su dictamen establece que no hab\u00eda residuos met\u00e1licos en el cuerpo\nde Susana.<\/p>\n\n\n\n<p class=\"wp-block-paragraph\">\u201cDos pruebas con las mismas circunstancias no pueden estar\nequivocadas. Qu\u00e9 injusticia\u201d, se\u00f1ala mientras muestra una copia de los\ndict\u00e1menes.<\/p>\n\n\n\n<p class=\"wp-block-paragraph\">La \u201cmuerte\u201d de Susana est\u00e1 en la carpeta de investigaci\u00f3n\nG1\/2564\/2019, de la Fiscal\u00eda de Yucat\u00e1n, aunque la Fiscal\u00eda Militar de\nInvestigaci\u00f3n del Delito y Control de Procesos, con sede en Villahermosa,\nTabasco, inici\u00f3 la carpeta de investigaci\u00f3n FGJM\/VILLAHERMOSA\/17\/2019, por el\ndelito de lesiones, y nunca reclasific\u00f3 a feminicidio.<\/p>\n\n\n\n<p class=\"wp-block-paragraph\">Hasta la fecha, las autoridades militares mantienen el\nargumento de que Susana se suicid\u00f3, pese a que los dos dict\u00e1menes periciales\nforenses se\u00f1alaron que no encontraron rastros de p\u00f3lvora en sus brazos.<\/p>\n\n\n\n<p class=\"wp-block-paragraph\">Y pese a que todo parece indicar que el caso podr\u00eda ser\ncerrado como suicidio, Carmen Pech a\u00fan mantiene la esperanza de que haya\njusticia para su sobrina y no cejar\u00e1 en su empe\u00f1o de que se reconozca que fue\nun feminicidio y que el culpable reciba el castigo correspondiente.<\/p>\n\n\n\n<p class=\"wp-block-paragraph\">La PRUEBA DE RODIZONATO DE SODIO es una de las m\u00e1s empleadas en\u00a0M\u00e9xico como prueba presuntiva para la detecci\u00f3n de residuos met\u00e1licos\u00a0provenientes del disparo de un arma de fuego.<\/p>\n\n\n\n<p class=\"wp-block-paragraph\">SEM\/P\u00e1gina3<\/p>\n","protected":false},"excerpt":{"rendered":"<p>\u00bfQu\u00e9 pas\u00f3? \u00bfQu\u00e9 trata de ocultar la Sedena?<\/p>\n","protected":false},"author":3,"featured_media":17917,"comment_status":"open","ping_status":"open","sticky":false,"template":"","format":"standard","meta":{"_monsterinsights_skip_tracking":false,"footnotes":""},"categories":[691,54],"tags":[],"class_list":["post-17916","post","type-post","status-publish","format-standard","has-post-thumbnail","category-691","category-mujeres"],"_links":{"self":[{"href":"https:\/\/redsemlac.com\/semmexico\/wp-json\/wp\/v2\/posts\/17916","targetHints":{"allow":["GET"]}}],"collection":[{"href":"https:\/\/redsemlac.com\/semmexico\/wp-json\/wp\/v2\/posts"}],"about":[{"href":"https:\/\/redsemlac.com\/semmexico\/wp-json\/wp\/v2\/types\/post"}],"author":[{"embeddable":true,"href":"https:\/\/redsemlac.com\/semmexico\/wp-json\/wp\/v2\/users\/3"}],"replies":[{"embeddable":true,"href":"https:\/\/redsemlac.com\/semmexico\/wp-json\/wp\/v2\/comments?post=17916"}],"version-history":[{"count":0,"href":"https:\/\/redsemlac.com\/semmexico\/wp-json\/wp\/v2\/posts\/17916\/revisions"}],"wp:featuredmedia":[{"embeddable":true,"href":"https:\/\/redsemlac.com\/semmexico\/wp-json\/wp\/v2\/media\/17917"}],"wp:attachment":[{"href":"https:\/\/redsemlac.com\/semmexico\/wp-json\/wp\/v2\/media?parent=17916"}],"wp:term":[{"taxonomy":"category","embeddable":true,"href":"https:\/\/redsemlac.com\/semmexico\/wp-json\/wp\/v2\/categories?post=17916"},{"taxonomy":"post_tag","embeddable":true,"href":"https:\/\/redsemlac.com\/semmexico\/wp-json\/wp\/v2\/tags?post=17916"}],"curies":[{"name":"wp","href":"https:\/\/api.w.org\/{rel}","templated":true}]}}