{"id":17912,"date":"2020-03-08T19:11:54","date_gmt":"2020-03-08T19:11:54","guid":{"rendered":"https:\/\/redsemlac.com\/semmexico\/?p=17912"},"modified":"2023-07-21T15:21:34","modified_gmt":"2023-07-21T20:21:34","slug":"alfa-omega-17","status":"publish","type":"post","link":"https:\/\/redsemlac.com\/semmexico\/alfa-omega-17\/","title":{"rendered":"Alfa Omega"},"content":{"rendered":"\n<h2 class=\"wp-block-heading\"><strong>Las mexicanas destacadas internacionalmente<\/strong><\/h2>\n\n\n\n<p class=\"wp-block-paragraph\"><strong>Jorge Herrera Valenzuela<\/strong><\/p>\n\n\n\n<p class=\"wp-block-paragraph\">SemM\u00e9xico.\n08 de marzo 2020.- Dos d\u00edas continuos de fiesta nacional. Comento que son de\nfiesta, porque la bandera que enarbolan miles de mujeres, en todo el pa\u00eds,\nondear\u00e1n airosamente y ser\u00e1n el mensaje directo, claro, definitivo y en\u00e9rgico,\ndemandante de acciones efectivas, de soluciones integrales, sin m\u00e1s discursos\nni descalificaciones, de parte de los gobiernos federal, estatales y\nmunicipales. Se afirma, oficialmente, que el problema no lo ha creado el\ngobierno, pero cierto es que los feminicidios est\u00e1n a la orden del d\u00eda, las\nviolaciones inclusive a ni\u00f1as y el acoso sexual se han incrementado y es la\nautoridad la que debe intervenir.<\/p>\n\n\n\n<p class=\"wp-block-paragraph\">Las marchas\nque tendr\u00e1n lugar el domingo 8, D\u00eda Internacional de la Mujer, y el lunes 9,\n#Un D\u00eda Sin Mujeres, son, desde ahora, parte de la historia y deseamos que a\npartir del martes 10 sea efectivo un programa nacional para detener esa ola que\ntanta indignaci\u00f3n ha causado. Es lamentable asegurar que este movimiento\nfeminista es obra de \u201cconservadores\u201d y secuencia del neoliberalismo. El\ngobierno federal se defiende con el argumento de que el gabinete presidencial\ntiene a un buen n\u00famero de mujeres y que los apoyos econ\u00f3micos se otorgan\nmayormente a las mujeres, lo cual no tiene relaci\u00f3n con el grave problema.<\/p>\n\n\n\n<p class=\"wp-block-paragraph\">Bueno, hoy\ndetermine redactar un comentario en torno a algunas de las mujeres que en las\ndiferentes profesiones, oficios y actividades han colocado en la cima el nombre\nde M\u00e9xico. Muchas forman parte del pasado y otras son la nueva generaci\u00f3n, \u00e9sta\nsurgida en los inicios de este Siglo XXI&nbsp;\nrenovando con muchos br\u00edos el reconocimiento internacional a la mujer\nmexicana. Por supuesto en este espacio hago menci\u00f3n de algunas de esas figuras,\npero las omisiones involuntarias espero que tengan la compresi\u00f3n de ustedes.<\/p>\n\n\n\n<p class=\"wp-block-paragraph\"><strong>Dos brillantes investigadoras<\/strong><\/p>\n\n\n\n<p class=\"wp-block-paragraph\">Son muchas\nlas mexicanas que han recibido honores nacionales y extranjeros por sus\ntrabajos en la investigaci\u00f3n cient\u00edfica, me referir\u00e9 a dos de ellas\npertenecientes a dos generaciones distantes. En fecha reciente supe de la joven\ndoctora <strong>Fernanda P\u00e9rez Gay<\/strong>, defe\u00f1a\ncon 32 a\u00f1os de edad. Es egresada de la Universidad Nacional Aut\u00f3noma de M\u00e9xico,\ntitulada como doctora en Neurociencia cognitiva y con estudios realizados en la\nUniversidad de McGill de Montreal, Canad\u00e1. Esta joven cient\u00edfica ha realizado\nla primera investigaci\u00f3n que vincula al campo de la ciencia con el de las\nhumanidades, trabajo considerado&nbsp; innovador,\nde posteriores y trascendentales repercusiones.<\/p>\n\n\n\n<p class=\"wp-block-paragraph\">Durante 50\na\u00f1os de su vida <strong>Mar\u00eda de los \u00c1ngeles\nValdez Ram\u00edrez<\/strong> se dedic\u00f3 intensamente a la tarea de investigadora de\nmicrobiolog\u00eda agr\u00edcola y de las Ciencias del Suelo, en la Escuela Nacional de\nCiencias Biol\u00f3gicas, del Instituto Polit\u00e9cnico Nacional. Tamaulipeca, nacida en\nMatamoros, la doctora <strong>Mary Valdez<\/strong>,\nintent\u00f3 ser ingeniera agr\u00f3noma y al no lograrlo, porque la escuela era militarizada,\nse fue a Francia y en la Universidad de Caen obtuvo el t\u00edtulo de Doctora en\nCiencias, la licenciatura la curs\u00f3 en el Instituto de Investigaciones para el\nDesarrollo, tambi\u00e9n esas tierras. <\/p>\n\n\n\n<p class=\"wp-block-paragraph\">Su pasi\u00f3n\npor la personalidad del general <strong>L\u00e1zaro\nC\u00e1rdenas<\/strong> la encamin\u00f3 el IPN, fundado por el presidente michoacano. En su\nlarga estancia en terrenos polit\u00e9cnicos, Mary fund\u00f3 el Laboratorio de\nMicrobiolog\u00eda Agr\u00edcola, siendo pionera en la materia. Sus profundos\nconocimientos, adem\u00e1s de recibir premios nacionales e internacionales (en\nFrancia y en Suecia), esta mexicana es asesora de organismos tanto en M\u00e9xico\ncomo en Europa. Es parte del Consejo Consultivo de Ciencias, de la Presidencia\nde la Rep\u00fablica y reconocida socia del Instituto del Sistema Nacional de\nInvestigadores.<\/p>\n\n\n\n<p class=\"wp-block-paragraph\"><strong>Reportera \u00fanica y mordaz escritora<\/strong><\/p>\n\n\n\n<p class=\"wp-block-paragraph\">Tuve el\nhonor de ser su \u00faltimo suplente en la \u201cfuentes educativas y universitarias\u201d, en\nel a\u00f1o 1958. Reportera diarista con un c\u00famulo de an\u00e9cdotas singulares.\nEscritora mordaz e histri\u00f3nica. Mujer guapa, inteligente y la primera mujer que\nentraba a las cantinas cuando estaba terminante prohibido el acceso a las\ndamas. Adem\u00e1s la primera reportera de la \u201cfuente polic\u00edaca\u201d, a nivel nacional.\nEn su haber tambi\u00e9n est\u00e1 el que fue la primera directora de un diario en el\nDistrito Federal, Prensa Gr\u00e1fica, vespertino de La Prensa, en los a\u00f1os\ncincuenta.<\/p>\n\n\n\n<p class=\"wp-block-paragraph\">Me refiero a\nla inolvidable <strong>Magdalena Mondrag\u00f3n\nAguirre<\/strong>, a quien conoc\u00edamos simplemente como <strong>Magda<\/strong>. Naci\u00f3 en Torre\u00f3n, Coahuila, en 1913, cuando el usurpador\nVictoriano Huerta estaba en el poder. La inquieta jovencita a los 14 a\u00f1os\ningres\u00f3 al veterano diario <strong>Siglo de\nTorre\u00f3n<\/strong>, como secretaria y al poco tiempo escrib\u00eda una columna en ese\nperi\u00f3dico; el siguiente paso fue ser corresponsal de los diarios Exc\u00e9lsior y El\nUniversal de la Ciudad de M\u00e9xico y de La Opini\u00f3n de los \u00c1ngeles, en Estados\nUnidos. <\/p>\n\n\n\n<p class=\"wp-block-paragraph\">En 1935\nviaj\u00f3 a la Capital del Pa\u00eds y comenz\u00f3 su carrera en el peri\u00f3dico que conquist\u00f3\na M\u00e9xico en un mes, <strong>La Prensa. <\/strong>&nbsp;Cubri\u00f3 todas las <strong>fuentes<\/strong> informativas, destacando en los asuntos polic\u00edacos.\nEntrevist\u00f3 a los personajes de la \u00e9poca y escribi\u00f3 varios libros, entre ellos\ndos de muy singular t\u00edtulo: \u201cLos Presidentes Me Dan Risa\u201d y \u201cCuando le Cortaron\nlas Alas a la Revoluci\u00f3n\u201d. Narradora, poeta y novelista. Fue la primera\nescritora mexicana incluida en la Enciclopedia Brit\u00e1nica. En Torre\u00f3n se mont\u00f3\nel Museo Magdalena Mondrag\u00f3n, pero desapareci\u00f3 en el r\u00e9gimen del gobernador\nOscar Flores Tapia.<\/p>\n\n\n\n<p class=\"wp-block-paragraph\"><strong>\u201cLA POPIS\u201d Mu\u00f1iz, ciclista a los 80<\/strong><\/p>\n\n\n\n<p class=\"wp-block-paragraph\">El caso de\nla capitalina <strong>Mar\u00eda del Carmen Mu\u00f1iz<\/strong>\nreviste caracter\u00edsticas especiales. A los 4 a\u00f1os de edad se aficion\u00f3 al\nciclismo y rondaba el parque Guadalupe Victoria, en la Colonia Vista Alegre,\ndel Distrito Federal. A sus ochenta a\u00f1os de edad intent\u00f3 en el vel\u00f3dromo Bicentenario\nde Aguascalientes, uno de los m\u00e1s r\u00e1pidos en el mundo, establecer un record en\nlos 100 kil\u00f3metros, pero en la vuelta 320 (de 400) derrap\u00f3 &nbsp;y no pudo consumar la haza\u00f1a, lo que hab\u00eda\nlogrado en los Mundiales Masters de Pista de las 24 y las 26 horas, as\u00ed como el\ncuarto lugar que gan\u00f3 en esa misma carrera en el a\u00f1o 2002.<\/p>\n\n\n\n<p class=\"wp-block-paragraph\">Cuando <strong>\u201cLa Popis\u201d Mu\u00f1iz <\/strong>cumpli\u00f3 25 a\u00f1os en el\nCiclismo Mexicano, con varios triunfos nacionales, ocurri\u00f3 algo sin precedente\ny jam\u00e1s se repiti\u00f3: por espacio de dos horas fue cerrada la circulaci\u00f3n de\nveh\u00edculos para que esa bella y atractiva deportista realizara un carrera\nindividual en la Plaza de la Constituci\u00f3n y su sue\u00f1o se convirti\u00f3 en realidad\nal hacer \u201cEl Circuito Popis Mu\u00f1iz\u201d. El banderazo de salida, frente a la puerta\ncentral de Palacio Nacional, me correspondi\u00f3 darlo.<\/p>\n\n\n\n<p class=\"wp-block-paragraph\"><strong>Consuelito Vel\u00e1zquez y sus canciones<\/strong><\/p>\n\n\n\n<p class=\"wp-block-paragraph\">Sin duda\nalguna otra de las mexicanas que destacaron a nivel&nbsp; mundial fue <strong>Consuelito Vel\u00e1zquez<\/strong>, originaria de Ciudad Guzm\u00e1n, Jalisco y\nregistrada en 1922 como Consuelo Vel\u00e1zquez Torres. Sus bi\u00f3grafos se\u00f1alan que a\nlos 6 a\u00f1os la ni\u00f1a jalisciense empez\u00f3 a estudiar m\u00fasica y piano en una academia\nde Guadalajara y concluy\u00f3 sus estudios en la Capital del Pa\u00eds obteniendo el\ngrado de licenciada en piano concertista y maestra de m\u00fasica. Su recepci\u00f3n\nprofesional como concertista se desarroll\u00f3 escenario, la sala principal del\nPalacio de Bellas Artes.<\/p>\n\n\n\n<p class=\"wp-block-paragraph\">A los 16\na\u00f1os de edad cuando a\u00fan no hab\u00eda recibido un beso, de un caballero, compuso la\ninternacionalmente conocida \u201c<strong>\u201dB\u00e9same\nMucho\u201d<\/strong> que ser\u00eda traducida a veinte idiomas e interpretada en 1944, por\nprimera vez, por el Bar\u00edtono de Argel, <strong>Emilio\nTuero<\/strong>. Despu\u00e9s la cantaron <strong>Pedro\nInfante, Nat \u201cKing\u201d Cole, Andrea Bocelli, Frank Sinatra y Luis Miguel<\/strong>,\nentre otros. Estuvo casada con otra grande de la m\u00fasica, <strong>Mariano Rivera Conde<\/strong> fallecido en 1977 y con quien tuvo dos hijos.\nConsuelito recibi\u00f3 premios nacionales e internacionales y en el trienio\n1979-1982 fue diputada federal. Muri\u00f3 a los 88 a\u00f1os de edad. <\/p>\n\n\n\n<p class=\"wp-block-paragraph\"><strong>P.D. <\/strong>Quedan muchas mujeres por comentar y\nlo haremos en su oportunidad. Por ejemplo escribir\u00e9 en torno a <strong>Daniel Soto Pliego-Innes<\/strong>, mexicana\nresidente en Texas, nombrada en este a\u00f1o <strong>la\nmejor chef del mundo<\/strong>\u2026<strong>Rosa Mar\u00edn<\/strong>,\nnacida hace 58 a\u00f1os en la Ciudad de M\u00e9xico, en el gobierno de <strong>George W. Bush<\/strong> figur\u00f3 como Tesorera de\nEstados Unidos de Am\u00e9rica y su firma apareci\u00f3 en los billetes verdes\u2026No por ser\nmencionada al final, deja de ser muy importante la oaxaque\u00f1a <strong>Yalitza Aparicio Mart\u00ednez<\/strong>, maestra que\nlogr\u00f3 la fama al ser protagonista en la pel\u00edcula Roma. Lo que le llev\u00f3 a ser\nnominada por la Academia de Artes para el Oscar del a\u00f1o pasado.<\/p>\n\n\n\n<p class=\"wp-block-paragraph\"><strong>jherrerav@live.com.mx<\/strong><\/p>\n","protected":false},"excerpt":{"rendered":"<p>Las mexicanas destacadas internacionalmente<\/p>\n","protected":false},"author":3,"featured_media":17913,"comment_status":"open","ping_status":"open","sticky":false,"template":"","format":"standard","meta":{"_monsterinsights_skip_tracking":false,"footnotes":""},"categories":[691,94,110],"tags":[],"class_list":["post-17912","post","type-post","status-publish","format-standard","has-post-thumbnail","category-691","category-jorge-herrera-valenzuela","category-la-opinion-columnas"],"_links":{"self":[{"href":"https:\/\/redsemlac.com\/semmexico\/wp-json\/wp\/v2\/posts\/17912","targetHints":{"allow":["GET"]}}],"collection":[{"href":"https:\/\/redsemlac.com\/semmexico\/wp-json\/wp\/v2\/posts"}],"about":[{"href":"https:\/\/redsemlac.com\/semmexico\/wp-json\/wp\/v2\/types\/post"}],"author":[{"embeddable":true,"href":"https:\/\/redsemlac.com\/semmexico\/wp-json\/wp\/v2\/users\/3"}],"replies":[{"embeddable":true,"href":"https:\/\/redsemlac.com\/semmexico\/wp-json\/wp\/v2\/comments?post=17912"}],"version-history":[{"count":0,"href":"https:\/\/redsemlac.com\/semmexico\/wp-json\/wp\/v2\/posts\/17912\/revisions"}],"wp:featuredmedia":[{"embeddable":true,"href":"https:\/\/redsemlac.com\/semmexico\/wp-json\/wp\/v2\/media\/17913"}],"wp:attachment":[{"href":"https:\/\/redsemlac.com\/semmexico\/wp-json\/wp\/v2\/media?parent=17912"}],"wp:term":[{"taxonomy":"category","embeddable":true,"href":"https:\/\/redsemlac.com\/semmexico\/wp-json\/wp\/v2\/categories?post=17912"},{"taxonomy":"post_tag","embeddable":true,"href":"https:\/\/redsemlac.com\/semmexico\/wp-json\/wp\/v2\/tags?post=17912"}],"curies":[{"name":"wp","href":"https:\/\/api.w.org\/{rel}","templated":true}]}}