{"id":17897,"date":"2020-03-08T03:33:26","date_gmt":"2020-03-08T03:33:26","guid":{"rendered":"https:\/\/redsemlac.com\/semmexico\/?p=17897"},"modified":"2023-07-21T15:21:03","modified_gmt":"2023-07-21T20:21:03","slug":"arman-cadena-feminista-en-queretaro-previo-al-8m","status":"publish","type":"post","link":"https:\/\/redsemlac.com\/semmexico\/arman-cadena-feminista-en-queretaro-previo-al-8m\/","title":{"rendered":"Arman Cadena Feminista en Quer\u00e9taro, previo al #8M"},"content":{"rendered":"\n<p class=\"wp-block-paragraph\"><strong>Yaneth Tamayo Avalos <\/strong><\/p>\n\n\n\n<p class=\"wp-block-paragraph\">SemM\u00e9xico. Quer\u00e9taro, Quer\u00e9taro. 07 de marzo 2020.- Previo\nal 8M en Quer\u00e9taro se empezaron a escuchar las voces de las mujeres, quienes se\ncongregaron en el emblem\u00e1tico Acueducto, con el fin de hacer una cadena humana\nde mujeres y ni\u00f1as, para visibilizar la violencia por raz\u00f3n de g\u00e9nero que se\npadece en la entidad y en el pa\u00eds entero.<\/p>\n\n\n\n<p class=\"wp-block-paragraph\">La cadena feminista fue convocada por las agrupaciones:\nFeminismos en Quer\u00e9taro, Feminismos para Todas y Colectiva Juntas, quienes\ncongregaron a las mujeres para sumarse en una sola voz y estar unidas mano a\nmano.<\/p>\n\n\n\n<p class=\"wp-block-paragraph\">Las mujeres congregadas, dieron la bienvenida a j\u00f3venes\nfeministas que por primera vez se un\u00edan a un llamado; entusiasmadas y en llanto\nno pod\u00edan describir la sensaci\u00f3n que algunas viv\u00edamos cuando asistimos a\nnuestra primer marcha.<\/p>\n\n\n\n<figure class=\"wp-block-gallery columns-2 is-cropped wp-block-gallery-1 is-layout-flex wp-block-gallery-is-layout-flex\"><ul class=\"blocks-gallery-grid\"><li class=\"blocks-gallery-item\"><figure><img decoding=\"async\" src=\"https:\/\/redsemlac.com\/semmexico\/wp-content\/uploads\/2020\/03\/CADENA-FEMINISTA-QRO-7-1024x764.jpeg\" alt=\"\" data-id=\"17905\" data-full-url=\"https:\/\/redsemlac.com\/semmexico\/wp-content\/uploads\/2020\/03\/CADENA-FEMINISTA-QRO-7.jpeg\" data-link=\"https:\/\/redsemlac.com\/semmexico\/?attachment_id=17905\" class=\"wp-image-17905\"\/><\/figure><\/li><li class=\"blocks-gallery-item\"><figure><img decoding=\"async\" src=\"https:\/\/redsemlac.com\/semmexico\/wp-content\/uploads\/2020\/03\/CADENA-FEMINISTA-QRO-6-1024x764.jpeg\" alt=\"\" data-id=\"17904\" data-full-url=\"https:\/\/redsemlac.com\/semmexico\/wp-content\/uploads\/2020\/03\/CADENA-FEMINISTA-QRO-6.jpeg\" data-link=\"https:\/\/redsemlac.com\/semmexico\/?attachment_id=17904\" class=\"wp-image-17904\"\/><\/figure><\/li><li class=\"blocks-gallery-item\"><figure><img decoding=\"async\" src=\"https:\/\/redsemlac.com\/semmexico\/wp-content\/uploads\/2020\/03\/CADENA-FEMINISTA-QRO-5-764x1024.jpeg\" alt=\"\" data-id=\"17903\" data-full-url=\"https:\/\/redsemlac.com\/semmexico\/wp-content\/uploads\/2020\/03\/CADENA-FEMINISTA-QRO-5.jpeg\" data-link=\"https:\/\/redsemlac.com\/semmexico\/?attachment_id=17903\" class=\"wp-image-17903\"\/><\/figure><\/li><li class=\"blocks-gallery-item\"><figure><img decoding=\"async\" src=\"https:\/\/redsemlac.com\/semmexico\/wp-content\/uploads\/2020\/03\/CADENA-FEMINISTA-QRO-4-1024x764.jpeg\" alt=\"\" data-id=\"17902\" data-full-url=\"https:\/\/redsemlac.com\/semmexico\/wp-content\/uploads\/2020\/03\/CADENA-FEMINISTA-QRO-4.jpeg\" data-link=\"https:\/\/redsemlac.com\/semmexico\/?attachment_id=17902\" class=\"wp-image-17902\"\/><\/figure><\/li><li class=\"blocks-gallery-item\"><figure><img decoding=\"async\" src=\"https:\/\/redsemlac.com\/semmexico\/wp-content\/uploads\/2020\/03\/CADENA-FEMINISTA-QRO-3-1024x764.jpeg\" alt=\"\" data-id=\"17901\" data-full-url=\"https:\/\/redsemlac.com\/semmexico\/wp-content\/uploads\/2020\/03\/CADENA-FEMINISTA-QRO-3.jpeg\" data-link=\"https:\/\/redsemlac.com\/semmexico\/?attachment_id=17901\" class=\"wp-image-17901\"\/><\/figure><\/li><li class=\"blocks-gallery-item\"><figure><img decoding=\"async\" src=\"https:\/\/redsemlac.com\/semmexico\/wp-content\/uploads\/2020\/03\/CADENA-FEMINISTA-QRO-2-1024x764.jpeg\" alt=\"\" data-id=\"17900\" data-full-url=\"https:\/\/redsemlac.com\/semmexico\/wp-content\/uploads\/2020\/03\/CADENA-FEMINISTA-QRO-2.jpeg\" data-link=\"https:\/\/redsemlac.com\/semmexico\/?attachment_id=17900\" class=\"wp-image-17900\"\/><\/figure><\/li><li class=\"blocks-gallery-item\"><figure><img decoding=\"async\" src=\"https:\/\/redsemlac.com\/semmexico\/wp-content\/uploads\/2020\/03\/CADENA-FEMINISTA-QRO-1-1024x764.jpeg\" alt=\"\" data-id=\"17899\" data-full-url=\"https:\/\/redsemlac.com\/semmexico\/wp-content\/uploads\/2020\/03\/CADENA-FEMINISTA-QRO-1.jpeg\" data-link=\"https:\/\/redsemlac.com\/semmexico\/?attachment_id=17899\" class=\"wp-image-17899\"\/><\/figure><\/li><li class=\"blocks-gallery-item\"><figure><img decoding=\"async\" src=\"https:\/\/redsemlac.com\/semmexico\/wp-content\/uploads\/2020\/03\/CADENA-FEMINISTA-8-1024x764.jpeg\" alt=\"\" data-id=\"17898\" data-full-url=\"https:\/\/redsemlac.com\/semmexico\/wp-content\/uploads\/2020\/03\/CADENA-FEMINISTA-8.jpeg\" data-link=\"https:\/\/redsemlac.com\/semmexico\/?attachment_id=17898\" class=\"wp-image-17898\"\/><\/figure><\/li><\/ul><\/figure>\n\n\n\n<p class=\"wp-block-paragraph\">Una convergencia de emociones dif\u00edciles de describir, porque\nal mismo tiempo se junta la rabia, la indignaci\u00f3n, la felicidad y la paz al\nsaber que no se est\u00e1 sola; pero sobre todo la emoci\u00f3n de saberse fuerte,\nacompa\u00f1ada y valiente, es lo que les provoca gritar consignas a todo pulm\u00f3n.<\/p>\n\n\n\n<p class=\"wp-block-paragraph\">&nbsp;\u201cNi una m\u00e1s, ni una\nm\u00e1s, ni una asesinada m\u00e1s\u201d, se escuchaba; mientras un par de jovencitas\nafirmaban: estamos hartas de salir a la calle con miedo&#8230; ya es momento que\nexista un cambio&#8230; desde abajo y con nosotras uni\u00e9ndonos; una de ellas\nmanifest\u00f3 \u201cen mi casa me apoyan y no me violentan, pero s\u00e9 que estoy en una\nburbuja privilegiada y s\u00e9 que afuera pasa y es por ellas que tengo que levantar\nmi voz\u201d (Montse Arroyo y Regina Marsechi)<\/p>\n\n\n\n<p class=\"wp-block-paragraph\">Mujeres manifest\u00e1ndose a una sola voz, encontr\u00e1ndose y\nabrazando a las nuevas, pero tambi\u00e9n abrazando a las que han perdido;\nsosteniendo pancartas que rezan \u201choy no est\u00e1n todas nuestras voces juntas,\nporque desde la tumba no se puede gritar\u201d,&nbsp;\n\u201cNos quieren sumisas, nos tienen combativas, M\u00e9xico feminicida\u201d,\n\u201cdenuncia archivada, mujer asesinada\u201d,&nbsp;\n\u201cno fue crimen pasional, fue violencia patriarcal\u201d.<\/p>\n\n\n\n<p class=\"wp-block-paragraph\">Y mientras tanto al fondo una limusina con una decena de\nquincea\u00f1eras observando que la lucha, tambi\u00e9n es por ellas.<\/p>\n\n\n\n<p class=\"wp-block-paragraph\">SEM\/yt\/IL<\/p>\n","protected":false},"excerpt":{"rendered":"<p>Una convergencia de emociones dif\u00edciles de describir, porque al mismo tiempo se junta la rabia, la indignaci\u00f3n, la felicidad y la paz al saber que no se est\u00e1 sola<\/p>\n","protected":false},"author":3,"featured_media":17906,"comment_status":"open","ping_status":"open","sticky":false,"template":"","format":"standard","meta":{"_monsterinsights_skip_tracking":false,"footnotes":""},"categories":[691,54],"tags":[],"class_list":["post-17897","post","type-post","status-publish","format-standard","has-post-thumbnail","category-691","category-mujeres"],"_links":{"self":[{"href":"https:\/\/redsemlac.com\/semmexico\/wp-json\/wp\/v2\/posts\/17897","targetHints":{"allow":["GET"]}}],"collection":[{"href":"https:\/\/redsemlac.com\/semmexico\/wp-json\/wp\/v2\/posts"}],"about":[{"href":"https:\/\/redsemlac.com\/semmexico\/wp-json\/wp\/v2\/types\/post"}],"author":[{"embeddable":true,"href":"https:\/\/redsemlac.com\/semmexico\/wp-json\/wp\/v2\/users\/3"}],"replies":[{"embeddable":true,"href":"https:\/\/redsemlac.com\/semmexico\/wp-json\/wp\/v2\/comments?post=17897"}],"version-history":[{"count":0,"href":"https:\/\/redsemlac.com\/semmexico\/wp-json\/wp\/v2\/posts\/17897\/revisions"}],"wp:featuredmedia":[{"embeddable":true,"href":"https:\/\/redsemlac.com\/semmexico\/wp-json\/wp\/v2\/media\/17906"}],"wp:attachment":[{"href":"https:\/\/redsemlac.com\/semmexico\/wp-json\/wp\/v2\/media?parent=17897"}],"wp:term":[{"taxonomy":"category","embeddable":true,"href":"https:\/\/redsemlac.com\/semmexico\/wp-json\/wp\/v2\/categories?post=17897"},{"taxonomy":"post_tag","embeddable":true,"href":"https:\/\/redsemlac.com\/semmexico\/wp-json\/wp\/v2\/tags?post=17897"}],"curies":[{"name":"wp","href":"https:\/\/api.w.org\/{rel}","templated":true}]}}