{"id":17894,"date":"2020-03-08T02:36:32","date_gmt":"2020-03-08T02:36:32","guid":{"rendered":"https:\/\/redsemlac.com\/semmexico\/?p=17894"},"modified":"2023-07-21T15:21:03","modified_gmt":"2023-07-21T20:21:03","slug":"oaxaca-146","status":"publish","type":"post","link":"https:\/\/redsemlac.com\/semmexico\/oaxaca-146\/","title":{"rendered":"En 7 d\u00edas fueron asesinadas tres mujeres"},"content":{"rendered":"\n<p class=\"wp-block-paragraph\"><strong>* El \u00faltimo hecho\nocurri\u00f3 en la v\u00edspera de D\u00eda Internacional de la mujer <\/strong><\/p>\n\n\n\n<p class=\"wp-block-paragraph\"><strong>* Suman 25 casos este\na\u00f1o en Oaxaca<\/strong><\/p>\n\n\n\n<p class=\"wp-block-paragraph\"><strong>Patricia Brise\u00f1o<\/strong><\/p>\n\n\n\n<p class=\"wp-block-paragraph\">SemM\u00e9xico, Oaxaca, 07 de marzo 2020.- Una mujer de 29 a\u00f1os\nde edad fue asesinada en el municipio de San Lorenzo Victoria, en jurisdicci\u00f3n\nde Silacayo\u00e1pam, en la regi\u00f3n de la Mixteca, <\/p>\n\n\n\n<p class=\"wp-block-paragraph\">La v\u00edctima identificada como Nayelli A. R., presuntamente\nfue atacada por Narciso A.R., quien luego de asesinarla intent\u00f3 suicidarse con\nuna escopeta, aunque no prosper\u00f3 su intento, por lo que fue internado en un\nhospital, donde est\u00e1 en calidad de detenido.<\/p>\n\n\n\n<p class=\"wp-block-paragraph\">Autoridades refieren que el feminicidio ocurri\u00f3 durante las\nprimeras horas del viernes en la vivienda ocupada por la pareja, en la calle\nNegrete, en el centro de la municipalidad mixteca.<\/p>\n\n\n\n<p class=\"wp-block-paragraph\">La Vicefiscal\u00eda regional despleg\u00f3 a peritos del \u00e1rea de\nfeminicidios que&nbsp; acudi\u00f3 al domicilio para iniciar las diligencias\ncorrespondientes.<\/p>\n\n\n\n<p class=\"wp-block-paragraph\">Este hecho elev\u00f3 a tres feminicidios sucedidos del 1 al 7 de\nmarzo. El pasado cuatro de marzo una mujer de edad avanzada fue asesinada y\npresuntamente violada al interior de su vivienda en el municipio de Santa Mar\u00eda\nAtzompa, localizado en la periferia de la ciudad de Oaxaca.<\/p>\n\n\n\n<p class=\"wp-block-paragraph\">La v\u00edctima fue identificada como Mar\u00eda Elena B. R., de 73\na\u00f1os de edad, y ten\u00eda m\u00faltiples heridas en el cuerpo, presuntamente causadas\npor arma blanca. Adem\u00e1s, seg\u00fan el peritaje preliminar, la v\u00edctima presentaba\nhuellas de violencia sexual y tambi\u00e9n f\u00edsica.<\/p>\n\n\n\n<p class=\"wp-block-paragraph\">En el lugar fue detenido un adolescente de 17 a\u00f1os de edad\nde nombre Eleazar J., presunto autor del crimen, quien fue puesto a disposici\u00f3n\nde la Fiscal\u00eda General del Estado de Oaxaca.<\/p>\n\n\n\n<p class=\"wp-block-paragraph\">Asimismo, el dos de marzo, una empresaria fue asesinada a\nbalazos a las puertas de su casa y negocio.<\/p>\n\n\n\n<p class=\"wp-block-paragraph\">La Fiscal\u00eda report\u00f3 que del 1 de enero al 24 de febrero\npasado,&nbsp; 25 mujeres hab\u00edan sido asesinadas, pero solo tres est\u00e1n tipificados\ncomo feminicidio.<\/p>\n\n\n\n<p class=\"wp-block-paragraph\">Seg\u00fan la instituci\u00f3n en los cuatro a\u00f1os del gobierno de\nAlejandro Murat, 402 mujeres han sido asesinadas, de \u00e9stas, 118 son\nfeminicidios.<\/p>\n","protected":false},"excerpt":{"rendered":"<p>Suman 25 casos este a\u00f1o en Oaxaca<\/p>\n","protected":false},"author":3,"featured_media":17895,"comment_status":"open","ping_status":"open","sticky":false,"template":"","format":"standard","meta":{"_monsterinsights_skip_tracking":false,"footnotes":""},"categories":[691,54],"tags":[],"class_list":["post-17894","post","type-post","status-publish","format-standard","has-post-thumbnail","category-691","category-mujeres"],"_links":{"self":[{"href":"https:\/\/redsemlac.com\/semmexico\/wp-json\/wp\/v2\/posts\/17894","targetHints":{"allow":["GET"]}}],"collection":[{"href":"https:\/\/redsemlac.com\/semmexico\/wp-json\/wp\/v2\/posts"}],"about":[{"href":"https:\/\/redsemlac.com\/semmexico\/wp-json\/wp\/v2\/types\/post"}],"author":[{"embeddable":true,"href":"https:\/\/redsemlac.com\/semmexico\/wp-json\/wp\/v2\/users\/3"}],"replies":[{"embeddable":true,"href":"https:\/\/redsemlac.com\/semmexico\/wp-json\/wp\/v2\/comments?post=17894"}],"version-history":[{"count":0,"href":"https:\/\/redsemlac.com\/semmexico\/wp-json\/wp\/v2\/posts\/17894\/revisions"}],"wp:featuredmedia":[{"embeddable":true,"href":"https:\/\/redsemlac.com\/semmexico\/wp-json\/wp\/v2\/media\/17895"}],"wp:attachment":[{"href":"https:\/\/redsemlac.com\/semmexico\/wp-json\/wp\/v2\/media?parent=17894"}],"wp:term":[{"taxonomy":"category","embeddable":true,"href":"https:\/\/redsemlac.com\/semmexico\/wp-json\/wp\/v2\/categories?post=17894"},{"taxonomy":"post_tag","embeddable":true,"href":"https:\/\/redsemlac.com\/semmexico\/wp-json\/wp\/v2\/tags?post=17894"}],"curies":[{"name":"wp","href":"https:\/\/api.w.org\/{rel}","templated":true}]}}