{"id":17891,"date":"2020-03-08T02:15:45","date_gmt":"2020-03-08T02:15:45","guid":{"rendered":"https:\/\/redsemlac.com\/semmexico\/?p=17891"},"modified":"2023-07-21T15:21:03","modified_gmt":"2023-07-21T20:21:03","slug":"guerrero-129","status":"publish","type":"post","link":"https:\/\/redsemlac.com\/semmexico\/guerrero-129\/","title":{"rendered":"Feministas y activistas encaran al gobernador de Guerrero, piden pol\u00edticas p\u00fablicas efectivas; los discursos pol\u00edticos son ret\u00f3rica"},"content":{"rendered":"\n<ul class=\"wp-block-list\"><li><strong>Frente Feminista Nacional,  pide respeto y reconocimiento al trabajo de las organizaciones.<\/strong><\/li><\/ul>\n\n\n\n<p class=\"wp-block-paragraph\"><strong>Josefina\nAguilar Pastor <\/strong><\/p>\n\n\n\n<p class=\"wp-block-paragraph\">SemM\u00e9xico. Chilpancingo, Guerrero. 07\nde marzo de 2020.- Pide el Frente Feminista Nacional, al gobernador H\u00e9ctor\nAstudillo, respeto y reconocimiento al trabajo de las organizaciones de mujeres\nfeministas, traducido en pol\u00edticas p\u00fablicas a favor de las mujeres e\ninterlocuci\u00f3n con los tres poderes del estado.<\/p>\n\n\n\n<p class=\"wp-block-paragraph\">A nombre del Frente Feminista\nNacional, agrupamiento de organizaciones de aproximadamente 21 estados de la\nRep\u00fablica, Olimpia Jaimes L\u00f3pez integrante de la organizaci\u00f3n \u201cMujeres Guerrerenses\npor la Democracia\u201d, entreg\u00f3 este viernes, al gobernador H\u00e9ctor Astudillo\nFlores, el pronunciamiento a que a nivel nacional, ha emitido dicha\norganizaci\u00f3n feminista.<\/p>\n\n\n\n<p class=\"wp-block-paragraph\">En el documento, emitido en el marco\ndel 8 de marzo, D\u00eda internacional de la Mujer, las feministas reconocen los\navances que se han dado a favor de las mujeres en los \u00faltimos cien a\u00f1os, aunque\npuntualizan que nada ha sido gratuito, todo ha sido conquistado a trav\u00e9s de la\nlucha y exigencia, como el derecho a la educaci\u00f3n, al trabajo remunerado, a la\nparticipaci\u00f3n y representaci\u00f3n pol\u00edtica, al control de&nbsp; la natalidad, a tener instrumentos\ninternacionales y leyes federales y locales que protegen dichas garant\u00edas.<\/p>\n\n\n\n<p class=\"wp-block-paragraph\">Estos avances reconocen, han estado\nacompa\u00f1ados de voluntad pol\u00edtica de gobernadores y de muchos trabajo e\nincidencia de parte de una gran diversidad de feministas en distintos frentes;\ngobiernos, partidos pol\u00edticos, mujeres activistas de organizaciones sociales,\nsindicatos organizaciones de base, mujeres campesinas e ind\u00edgenas, amas de\ncasa, entre otras.<\/p>\n\n\n\n<p class=\"wp-block-paragraph\">Sin embrago, subraya que el Estado\nMexicano tiene una gran deuda con las mujeres mexicanas debido a que la brecha\nde desigualdad de g\u00e9nero, clase y etnia, permean en todos los \u00e1mbitos de la\nsociedad, en las condiciones laborales, en el trabajo dom\u00e9stico y de cuidados,\nen donde las mujeres trabajan tres veces m\u00e1s horas que los hombres.<\/p>\n\n\n\n<p class=\"wp-block-paragraph\">As\u00ed como en la educaci\u00f3n sexista que\nse contin\u00faa impartiendo en las escuelas, en la falta de acceso a la salud de\ncalidad, en la atenci\u00f3n de la salud sexual y reproductiva que garantice el\nderecho a decidir de las mujeres.<\/p>\n\n\n\n<p class=\"wp-block-paragraph\">\u201cPor supuesto hay una gran deuda por\nparte de las instituciones de todos los niveles de gobierno para prevenir,\natender y sancionar las diversas violencias que viven las mujeres cotidianamente,\nas\u00ed como para su acceso al a justicia\u201d, subraya el pronunciamiento.<\/p>\n\n\n\n<p class=\"wp-block-paragraph\">El Frente Feminista reitera que de no\ndestinarse presupuesto suficiente y se instrumentan las pol\u00edticas p\u00fablicas y\nacciones con perspectiva de g\u00e9nero, las buenas intenciones y discursos\npol\u00edticos quedaran en mera ret\u00f3rica. <\/p>\n\n\n\n<p class=\"wp-block-paragraph\">Demanda un dialogo abierto y exige\nrespeto al trabajo que realizan las organizaciones feministas en la\nconstrucci\u00f3n democr\u00e1tica del pa\u00eds, exige reconocimiento a sus derechos y sus\nleg\u00edtimas formas de continuar demand\u00e1ndolo, no a la simulaci\u00f3n, pol\u00edticas\np\u00fablicas, acciones concretas y presupuesto para el avance de los derechos,\nrespeto al estado laico, respeto y reconocimiento al trabajo de las feministas,\ntraducido en recursos p\u00fablicos e interlocuci\u00f3n con los poderes del Estado.<\/p>\n\n\n\n<p class=\"wp-block-paragraph\">SEM\/ja\/IL<\/p>\n","protected":false},"excerpt":{"rendered":"<p>Frente Feminista Nacional,  pide respeto y reconocimiento al trabajo de las organizaciones.<\/p>\n","protected":false},"author":3,"featured_media":17892,"comment_status":"open","ping_status":"open","sticky":false,"template":"","format":"standard","meta":{"_monsterinsights_skip_tracking":false,"footnotes":""},"categories":[691,54],"tags":[],"class_list":["post-17891","post","type-post","status-publish","format-standard","has-post-thumbnail","category-691","category-mujeres"],"_links":{"self":[{"href":"https:\/\/redsemlac.com\/semmexico\/wp-json\/wp\/v2\/posts\/17891","targetHints":{"allow":["GET"]}}],"collection":[{"href":"https:\/\/redsemlac.com\/semmexico\/wp-json\/wp\/v2\/posts"}],"about":[{"href":"https:\/\/redsemlac.com\/semmexico\/wp-json\/wp\/v2\/types\/post"}],"author":[{"embeddable":true,"href":"https:\/\/redsemlac.com\/semmexico\/wp-json\/wp\/v2\/users\/3"}],"replies":[{"embeddable":true,"href":"https:\/\/redsemlac.com\/semmexico\/wp-json\/wp\/v2\/comments?post=17891"}],"version-history":[{"count":0,"href":"https:\/\/redsemlac.com\/semmexico\/wp-json\/wp\/v2\/posts\/17891\/revisions"}],"wp:featuredmedia":[{"embeddable":true,"href":"https:\/\/redsemlac.com\/semmexico\/wp-json\/wp\/v2\/media\/17892"}],"wp:attachment":[{"href":"https:\/\/redsemlac.com\/semmexico\/wp-json\/wp\/v2\/media?parent=17891"}],"wp:term":[{"taxonomy":"category","embeddable":true,"href":"https:\/\/redsemlac.com\/semmexico\/wp-json\/wp\/v2\/categories?post=17891"},{"taxonomy":"post_tag","embeddable":true,"href":"https:\/\/redsemlac.com\/semmexico\/wp-json\/wp\/v2\/tags?post=17891"}],"curies":[{"name":"wp","href":"https:\/\/api.w.org\/{rel}","templated":true}]}}