{"id":17887,"date":"2020-03-08T02:03:58","date_gmt":"2020-03-08T02:03:58","guid":{"rendered":"https:\/\/redsemlac.com\/semmexico\/?p=17887"},"modified":"2023-07-21T15:21:03","modified_gmt":"2023-07-21T20:21:03","slug":"guerrero-128","status":"publish","type":"post","link":"https:\/\/redsemlac.com\/semmexico\/guerrero-128\/","title":{"rendered":"Omisi\u00f3n e indiferencia ante la violencia de G\u00e9nero en Guerrero"},"content":{"rendered":"\n<ul class=\"wp-block-list\"><li><strong>Lamentan la falta de inter\u00e9s de servidores y servidoras p\u00fablicas, no estuvo presente ning\u00fan representante del gobierno para conocer los casos de viva voz de las v\u00edctimas.<\/strong><\/li><li><strong>Expusieron 5 casos de  feminicidio, 3 de negligencia m\u00e9dica y una desaparici\u00f3n forzada.<\/strong><\/li><\/ul>\n\n\n\n<p class=\"wp-block-paragraph\"><strong>Josefina\nAguilar Pastor <\/strong><\/p>\n\n\n\n<p class=\"wp-block-paragraph\">SemM\u00e9xico. Chilpancingo, Guerrero, 07\nde marzo de 2020.- Omisi\u00f3n, indiferencia, falta de recursos para atender la\nproblem\u00e1tica de la violencia de g\u00e9nero en sus diferentes tipos, concluyen\njuezas que participaron en el Tercer Tribunal de mujeres \u201cTelar de Historias,\nde sue\u00f1os y tragedias\u201d, organizado por el Centro de Derechos Humanos de la Monta\u00f1a\n\u201cTlachinollan\u201d, lamentan la falta de inter\u00e9s de servidores y servidoras\np\u00fablicas para acudir y conocer los casos de viva voz de las v\u00edctimas.<\/p>\n\n\n\n<p class=\"wp-block-paragraph\">Por tercer a\u00f1o consecutivo, el Centro\nde Derechos Humanos de la Monta\u00f1a \u201cTlachinollan\u201d, llev\u00f3 a cabo este tribunal de\nmujeres, en el que se expusieron 5 casos de feminicidio, 3 de negligencia\nm\u00e9dica y una desaparici\u00f3n forzada.<\/p>\n\n\n\n<p class=\"wp-block-paragraph\">El jurado, estuvo conformado por Miriam\nPascual Jim\u00e9nez del Observatorio Ciudadano Nacional; Raquel Moro\u00f1o del Centro\nde Derechos Humanos y Democracia y Martha Figueroa del Centro de Defensor\u00eda de\nDerechos Humanos.<\/p>\n\n\n\n<p class=\"wp-block-paragraph\">Uno de los casos de negligencia\nm\u00e9dica presentados, fue del de Nancy, ocurrido en el Hospital general de Tlapa,\nel 26 de enero de 2017, fue atendida por una &nbsp;partera, a las 4 de la tarde, la&nbsp; checo y dijo que estaba completa y la pas\u00f3 al\n\u00e1rea de atenci\u00f3n, no la volvi\u00f3 a ver, la revisaba un doctor le dec\u00eda que le\nfaltaba. No le hicieron ultrasonido. Ante la falta de atenci\u00f3n, sus familiares\nla llevaron otro hospital; su ni\u00f1o ven\u00eda con complicaciones, tra\u00eda enredado el\ncord\u00f3n umbilical y por la falta de atenci\u00f3n tiempo, naci\u00f3 con da\u00f1o cerebral, a\nsus 3 a\u00f1os no se puede cambiar, su comida son papillas. <\/p>\n\n\n\n<p class=\"wp-block-paragraph\">De feminicidio, narraron el caso de\nAurelia, quien fue asesinada por su esposo de un tiro en la cabeza, la dej\u00f3\ntirada en la carretera con su ni\u00f1o en brazos que aun muerta, estuvo mamando del\ncuerpo sin vida de su madre, en Ayotzinapa municipio de Tlapa, por ser parte\ndel ej\u00e9rcito, sigue impune. <\/p>\n\n\n\n<p class=\"wp-block-paragraph\">Don Gregorio narr\u00f3 el caso de la\ndesaparici\u00f3n de su esposa, hija y su nieta desde el 22 de agosto de 2018 en\nTlapa, y a la fecha, las autoridades cerraron la carpeta de investigaci\u00f3n, y\nnada sabe de ellas.<\/p>\n\n\n\n<p class=\"wp-block-paragraph\">Los organizadores y las juezas,\nlamentaron la ausencia de representantes de las distintas instancias de\ngobierno, entre ellas, la Fiscal\u00eda General del Estado (FGE), para que\nescucharan de viva voz los testimonios; de la Secretar\u00eda de Salud, enviaron a\nun grupo de tres trabajadoras, quienes excusaron al titular que se encontraba\nen la Ciudad de M\u00e9xico, en una reuni\u00f3n para tratar el tema del coronavirus.<\/p>\n\n\n\n<p class=\"wp-block-paragraph\">Por su parte, se\u00f1alaron que los\nprotocolos y leyes son letra muerta, &nbsp;a\npesar de que ya est\u00e1 la ley General en materia de Desaparici\u00f3n Forzada cometida\npor particulares, siguen sin aplicarse, lo mismo que en la desaparici\u00f3n de\nmenores y mujeres, no se activa&nbsp; la\nalerta Amber y el protocolo Alba.<\/p>\n\n\n\n<p class=\"wp-block-paragraph\">\u201cLo que estamos proponiendo al\ngobierno es un enfoque diferenciado, porque las causas por las que desaparecen\nlas mujeres, ni\u00f1as y adolescentes no son las mismas por las que desaparecen los\nhombres, tener un enfoque diferenciado es lo que nos permitir\u00eda&nbsp; entender las causas con las cuales dise\u00f1ar\npol\u00edticas p\u00fablicas de prevenci\u00f3n, porque no queremos m\u00e1s pol\u00edticas criminales\nen las que ampl\u00eden la sentencia y les den m\u00e1s a\u00f1os a los perpetradores, porque\nni siquiera hay sentencias porque no se concluyen con los casos\u201d, expuso Raquel\nMoro\u00f1o del Centro de Derechos Humanos y Democracia.<\/p>\n\n\n\n<p class=\"wp-block-paragraph\">En el caso de desaparici\u00f3n de mujeres, propone un mayor \u00e9nfasis en la b\u00fasqueda en vida que en muerte. Se dio a conocer que en un panorama nacional, en M\u00e9xico la cifra m\u00e1s reciente es que hay 61 mil 637 desaparecidos de los cuales 15 mil 835 son mujeres, el 25.7 por ciento. En Guerrero en un periodo de diciembre de 2018 a diciembre de 2019, hubo 66 casos de desaparici\u00f3n de mujeres en un acumulado de 523 casos, sin embargo recalcaron, no se puede confiar en los datos oficiales, porque hay muchos casos que no corresponde con la realidad.<\/p>\n\n\n\n<p class=\"wp-block-paragraph\">SEM\/ja\/IL<\/p>\n","protected":false},"excerpt":{"rendered":"<p>Expusieron 5 casos de  feminicidio, 3 de negligencia m\u00e9dica y una desaparici\u00f3n forzada.<\/p>\n","protected":false},"author":3,"featured_media":17888,"comment_status":"open","ping_status":"open","sticky":false,"template":"","format":"standard","meta":{"_monsterinsights_skip_tracking":false,"footnotes":""},"categories":[691,51],"tags":[],"class_list":["post-17887","post","type-post","status-publish","format-standard","has-post-thumbnail","category-691","category-ejecutivo"],"_links":{"self":[{"href":"https:\/\/redsemlac.com\/semmexico\/wp-json\/wp\/v2\/posts\/17887","targetHints":{"allow":["GET"]}}],"collection":[{"href":"https:\/\/redsemlac.com\/semmexico\/wp-json\/wp\/v2\/posts"}],"about":[{"href":"https:\/\/redsemlac.com\/semmexico\/wp-json\/wp\/v2\/types\/post"}],"author":[{"embeddable":true,"href":"https:\/\/redsemlac.com\/semmexico\/wp-json\/wp\/v2\/users\/3"}],"replies":[{"embeddable":true,"href":"https:\/\/redsemlac.com\/semmexico\/wp-json\/wp\/v2\/comments?post=17887"}],"version-history":[{"count":0,"href":"https:\/\/redsemlac.com\/semmexico\/wp-json\/wp\/v2\/posts\/17887\/revisions"}],"wp:featuredmedia":[{"embeddable":true,"href":"https:\/\/redsemlac.com\/semmexico\/wp-json\/wp\/v2\/media\/17888"}],"wp:attachment":[{"href":"https:\/\/redsemlac.com\/semmexico\/wp-json\/wp\/v2\/media?parent=17887"}],"wp:term":[{"taxonomy":"category","embeddable":true,"href":"https:\/\/redsemlac.com\/semmexico\/wp-json\/wp\/v2\/categories?post=17887"},{"taxonomy":"post_tag","embeddable":true,"href":"https:\/\/redsemlac.com\/semmexico\/wp-json\/wp\/v2\/tags?post=17887"}],"curies":[{"name":"wp","href":"https:\/\/api.w.org\/{rel}","templated":true}]}}