{"id":17883,"date":"2020-03-08T01:49:23","date_gmt":"2020-03-08T01:49:23","guid":{"rendered":"https:\/\/redsemlac.com\/semmexico\/?p=17883"},"modified":"2023-07-21T15:21:04","modified_gmt":"2023-07-21T20:21:04","slug":"guerrero-127","status":"publish","type":"post","link":"https:\/\/redsemlac.com\/semmexico\/guerrero-127\/","title":{"rendered":"Gobierno de Guerrero fall\u00f3 al frenar la violencia feminicida, reconoce Astudillo Flores"},"content":{"rendered":"\n<ul class=\"wp-block-list\"><li><strong>Afirma que en enero de este a\u00f1o,  en la entidad no se registr\u00f3 un solo feminicidio.<\/strong><\/li><li><strong>Ofrece buscar incidir en pol\u00edticas p\u00fablicas de desarrollo para las mujeres de los pueblos  originarios.<\/strong><\/li><\/ul>\n\n\n\n<p class=\"wp-block-paragraph\"><strong>Josefina\nAguilar Pastor <\/strong><\/p>\n\n\n\n<p class=\"wp-block-paragraph\">SemM\u00e9xico. Chilpancingo, Guerrero, 07 de marzo de 2020.- Reconoce el gobernador H\u00e9ctor Astudillo Flores, falla del gobierno para frenar la violencia\u00a0 feminicida en Guerrero, propuso cambiar el nombre de violencia sexual y dejarla solo en violencia contra la mujer, ofrece buscar incidir en pol\u00edticas p\u00fablicas de desarrollo para las mujeres de los pueblos originarios, afirm\u00f3 que en enero de este a\u00f1o, en la entidad no se registr\u00f3 un solo feminicidio.<\/p>\n\n\n\n<p class=\"wp-block-paragraph\">En el marco del D\u00eda Internacional de\nla Mujer, el mandatario estatal, ofreci\u00f3 un desayuno a mujeres, activistas,\nprofesionistas, empeladas, entre otras donde tambi\u00e9n entreg\u00f3 reconocimiento a\nalgunas de ellas por su trabajo realizado, y ofreci\u00f3 procesar las&nbsp; conclusiones a las que llegaron las participantes\ndel foro Tu Voz, tu Poder\u201d, realizado este jueves, concretarlas en&nbsp; pol\u00edticas p\u00fablicas que puedan darle a la\nmujer guerrerense.<\/p>\n\n\n\n<p class=\"wp-block-paragraph\">En el trascurso del evento, el\nejecutivo estatal, hizo entrega de reconocimiento a distintas mujeres por su\ntrabajo realizado, entre ellas, a Hermelinda Tiburcio Cayetano, misma quien le\ndevolvi\u00f3 el dicho reconocimiento y le pidi\u00f3 que se lo entregue transformado en\npol\u00edticas p\u00fablicas a favor de las mujeres de Guerrero; el gobernador, se\ncomprometi\u00f3 en hacerlo pronto.<\/p>\n\n\n\n<p class=\"wp-block-paragraph\">El mandatario hizo una auto\nevaluaci\u00f3n de los avances que se han dado a favor de las mujeres en su\nadministraci\u00f3n, como en el \u00e1mbito pol\u00edtico, aunque reconoci\u00f3 a\u00fan falta m\u00e1s; en\nla inclusi\u00f3n social, en las instituciones en el pa\u00eds, \u201c\u00bfpero saben d\u00f3nde no\nhemos avanzado? \u2013Cuestion\u00f3-, no hemos avanzado en el respeto, en ser capaces de\ndisminuir las agresiones, los feminicidios y ah\u00ed es donde creo que tenemos que\nconcentrarnos muchos, pero tambi\u00e9n muchas para poder hacer algo m\u00e1s\u201d, sostuvo.<\/p>\n\n\n\n<p class=\"wp-block-paragraph\">Coment\u00f3 que para atender la violencia\nsexual, alguien dijo, &nbsp;le propuso cambiar\nel nombre de agresiones sexuales, \u201cdelitos contra la mujer\u201d, crear una oficina\nestatal y nacional y generar un cambio respecto a este tipo de violencia,\n\u201cporque no solo son delitos de car\u00e1cter sexual, argument\u00f3 Astudillo Flores, \u201cson\ndelitos que atetan su integridad f\u00edsica, su&nbsp;\nintegridad emocional, no solamente un golpe, una agresi\u00f3n f\u00edsica afecta,\nafecta una agresi\u00f3n emocional que muchas veces, causan da\u00f1o, cuando se\ndescalifica, cuando se ofende\u201d.<\/p>\n\n\n\n<p class=\"wp-block-paragraph\">Destac\u00f3 la importancia del respeto que\ndijo, se ha venido perdiendo a pesar de ser parte de la vida fundamental de la\nsociedad, hacia las mujeres, las adolescentes y las ni\u00f1as. Y es un tema en el\nque admiti\u00f3, el gobierno tiene que hacer mucho, mucho m\u00e1s.<\/p>\n\n\n\n<p class=\"wp-block-paragraph\">De acuerdo al Secretariado Ejecutivo\ndel Sistema Nacional de Seguridad P\u00fablica, refiri\u00f3 Astudillo Flores,&nbsp; de enero a agosto del 2019, Guerrero ocup\u00f3 el\nlugar 16 nacional por presuntos feminicidios por cada 100 mil mujeres; al\nfinalizar el a\u00f1o, se ubic\u00f3 en la 19 posici\u00f3n; en enero de 2020, reportaron 72\npresuntos feminicidios; seis Estados entre ellos Guerrero, result\u00f3 en cero.<\/p>\n\n\n\n<p class=\"wp-block-paragraph\">\u201cLos feminicidios nos lastiman a todas\ny todos\u201d, asinti\u00f3 el mandatario, y reiter\u00f3 su voluntad de seguir combatiendo\ntodo lo que tiene que ver con la inseguridad y especialmente las agresiones a\nlas mujeres; exhort\u00f3 a la fiscal\u00eda a buscar un mecanismo menos traum\u00e1tico para\nenfrentar alg\u00fan problema que tiene que ver con la mujer.<\/p>\n\n\n\n<p class=\"wp-block-paragraph\">Reconoci\u00f3 que la mujer no solo es\nagredida cuando la golpean, insultan, tambi\u00e9n cuando pierde a&nbsp; su esposo, hermano,&nbsp; hijo, porque sufre persecuci\u00f3n que es muy\ndelicado y entonces reconoci\u00f3, es doblemente violentada y agredida.<\/p>\n\n\n\n<p class=\"wp-block-paragraph\">SEM\/ja\/IL<\/p>\n","protected":false},"excerpt":{"rendered":"<p>Afirma que en enero de este a\u00f1o,  en la entidad no se registr\u00f3 un solo feminicidio.<\/p>\n","protected":false},"author":3,"featured_media":17884,"comment_status":"open","ping_status":"open","sticky":false,"template":"","format":"standard","meta":{"_monsterinsights_skip_tracking":false,"footnotes":""},"categories":[691,51],"tags":[],"class_list":["post-17883","post","type-post","status-publish","format-standard","has-post-thumbnail","category-691","category-ejecutivo"],"_links":{"self":[{"href":"https:\/\/redsemlac.com\/semmexico\/wp-json\/wp\/v2\/posts\/17883","targetHints":{"allow":["GET"]}}],"collection":[{"href":"https:\/\/redsemlac.com\/semmexico\/wp-json\/wp\/v2\/posts"}],"about":[{"href":"https:\/\/redsemlac.com\/semmexico\/wp-json\/wp\/v2\/types\/post"}],"author":[{"embeddable":true,"href":"https:\/\/redsemlac.com\/semmexico\/wp-json\/wp\/v2\/users\/3"}],"replies":[{"embeddable":true,"href":"https:\/\/redsemlac.com\/semmexico\/wp-json\/wp\/v2\/comments?post=17883"}],"version-history":[{"count":0,"href":"https:\/\/redsemlac.com\/semmexico\/wp-json\/wp\/v2\/posts\/17883\/revisions"}],"wp:featuredmedia":[{"embeddable":true,"href":"https:\/\/redsemlac.com\/semmexico\/wp-json\/wp\/v2\/media\/17884"}],"wp:attachment":[{"href":"https:\/\/redsemlac.com\/semmexico\/wp-json\/wp\/v2\/media?parent=17883"}],"wp:term":[{"taxonomy":"category","embeddable":true,"href":"https:\/\/redsemlac.com\/semmexico\/wp-json\/wp\/v2\/categories?post=17883"},{"taxonomy":"post_tag","embeddable":true,"href":"https:\/\/redsemlac.com\/semmexico\/wp-json\/wp\/v2\/tags?post=17883"}],"curies":[{"name":"wp","href":"https:\/\/api.w.org\/{rel}","templated":true}]}}